{"id":10524,"date":"2022-06-01T11:35:59","date_gmt":"2022-06-01T09:35:59","guid":{"rendered":"https:\/\/agora.xtec.cat\/credv\/?p=10524"},"modified":"2022-06-01T11:48:21","modified_gmt":"2022-06-01T09:48:21","slug":"participacio-a-lentrega-de-premis-de-les-proves-cangur-2022","status":"publish","type":"post","link":"https:\/\/agora.xtec.cat\/credv\/portada\/participacio-a-lentrega-de-premis-de-les-proves-cangur-2022\/","title":{"rendered":"Participaci\u00f3 a l&#8217;entrega de premis de les proves Cangur 2022"},"content":{"rendered":"<p><img loading=\"lazy\" decoding=\"async\" class=\"size-medium wp-image-10525 aligncenter\" src=\"https:\/\/agora.xtec.cat\/credv\/wp-content\/uploads\/usu1287\/2022\/06\/f1-300x192.jpg\" alt=\"\" width=\"300\" height=\"192\" srcset=\"https:\/\/agora.xtec.cat\/credv\/wp-content\/uploads\/usu1287\/2022\/06\/f1-300x192.jpg 300w, https:\/\/agora.xtec.cat\/credv\/wp-content\/uploads\/usu1287\/2022\/06\/f1-1024x655.jpg 1024w, https:\/\/agora.xtec.cat\/credv\/wp-content\/uploads\/usu1287\/2022\/06\/f1-768x492.jpg 768w, https:\/\/agora.xtec.cat\/credv\/wp-content\/uploads\/usu1287\/2022\/06\/f1-1536x983.jpg 1536w, https:\/\/agora.xtec.cat\/credv\/wp-content\/uploads\/usu1287\/2022\/06\/f1.jpg 1600w\" sizes=\"auto, (max-width: 300px) 100vw, 300px\" \/><\/p>\n<p>El passat 23 de maig, la Irene Ginebra (Directora T\u00e8cnica Pedag\u00f2gica del CREDV-CRE ONCE Barcelona) i la Marta Baldrich (Coordinadora del SARTD), v\u00e0rem tenir l\u2019oportunitat de participar a l\u2019entrega dels premis de les proves Cangur 2022, organitzades per la Societat Catalana de les Matem\u00e0tiques, que va tenir lloc al Palau de Congressos de la Fira de Barcelona.<\/p>\n<p>Va ser un acte molt emotiu i de reconeixement al talent matem\u00e0tic de molts alumnes de Catalunya, al seu professorat i a les seves fam\u00edlies. \u00a0Des del CREDV-CRE ONCE Barcelona, v\u00e0rem tenir l\u2019oportunitat de dirigir unes paraules a tots els assistents, explicant la tasca que portem a terme i que cada vegada m\u00e9s, hi ha m\u00e9s alumnes amb discapacitat visual que s\u2019hi presenten.<\/p>\n<p><img loading=\"lazy\" decoding=\"async\" class=\"size-medium wp-image-10528 aligncenter\" src=\"https:\/\/agora.xtec.cat\/credv\/wp-content\/uploads\/usu1287\/2022\/06\/f4-300x226.jpg\" alt=\"Proves cangur\" width=\"300\" height=\"226\" srcset=\"https:\/\/agora.xtec.cat\/credv\/wp-content\/uploads\/usu1287\/2022\/06\/f4-300x226.jpg 300w, https:\/\/agora.xtec.cat\/credv\/wp-content\/uploads\/usu1287\/2022\/06\/f4-1024x771.jpg 1024w, https:\/\/agora.xtec.cat\/credv\/wp-content\/uploads\/usu1287\/2022\/06\/f4-768x578.jpg 768w, https:\/\/agora.xtec.cat\/credv\/wp-content\/uploads\/usu1287\/2022\/06\/f4-1536x1157.jpg 1536w, https:\/\/agora.xtec.cat\/credv\/wp-content\/uploads\/usu1287\/2022\/06\/f4-200x150.jpg 200w, https:\/\/agora.xtec.cat\/credv\/wp-content\/uploads\/usu1287\/2022\/06\/f4.jpg 2040w\" sizes=\"auto, (max-width: 300px) 100vw, 300px\" \/><\/p>\n","protected":false},"excerpt":{"rendered":"<p>El passat 23 de maig, la Irene Ginebra (Directora T\u00e8cnica Pedag\u00f2gica del CREDV-CRE ONCE Barcelona) i la Marta Baldrich (Coordinadora del SARTD), v\u00e0rem tenir l\u2019oportunitat de participar a l\u2019entrega dels premis de les proves Cangur 2022, organitzades per la Societat Catalana de les Matem\u00e0tiques, que&hellip;  <a href=\"https:\/\/agora.xtec.cat\/credv\/portada\/participacio-a-lentrega-de-premis-de-les-proves-cangur-2022\/\" title=\"Read Participaci\u00f3 a l&#8217;entrega de premis de les proves Cangur 2022\">Llegeix m\u00e9s\u00bb<\/a><\/p>\n","protected":false},"author":1,"featured_media":10526,"comment_status":"closed","ping_status":"closed","sticky":false,"template":"","format":"standard","meta":{"_bbp_topic_count":0,"_bbp_reply_count":0,"_bbp_total_topic_count":0,"_bbp_total_reply_count":0,"_bbp_voice_count":0,"_bbp_anonymous_reply_count":0,"_bbp_topic_count_hidden":0,"_bbp_reply_count_hidden":0,"_bbp_forum_subforum_count":0,"footnotes":""},"categories":[273],"tags":[416,429,562],"class_list":["post-10524","post","type-post","status-publish","format-standard","has-post-thumbnail","hentry","category-portada","tag-matematiques","tag-premis","tag-proves-cangur"],"post_mailing_queue_ids":[],"_links":{"self":[{"href":"https:\/\/agora.xtec.cat\/credv\/wp-json\/wp\/v2\/posts\/10524","targetHints":{"allow":["GET"]}}],"collection":[{"href":"https:\/\/agora.xtec.cat\/credv\/wp-json\/wp\/v2\/posts"}],"about":[{"href":"https:\/\/agora.xtec.cat\/credv\/wp-json\/wp\/v2\/types\/post"}],"author":[{"embeddable":true,"href":"https:\/\/agora.xtec.cat\/credv\/wp-json\/wp\/v2\/users\/1"}],"replies":[{"embeddable":true,"href":"https:\/\/agora.xtec.cat\/credv\/wp-json\/wp\/v2\/comments?post=10524"}],"version-history":[{"count":3,"href":"https:\/\/agora.xtec.cat\/credv\/wp-json\/wp\/v2\/posts\/10524\/revisions"}],"predecessor-version":[{"id":10531,"href":"https:\/\/agora.xtec.cat\/credv\/wp-json\/wp\/v2\/posts\/10524\/revisions\/10531"}],"wp:featuredmedia":[{"embeddable":true,"href":"https:\/\/agora.xtec.cat\/credv\/wp-json\/wp\/v2\/media\/10526"}],"wp:attachment":[{"href":"https:\/\/agora.xtec.cat\/credv\/wp-json\/wp\/v2\/media?parent=10524"}],"wp:term":[{"taxonomy":"category","embeddable":true,"href":"https:\/\/agora.xtec.cat\/credv\/wp-json\/wp\/v2\/categories?post=10524"},{"taxonomy":"post_tag","embeddable":true,"href":"https:\/\/agora.xtec.cat\/credv\/wp-json\/wp\/v2\/tags?post=10524"}],"curies":[{"name":"wp","href":"https:\/\/api.w.org\/{rel}","templated":true}]}}