{"id":10505,"date":"2022-06-01T10:45:01","date_gmt":"2022-06-01T08:45:01","guid":{"rendered":"https:\/\/agora.xtec.cat\/credv\/?p=10505"},"modified":"2022-06-01T10:45:01","modified_gmt":"2022-06-01T08:45:01","slug":"2a-jornada-formativa-del-grup-de-treball-daltres-trastorns","status":"publish","type":"post","link":"https:\/\/agora.xtec.cat\/credv\/professionals\/2a-jornada-formativa-del-grup-de-treball-daltres-trastorns\/","title":{"rendered":"2a Jornada formativa del grup de treball d&#8217;altres trastorns"},"content":{"rendered":"<p><a href=\"https:\/\/agora.xtec.cat\/credv\/wp-content\/uploads\/usu1287\/2022\/05\/dsc0206.jpg\"><img loading=\"lazy\" decoding=\"async\" class=\"alignnone size-full wp-image-10502\" src=\"https:\/\/agora.xtec.cat\/credv\/wp-content\/uploads\/usu1287\/2022\/05\/dsc0206.jpg\" alt=\"\" width=\"600\" height=\"400\" srcset=\"https:\/\/agora.xtec.cat\/credv\/wp-content\/uploads\/usu1287\/2022\/05\/dsc0206.jpg 600w, https:\/\/agora.xtec.cat\/credv\/wp-content\/uploads\/usu1287\/2022\/05\/dsc0206-300x200.jpg 300w\" sizes=\"auto, (max-width: 600px) 100vw, 600px\" \/><\/a><br \/>\nEl 17 de maig de 2022, el grup de treball Atenci\u00f3 a l\u2019escola de persones amb discapacitat visual i altres trastorns format per Teresa Ib\u00e1\u00f1ez, Georgina Prats, Dunia Pe\u00f1a, Marta Vila, David Ramos, S\u00edlvia Suri\u00f1ach i Francesc Mena va organitzar una segona jornada de formaci\u00f3 pels professionals del CREDV \u2013 CRE ONCE Barcelona amb l\u2019objectiu de transferir coneixements. Hi van assistir 25 professionals a la sala d\u2019audiovisuals i la resta en connexi\u00f3 per Zoom. La sessi\u00f3 es va iniciar amb una s\u00e8rie de preguntes sobre coneixements previs dels assistents i amb un debat en petits grups sobre conceptes b\u00e0sics. Posteriorment es van presentar uns minuts de v\u00eddeo d\u2019una pon\u00e8ncia sobre neuroftalmologia i una guia que ha elaborat el grup de treball. Montse Orta va cloure la jornada amb l\u2019aportaci\u00f3 amb imatges de la seva intervenci\u00f3 i experi\u00e8ncia en una escola d\u2019educaci\u00f3 especial. La din\u00e0mica general de la sessi\u00f3 va permetre que els continguts arribessin a tots els assistents.<br \/>\n<a href=\"https:\/\/agora.xtec.cat\/credv\/wp-content\/uploads\/usu1287\/2022\/05\/Hnet.com-image.jpg\"><img loading=\"lazy\" decoding=\"async\" class=\"alignnone size-full wp-image-10501\" src=\"https:\/\/agora.xtec.cat\/credv\/wp-content\/uploads\/usu1287\/2022\/05\/Hnet.com-image.jpg\" alt=\"\" width=\"600\" height=\"400\" srcset=\"https:\/\/agora.xtec.cat\/credv\/wp-content\/uploads\/usu1287\/2022\/05\/Hnet.com-image.jpg 600w, https:\/\/agora.xtec.cat\/credv\/wp-content\/uploads\/usu1287\/2022\/05\/Hnet.com-image-300x200.jpg 300w\" sizes=\"auto, (max-width: 600px) 100vw, 600px\" \/><\/a><\/p>\n","protected":false},"excerpt":{"rendered":"<p><a href=\"https:\/\/agora.xtec.cat\/credv\/wp-content\/uploads\/usu1287\/2022\/05\/dsc0206.jpg\"><\/a><br \/>\nEl 17 de maig de 2022, el grup de treball Atenci\u00f3 a l\u2019escola de persones amb discapacitat visual i altres trastorns format per Teresa Ib\u00e1\u00f1ez, Georgina Prats, Dunia Pe\u00f1a, Marta Vila, David Ramos, S\u00edlvia Suri\u00f1ach i Francesc Mena va organitzar una segona jornada de&hellip;  <a href=\"https:\/\/agora.xtec.cat\/credv\/professionals\/2a-jornada-formativa-del-grup-de-treball-daltres-trastorns\/\" title=\"Read 2a Jornada formativa del grup de treball d&#8217;altres trastorns\">Llegeix m\u00e9s\u00bb<\/a><\/p>\n","protected":false},"author":45,"featured_media":10502,"comment_status":"closed","ping_status":"closed","sticky":false,"template":"","format":"standard","meta":{"_bbp_topic_count":0,"_bbp_reply_count":0,"_bbp_total_topic_count":0,"_bbp_total_reply_count":0,"_bbp_voice_count":0,"_bbp_anonymous_reply_count":0,"_bbp_topic_count_hidden":0,"_bbp_reply_count_hidden":0,"_bbp_forum_subforum_count":0,"footnotes":""},"categories":[288,273,264],"tags":[557],"class_list":["post-10505","post","type-post","status-publish","format-standard","has-post-thumbnail","hentry","category-formacio","category-portada","category-professionals","tag-pluridiscapacitat"],"post_mailing_queue_ids":[],"_links":{"self":[{"href":"https:\/\/agora.xtec.cat\/credv\/wp-json\/wp\/v2\/posts\/10505","targetHints":{"allow":["GET"]}}],"collection":[{"href":"https:\/\/agora.xtec.cat\/credv\/wp-json\/wp\/v2\/posts"}],"about":[{"href":"https:\/\/agora.xtec.cat\/credv\/wp-json\/wp\/v2\/types\/post"}],"author":[{"embeddable":true,"href":"https:\/\/agora.xtec.cat\/credv\/wp-json\/wp\/v2\/users\/45"}],"replies":[{"embeddable":true,"href":"https:\/\/agora.xtec.cat\/credv\/wp-json\/wp\/v2\/comments?post=10505"}],"version-history":[{"count":3,"href":"https:\/\/agora.xtec.cat\/credv\/wp-json\/wp\/v2\/posts\/10505\/revisions"}],"predecessor-version":[{"id":10516,"href":"https:\/\/agora.xtec.cat\/credv\/wp-json\/wp\/v2\/posts\/10505\/revisions\/10516"}],"wp:featuredmedia":[{"embeddable":true,"href":"https:\/\/agora.xtec.cat\/credv\/wp-json\/wp\/v2\/media\/10502"}],"wp:attachment":[{"href":"https:\/\/agora.xtec.cat\/credv\/wp-json\/wp\/v2\/media?parent=10505"}],"wp:term":[{"taxonomy":"category","embeddable":true,"href":"https:\/\/agora.xtec.cat\/credv\/wp-json\/wp\/v2\/categories?post=10505"},{"taxonomy":"post_tag","embeddable":true,"href":"https:\/\/agora.xtec.cat\/credv\/wp-json\/wp\/v2\/tags?post=10505"}],"curies":[{"name":"wp","href":"https:\/\/api.w.org\/{rel}","templated":true}]}}