{"id":10489,"date":"2022-05-13T13:30:46","date_gmt":"2022-05-13T11:30:46","guid":{"rendered":"https:\/\/agora.xtec.cat\/credv\/?p=10489"},"modified":"2022-05-13T13:30:46","modified_gmt":"2022-05-13T11:30:46","slug":"ens-visita-la-directora-general-deducacio-inclusiva-i-llengues","status":"publish","type":"post","link":"https:\/\/agora.xtec.cat\/credv\/portada\/ens-visita-la-directora-general-deducacio-inclusiva-i-llengues\/","title":{"rendered":"Ens visita la Directora General d&#8217;Educaci\u00f3 Inclusiva i lleng\u00fces"},"content":{"rendered":"\r\n\t<div class=\"slideshow_container slideshow_container_style-light\" style=\"height: 400px; \" data-slideshow-id=\"10490\" data-style-name=\"style-light\" data-style-version=\"2.3.1\" >\r\n\r\n\t\t\t\t\t<div class=\"slideshow_loading_icon\"><\/div>\r\n\t\t\r\n\t\t<div class=\"slideshow_content\" style=\"display: none;\">\r\n\r\n\t\t\t<div class=\"slideshow_view\">\r\n\t\t\t\t<div class=\"slideshow_slide slideshow_slide_image\">\r\n\t\t\t\t\t\t\t\t\t\t\t<img src=\"https:\/\/agora.xtec.cat\/credv\/wp-content\/uploads\/usu1287\/2022\/05\/20220511_121600.jpg\" alt=\"Observant mecanismes\" width=\"2016\" height=\"1134\" \/>\r\n\t\t\t\t\t\t\t\t\t\t<div class=\"slideshow_description_box slideshow_transparent\">\r\n\t\t\t\t\t\t<div class=\"slideshow_title\">Observant mecanismes<\/div>\t\t\t\t\t\t\t\t\t\t\t<\/div>\r\n\t\t\t\t<\/div>\r\n\r\n\t\t\t\t\t\t<div style=\"clear: both;\"><\/div><\/div><div class=\"slideshow_view\">\r\n\t\t\t\t<div class=\"slideshow_slide slideshow_slide_image\">\r\n\t\t\t\t\t\t\t\t\t\t\t<img src=\"https:\/\/agora.xtec.cat\/credv\/wp-content\/uploads\/usu1287\/2022\/05\/20220511_121629.jpg\" alt=\"Funcionament del mecanisme\" width=\"2016\" height=\"1134\" \/>\r\n\t\t\t\t\t\t\t\t\t\t<div class=\"slideshow_description_box slideshow_transparent\">\r\n\t\t\t\t\t\t<div class=\"slideshow_title\">Funcionament del mecanisme<\/div>\t\t\t\t\t\t\t\t\t\t\t<\/div>\r\n\t\t\t\t<\/div>\r\n\r\n\t\t\t\t\t\t<div style=\"clear: both;\"><\/div><\/div><div class=\"slideshow_view\">\r\n\t\t\t\t<div class=\"slideshow_slide slideshow_slide_image\">\r\n\t\t\t\t\t\t\t\t\t\t\t<img src=\"https:\/\/agora.xtec.cat\/credv\/wp-content\/uploads\/usu1287\/2022\/05\/20220511_123227.jpg\" alt=\"Treballem amb l\u00ednea braille\" width=\"2016\" height=\"1134\" \/>\r\n\t\t\t\t\t\t\t\t\t\t<div class=\"slideshow_description_box slideshow_transparent\">\r\n\t\t\t\t\t\t<div class=\"slideshow_title\">Treballem amb l\u00ednea braille<\/div>\t\t\t\t\t\t\t\t\t\t\t<\/div>\r\n\t\t\t\t<\/div>\r\n\r\n\t\t\t\t\t\t<div style=\"clear: both;\"><\/div><\/div><div class=\"slideshow_view\">\r\n\t\t\t\t<div class=\"slideshow_slide slideshow_slide_image\">\r\n\t\t\t\t\t\t\t\t\t\t\t<img src=\"https:\/\/agora.xtec.cat\/credv\/wp-content\/uploads\/usu1287\/2022\/05\/20220511_123854.jpg\" alt=\"Lloc d&#039;estudi amb lupa televisi\u00f3\" width=\"2016\" height=\"1134\" \/>\r\n\t\t\t\t\t\t\t\t\t\t<div class=\"slideshow_description_box slideshow_transparent\">\r\n\t\t\t\t\t\t<div class=\"slideshow_title\">Lloc d&#039;estudi amb lupa televisi\u00f3<\/div>\t\t\t\t\t\t\t\t\t\t\t<\/div>\r\n\t\t\t\t<\/div>\r\n\r\n\t\t\t\t\t\t<div style=\"clear: both;\"><\/div><\/div><div class=\"slideshow_view\">\r\n\t\t\t\t<div class=\"slideshow_slide slideshow_slide_image\">\r\n\t\t\t\t\t\t\t\t\t\t\t<img src=\"https:\/\/agora.xtec.cat\/credv\/wp-content\/uploads\/usu1287\/2022\/05\/20220511_124543.jpg\" alt=\"Ensenyem vida di\u00e0ria i mobilitat als alumnes\" width=\"2016\" height=\"1134\" \/>\r\n\t\t\t\t\t\t\t\t\t\t<div class=\"slideshow_description_box slideshow_transparent\">\r\n\t\t\t\t\t\t<div class=\"slideshow_title\">Ensenyem vida di\u00e0ria i mobilitat als alumnes<\/div>\t\t\t\t\t\t\t\t\t\t\t<\/div>\r\n\t\t\t\t<\/div>\r\n\r\n\t\t\t\t\t\t<div style=\"clear: both;\"><\/div><\/div>\r\n\t\t<\/div>\r\n\r\n\t\t<div class=\"slideshow_controlPanel slideshow_transparent\" style=\"display: none;\"><ul><li class=\"slideshow_togglePlay\" data-play-text=\"Visualitza\" data-pause-text=\"Pausa\"><\/li><\/ul><\/div>\r\n\r\n\t\t<div class=\"slideshow_button slideshow_previous slideshow_transparent\" role=\"button\" data-previous-text=\"Anterior\" style=\"display: none;\"><\/div>\r\n\t\t<div class=\"slideshow_button slideshow_next slideshow_transparent\" role=\"button\" data-next-text=\"Seg\u00fcent\" style=\"display: none;\"><\/div>\r\n\r\n\t\t<div class=\"slideshow_pagination\" style=\"display: none;\" data-go-to-text=\"V\u00e9s a la diapositiva\"><div class=\"slideshow_pagination_center\"><\/div><\/div>\r\n\r\n\t\t<!-- WordPress Slideshow Version 2.3.1 -->\r\n\r\n\t\t\t<\/div>\r\n\r\n\n<p>El dimecres 11 de maig la\u00a0Sra. Susana Naranjo, Directora General d\u2019Educaci\u00f3 Inclusiva i Lleng\u00fces de la Generalitat, acompanyada de la Sra. Prudens Mart\u00ednez, cap del Servei de Suports i Mesures per a la Inclusi\u00f3 van visitar les instal\u00b7lacions del CREDV-CRE ONCE Barcelona (Servei Educatiu compartit Departament Educaci\u00f3 \u2013 ONCE).<\/p>\n<p>El Director Sr. Manel Eiximeno i la Directora pedag\u00f2gica Sra. Irene Ginebra els van mostrar entre d&#8217;altres coses una exposici\u00f3 amb els recursos del Servei Educatiu CREDV-CRE ONCE Barcelona que s&#8217;utilitzen en la tasca de suport a les escoles als alumnes amb discapacitat visual.<\/p>\n","protected":false},"excerpt":{"rendered":"<p>\t\t\t\t\t\tObservant mecanismes\t\t\t\t\t\t\t\t\t\t\t<\/p>\n<p>\t\t\t\t\t\tFuncionament del mecanisme\t\t\t\t\t\t\t\t\t\t\t<\/p>\n<p>\t\t\t\t\t\tTreballem amb l\u00ednea braille\t\t\t\t\t\t\t\t\t\t\t<\/p>\n<p>\t\t\t\t\t\tLloc d&#039;estudi amb lupa televisi\u00f3\t\t\t\t\t\t\t\t\t\t\t<\/p>\n<p>\t\t\t\t\t\tEnsenyem vida di\u00e0ria i mobilitat als alumnes\t\t\t\t\t\t\t\t\t\t\t<\/p>\n<ul>\n<li class=\"slideshow_togglePlay\" data-play-text=\"Visualitza\" data-pause-text=\"Pausa\"><\/li>\n<\/ul>\n<p>El dimecres 11 de maig la\u00a0Sra. Susana Naranjo, Directora General d\u2019Educaci\u00f3 Inclusiva i Lleng\u00fces de la Generalitat, acompanyada de la Sra. Prudens Mart\u00ednez, cap del Servei&hellip;  <a href=\"https:\/\/agora.xtec.cat\/credv\/portada\/ens-visita-la-directora-general-deducacio-inclusiva-i-llengues\/\" title=\"Read Ens visita la Directora General d&#8217;Educaci\u00f3 Inclusiva i lleng\u00fces\">Llegeix m\u00e9s\u00bb<\/a><\/p>\n","protected":false},"author":1,"featured_media":10491,"comment_status":"closed","ping_status":"closed","sticky":false,"template":"","format":"standard","meta":{"_bbp_topic_count":0,"_bbp_reply_count":0,"_bbp_total_topic_count":0,"_bbp_total_reply_count":0,"_bbp_voice_count":0,"_bbp_anonymous_reply_count":0,"_bbp_topic_count_hidden":0,"_bbp_reply_count_hidden":0,"_bbp_forum_subforum_count":0,"footnotes":""},"categories":[273],"tags":[558],"class_list":["post-10489","post","type-post","status-publish","format-standard","has-post-thumbnail","hentry","category-portada","tag-visites"],"post_mailing_queue_ids":[],"_links":{"self":[{"href":"https:\/\/agora.xtec.cat\/credv\/wp-json\/wp\/v2\/posts\/10489","targetHints":{"allow":["GET"]}}],"collection":[{"href":"https:\/\/agora.xtec.cat\/credv\/wp-json\/wp\/v2\/posts"}],"about":[{"href":"https:\/\/agora.xtec.cat\/credv\/wp-json\/wp\/v2\/types\/post"}],"author":[{"embeddable":true,"href":"https:\/\/agora.xtec.cat\/credv\/wp-json\/wp\/v2\/users\/1"}],"replies":[{"embeddable":true,"href":"https:\/\/agora.xtec.cat\/credv\/wp-json\/wp\/v2\/comments?post=10489"}],"version-history":[{"count":2,"href":"https:\/\/agora.xtec.cat\/credv\/wp-json\/wp\/v2\/posts\/10489\/revisions"}],"predecessor-version":[{"id":10497,"href":"https:\/\/agora.xtec.cat\/credv\/wp-json\/wp\/v2\/posts\/10489\/revisions\/10497"}],"wp:featuredmedia":[{"embeddable":true,"href":"https:\/\/agora.xtec.cat\/credv\/wp-json\/wp\/v2\/media\/10491"}],"wp:attachment":[{"href":"https:\/\/agora.xtec.cat\/credv\/wp-json\/wp\/v2\/media?parent=10489"}],"wp:term":[{"taxonomy":"category","embeddable":true,"href":"https:\/\/agora.xtec.cat\/credv\/wp-json\/wp\/v2\/categories?post=10489"},{"taxonomy":"post_tag","embeddable":true,"href":"https:\/\/agora.xtec.cat\/credv\/wp-json\/wp\/v2\/tags?post=10489"}],"curies":[{"name":"wp","href":"https:\/\/api.w.org\/{rel}","templated":true}]}}