{"id":10482,"date":"2022-05-10T11:08:34","date_gmt":"2022-05-10T09:08:34","guid":{"rendered":"https:\/\/agora.xtec.cat\/credv\/?p=10482"},"modified":"2022-05-10T11:08:34","modified_gmt":"2022-05-10T09:08:34","slug":"xvia-trobada-musica-a-les-mans","status":"publish","type":"post","link":"https:\/\/agora.xtec.cat\/credv\/families\/xvia-trobada-musica-a-les-mans\/","title":{"rendered":"XVI\u00aa Trobada \u201cM\u00fasica a les mans\u201d"},"content":{"rendered":"<p>&nbsp;<\/p>\n<p><a href=\"https:\/\/agora.xtec.cat\/credv\/wp-content\/uploads\/usu1287\/2022\/05\/IMATGE-MUSICA-A-LES-MANS-scaled.jpg\"><img loading=\"lazy\" decoding=\"async\" class=\"alignnone wp-image-10483\" src=\"https:\/\/agora.xtec.cat\/credv\/wp-content\/uploads\/usu1287\/2022\/05\/IMATGE-MUSICA-A-LES-MANS-813x1024.jpg\" alt=\"Sobre un text en braille hi ha unes mans que unes mans que sostenen una clau de sol i diferents notes musicals\" width=\"297\" height=\"374\" srcset=\"https:\/\/agora.xtec.cat\/credv\/wp-content\/uploads\/usu1287\/2022\/05\/IMATGE-MUSICA-A-LES-MANS-813x1024.jpg 813w, https:\/\/agora.xtec.cat\/credv\/wp-content\/uploads\/usu1287\/2022\/05\/IMATGE-MUSICA-A-LES-MANS-238x300.jpg 238w, https:\/\/agora.xtec.cat\/credv\/wp-content\/uploads\/usu1287\/2022\/05\/IMATGE-MUSICA-A-LES-MANS-768x968.jpg 768w, https:\/\/agora.xtec.cat\/credv\/wp-content\/uploads\/usu1287\/2022\/05\/IMATGE-MUSICA-A-LES-MANS-1219x1536.jpg 1219w, https:\/\/agora.xtec.cat\/credv\/wp-content\/uploads\/usu1287\/2022\/05\/IMATGE-MUSICA-A-LES-MANS-1625x2048.jpg 1625w, https:\/\/agora.xtec.cat\/credv\/wp-content\/uploads\/usu1287\/2022\/05\/IMATGE-MUSICA-A-LES-MANS-scaled.jpg 2032w\" sizes=\"auto, (max-width: 297px) 100vw, 297px\" \/><\/a><\/p>\n<p>Benvolgudes fam\u00edlies,<\/p>\n<p>Us informem que el proper dissabte 14 de maig a les 16\u201930h, celebrem la XVI\u00aa Trobada de \u201cM\u00fasica a les mans\u201d, que ser\u00e0 la primera presencial despr\u00e9s d\u2019aquests dos darrers anys. La realitzarem a l\u2019auditori de l\u2019edifici ONCE Catalunya (Gran Via de les Corts Catalanes 400, Barcelona).<\/p>\n<p>Les portes del hall de l\u2019Auditori s\u2019obriran al p\u00fablic a les 16:00 i la mostra musical-concert s\u2019iniciar\u00e0 a les 16:30 de la m\u00e0 del periodista Miquel Gonz\u00e1lez.<\/p>\n<p>Us hi esperem!<\/p>\n","protected":false},"excerpt":{"rendered":"<p>&nbsp;<br \/>\n<a href=\"https:\/\/agora.xtec.cat\/credv\/wp-content\/uploads\/usu1287\/2022\/05\/IMATGE-MUSICA-A-LES-MANS-scaled.jpg\"><\/a><br \/>\nBenvolgudes fam\u00edlies,<br \/>\nUs informem que el proper dissabte 14 de maig a les 16\u201930h, celebrem la XVI\u00aa Trobada de \u201cM\u00fasica a les mans\u201d, que ser\u00e0 la primera presencial despr\u00e9s d\u2019aquests dos darrers anys. La realitzarem a l\u2019auditori de l\u2019edifici ONCE Catalunya (Gran Via de les&hellip;  <a href=\"https:\/\/agora.xtec.cat\/credv\/families\/xvia-trobada-musica-a-les-mans\/\" title=\"Read XVI\u00aa Trobada \u201cM\u00fasica a les mans\u201d\">Llegeix m\u00e9s\u00bb<\/a><\/p>\n","protected":false},"author":166,"featured_media":10483,"comment_status":"closed","ping_status":"closed","sticky":false,"template":"","format":"standard","meta":{"_bbp_topic_count":0,"_bbp_reply_count":0,"_bbp_total_topic_count":0,"_bbp_total_reply_count":0,"_bbp_voice_count":0,"_bbp_anonymous_reply_count":0,"_bbp_topic_count_hidden":0,"_bbp_reply_count_hidden":0,"_bbp_forum_subforum_count":0,"footnotes":""},"categories":[271,273],"tags":[377],"class_list":["post-10482","post","type-post","status-publish","format-standard","has-post-thumbnail","hentry","category-families","category-portada","tag-musica"],"post_mailing_queue_ids":[],"_links":{"self":[{"href":"https:\/\/agora.xtec.cat\/credv\/wp-json\/wp\/v2\/posts\/10482","targetHints":{"allow":["GET"]}}],"collection":[{"href":"https:\/\/agora.xtec.cat\/credv\/wp-json\/wp\/v2\/posts"}],"about":[{"href":"https:\/\/agora.xtec.cat\/credv\/wp-json\/wp\/v2\/types\/post"}],"author":[{"embeddable":true,"href":"https:\/\/agora.xtec.cat\/credv\/wp-json\/wp\/v2\/users\/166"}],"replies":[{"embeddable":true,"href":"https:\/\/agora.xtec.cat\/credv\/wp-json\/wp\/v2\/comments?post=10482"}],"version-history":[{"count":2,"href":"https:\/\/agora.xtec.cat\/credv\/wp-json\/wp\/v2\/posts\/10482\/revisions"}],"predecessor-version":[{"id":10485,"href":"https:\/\/agora.xtec.cat\/credv\/wp-json\/wp\/v2\/posts\/10482\/revisions\/10485"}],"wp:featuredmedia":[{"embeddable":true,"href":"https:\/\/agora.xtec.cat\/credv\/wp-json\/wp\/v2\/media\/10483"}],"wp:attachment":[{"href":"https:\/\/agora.xtec.cat\/credv\/wp-json\/wp\/v2\/media?parent=10482"}],"wp:term":[{"taxonomy":"category","embeddable":true,"href":"https:\/\/agora.xtec.cat\/credv\/wp-json\/wp\/v2\/categories?post=10482"},{"taxonomy":"post_tag","embeddable":true,"href":"https:\/\/agora.xtec.cat\/credv\/wp-json\/wp\/v2\/tags?post=10482"}],"curies":[{"name":"wp","href":"https:\/\/api.w.org\/{rel}","templated":true}]}}