{"id":10438,"date":"2022-04-25T14:34:12","date_gmt":"2022-04-25T12:34:12","guid":{"rendered":"https:\/\/agora.xtec.cat\/credv\/?p=10438"},"modified":"2022-04-25T14:35:37","modified_gmt":"2022-04-25T12:35:37","slug":"2a-jornada-del-curs-manifestacions-de-malestar-a-lescola","status":"publish","type":"post","link":"https:\/\/agora.xtec.cat\/credv\/professionals\/2a-jornada-del-curs-manifestacions-de-malestar-a-lescola\/","title":{"rendered":"2a jornada del curs Manifestacions de malestar a l\u2019escola"},"content":{"rendered":"<p>Amb la pres\u00e8ncia d\u2019uns 50 professionals a la sala de confer\u00e8ncies de la Delegaci\u00f3 Territorial de l\u2019ONCE i uns altres 20 d\u2019arreu de Catalunya connectats per Zoom, es va celebrar la segona jornada del curs Manifestacions de malestar a l\u2019escola pels professionals del CREDV- CRE ONCE Barcelona.<\/p>\n<p>En aquesta ocasi\u00f3 vam comptar amb la Sra. Maryam El Khayat i la Dra. Magda Rivero que van impartir la confer\u00e8ncia Una maleta massa plena: parentalitat, discapacitat i migraci\u00f3. A continuaci\u00f3, la Sra. Carme Grifoll del F\u00f2rum Salut Mental, el Sr. Xavi Nus de la Fundaci\u00f3 Pere Tarr\u00e9s, la Sra. Maite Mili\u00e1n de C\u00e0ritas Diocesana de Barcelona i la Sra. Paula Aguirre de DINCAT Federaci\u00f3 van exposar les situacions de patiment que detecten en infants, joves, fam\u00edlies i entitats alhora que les iniciatives que estan implementant per pal\u00b7liar-les. La taula rodona va donar pas al debat amb els assistents.<\/p>\n<p>La Direcci\u00f3 del CREDV-CRE ONCE Barcelona va fer l\u2019acte de clausura d\u2019una jornada que va ser ben valorada pels ponents i pels participants.<\/p>\n<p><a href=\"https:\/\/agora.xtec.cat\/credv\/wp-content\/uploads\/usu1287\/2022\/04\/20220408_120652-scaled.jpg\"><img loading=\"lazy\" decoding=\"async\" class=\"alignnone size-large wp-image-10439\" src=\"https:\/\/agora.xtec.cat\/credv\/wp-content\/uploads\/usu1287\/2022\/04\/20220408_120652-1024x768.jpg\" alt=\"\" width=\"1024\" height=\"768\" srcset=\"https:\/\/agora.xtec.cat\/credv\/wp-content\/uploads\/usu1287\/2022\/04\/20220408_120652-1024x768.jpg 1024w, https:\/\/agora.xtec.cat\/credv\/wp-content\/uploads\/usu1287\/2022\/04\/20220408_120652-300x225.jpg 300w, https:\/\/agora.xtec.cat\/credv\/wp-content\/uploads\/usu1287\/2022\/04\/20220408_120652-768x576.jpg 768w, https:\/\/agora.xtec.cat\/credv\/wp-content\/uploads\/usu1287\/2022\/04\/20220408_120652-1536x1152.jpg 1536w, https:\/\/agora.xtec.cat\/credv\/wp-content\/uploads\/usu1287\/2022\/04\/20220408_120652-2048x1536.jpg 2048w, https:\/\/agora.xtec.cat\/credv\/wp-content\/uploads\/usu1287\/2022\/04\/20220408_120652-200x150.jpg 200w\" sizes=\"auto, (max-width: 1024px) 100vw, 1024px\" \/><\/a><\/p>\n","protected":false},"excerpt":{"rendered":"<p>Amb la pres\u00e8ncia d\u2019uns 50 professionals a la sala de confer\u00e8ncies de la Delegaci\u00f3 Territorial de l\u2019ONCE i uns altres 20 d\u2019arreu de Catalunya connectats per Zoom, es va celebrar la segona jornada del curs Manifestacions de malestar a l\u2019escola pels professionals del CREDV- CRE&hellip;  <a href=\"https:\/\/agora.xtec.cat\/credv\/professionals\/2a-jornada-del-curs-manifestacions-de-malestar-a-lescola\/\" title=\"Read 2a jornada del curs Manifestacions de malestar a l\u2019escola\">Llegeix m\u00e9s\u00bb<\/a><\/p>\n","protected":false},"author":45,"featured_media":10439,"comment_status":"closed","ping_status":"closed","sticky":false,"template":"","format":"standard","meta":{"_bbp_topic_count":0,"_bbp_reply_count":0,"_bbp_total_topic_count":0,"_bbp_total_reply_count":0,"_bbp_voice_count":0,"_bbp_anonymous_reply_count":0,"_bbp_topic_count_hidden":0,"_bbp_reply_count_hidden":0,"_bbp_forum_subforum_count":0,"footnotes":""},"categories":[288,273,264],"tags":[382],"class_list":["post-10438","post","type-post","status-publish","format-standard","has-post-thumbnail","hentry","category-formacio","category-portada","category-professionals","tag-formacio"],"post_mailing_queue_ids":[],"_links":{"self":[{"href":"https:\/\/agora.xtec.cat\/credv\/wp-json\/wp\/v2\/posts\/10438","targetHints":{"allow":["GET"]}}],"collection":[{"href":"https:\/\/agora.xtec.cat\/credv\/wp-json\/wp\/v2\/posts"}],"about":[{"href":"https:\/\/agora.xtec.cat\/credv\/wp-json\/wp\/v2\/types\/post"}],"author":[{"embeddable":true,"href":"https:\/\/agora.xtec.cat\/credv\/wp-json\/wp\/v2\/users\/45"}],"replies":[{"embeddable":true,"href":"https:\/\/agora.xtec.cat\/credv\/wp-json\/wp\/v2\/comments?post=10438"}],"version-history":[{"count":3,"href":"https:\/\/agora.xtec.cat\/credv\/wp-json\/wp\/v2\/posts\/10438\/revisions"}],"predecessor-version":[{"id":10443,"href":"https:\/\/agora.xtec.cat\/credv\/wp-json\/wp\/v2\/posts\/10438\/revisions\/10443"}],"wp:featuredmedia":[{"embeddable":true,"href":"https:\/\/agora.xtec.cat\/credv\/wp-json\/wp\/v2\/media\/10439"}],"wp:attachment":[{"href":"https:\/\/agora.xtec.cat\/credv\/wp-json\/wp\/v2\/media?parent=10438"}],"wp:term":[{"taxonomy":"category","embeddable":true,"href":"https:\/\/agora.xtec.cat\/credv\/wp-json\/wp\/v2\/categories?post=10438"},{"taxonomy":"post_tag","embeddable":true,"href":"https:\/\/agora.xtec.cat\/credv\/wp-json\/wp\/v2\/tags?post=10438"}],"curies":[{"name":"wp","href":"https:\/\/api.w.org\/{rel}","templated":true}]}}