{"id":10428,"date":"2022-04-22T11:59:23","date_gmt":"2022-04-22T09:59:23","guid":{"rendered":"https:\/\/agora.xtec.cat\/credv\/?p=10428"},"modified":"2022-04-22T11:59:23","modified_gmt":"2022-04-22T09:59:23","slug":"campaments-destiu-d-t-once-catalunya","status":"publish","type":"post","link":"https:\/\/agora.xtec.cat\/credv\/families\/campaments-destiu-d-t-once-catalunya\/","title":{"rendered":"Campaments d&#8217;estiu D.T. ONCE CATALUNYA"},"content":{"rendered":"<p><img loading=\"lazy\" decoding=\"async\" class=\"size-medium wp-image-10429 aligncenter\" src=\"https:\/\/agora.xtec.cat\/credv\/wp-content\/uploads\/usu1287\/2022\/04\/Casa-Colonies-La-Conreria-300x200.jpg\" alt=\"Imatge de la casa de col\u00f2nies La Conreria\" width=\"300\" height=\"200\" srcset=\"https:\/\/agora.xtec.cat\/credv\/wp-content\/uploads\/usu1287\/2022\/04\/Casa-Colonies-La-Conreria-300x200.jpg 300w, https:\/\/agora.xtec.cat\/credv\/wp-content\/uploads\/usu1287\/2022\/04\/Casa-Colonies-La-Conreria-1024x683.jpg 1024w, https:\/\/agora.xtec.cat\/credv\/wp-content\/uploads\/usu1287\/2022\/04\/Casa-Colonies-La-Conreria-768x512.jpg 768w, https:\/\/agora.xtec.cat\/credv\/wp-content\/uploads\/usu1287\/2022\/04\/Casa-Colonies-La-Conreria.jpg 1350w\" sizes=\"auto, (max-width: 300px) 100vw, 300px\" \/><\/p>\n<p><strong><u>CAMPAMENTS D\u2019ESTIU<\/u><\/strong><strong><u> ORGANITZATS <\/u><\/strong><strong><u>\u00a0PER LA D.T<\/u><\/strong><strong><u>. ONCE CATALUNYA<\/u><\/strong><\/p>\n<p>Benvolgudes fam\u00edlies,<\/p>\n<p>Des de la Delegaci\u00f3 Territorial ONCE Catalunya ens han informat que, com cada any, s\u2019han organitzat els Campaments d\u2019Estiu per a nenes i nens d\u2019entre 6 i 17 anys. Es realitzaran a la casa de col\u00f2nies &#8220;La Conreria&#8221;, situada al costat de la poblaci\u00f3 de Tiana, al Maresme.<\/p>\n<p>Dates:<\/p>\n<p>Del dilluns 27 de juny al dissabte 2 de juliol de 2022 (Nenes i nens d&#8217;entre 6 i 12 anys).<\/p>\n<p>Del dilluns 4 de juliol al dissabte 9 de juliol del 2022 (Nenes i nens d&#8217;entre 13 i 17 anys).<\/p>\n<p>Com sempre, va dirigida a nens i nenes, nois i noies afiliats, fills d&#8217;afiliats, menors que compleixen criteris d\u2019afiliaci\u00f3 \u00a0o fills de treballadors de l&#8217;ONCE a Catalunya.<\/p>\n<p>Aquest any es fomentar\u00e0 l&#8217;\u00e0mbit art\u00edstic, la creativitat amb tallers de manualitats divertits i diferents, un got talent a l&#8217;estil ONCE i moltes activitats m\u00e9s.<\/p>\n<p>Les inscripcions podran fer-se a partir del dia 1 d&#8217;abril fins al 30 d&#8217;abril a la Unitat de Cultura al Tel. 93 238 10 44.<\/p>\n<p>Si esteu interessats, podeu demanar m\u00e9s informaci\u00f3 posant-vos en contacte amb el vostre centre d&#8217;adscripci\u00f3 trucant als tel\u00e8fons 93 238 10 40 \u2013 93 238 10 41 o mitjan\u00e7ant el correu electr\u00f2nic <a href=\"mailto:catconfirma@once.es\">catconfirma@once.es<\/a>.<\/p>\n","protected":false},"excerpt":{"rendered":"<p>CAMPAMENTS D\u2019ESTIU ORGANITZATS \u00a0PER LA D.T. ONCE CATALUNYA<br \/>\nBenvolgudes fam\u00edlies,<br \/>\nDes de la Delegaci\u00f3 Territorial ONCE Catalunya ens han informat que, com cada any, s\u2019han organitzat els Campaments d\u2019Estiu per a nenes i nens d\u2019entre 6 i 17 anys. Es realitzaran a la casa de col\u00f2nies &#8220;La&hellip;  <a href=\"https:\/\/agora.xtec.cat\/credv\/families\/campaments-destiu-d-t-once-catalunya\/\" title=\"Read Campaments d&#8217;estiu D.T. ONCE CATALUNYA\">Llegeix m\u00e9s\u00bb<\/a><\/p>\n","protected":false},"author":166,"featured_media":10429,"comment_status":"closed","ping_status":"closed","sticky":false,"template":"","format":"standard","meta":{"_bbp_topic_count":0,"_bbp_reply_count":0,"_bbp_total_topic_count":0,"_bbp_total_reply_count":0,"_bbp_voice_count":0,"_bbp_anonymous_reply_count":0,"_bbp_topic_count_hidden":0,"_bbp_reply_count_hidden":0,"_bbp_forum_subforum_count":0,"footnotes":""},"categories":[271,273],"tags":[556],"class_list":["post-10428","post","type-post","status-publish","format-standard","has-post-thumbnail","hentry","category-families","category-portada","tag-colonies"],"post_mailing_queue_ids":[],"_links":{"self":[{"href":"https:\/\/agora.xtec.cat\/credv\/wp-json\/wp\/v2\/posts\/10428","targetHints":{"allow":["GET"]}}],"collection":[{"href":"https:\/\/agora.xtec.cat\/credv\/wp-json\/wp\/v2\/posts"}],"about":[{"href":"https:\/\/agora.xtec.cat\/credv\/wp-json\/wp\/v2\/types\/post"}],"author":[{"embeddable":true,"href":"https:\/\/agora.xtec.cat\/credv\/wp-json\/wp\/v2\/users\/166"}],"replies":[{"embeddable":true,"href":"https:\/\/agora.xtec.cat\/credv\/wp-json\/wp\/v2\/comments?post=10428"}],"version-history":[{"count":2,"href":"https:\/\/agora.xtec.cat\/credv\/wp-json\/wp\/v2\/posts\/10428\/revisions"}],"predecessor-version":[{"id":10431,"href":"https:\/\/agora.xtec.cat\/credv\/wp-json\/wp\/v2\/posts\/10428\/revisions\/10431"}],"wp:featuredmedia":[{"embeddable":true,"href":"https:\/\/agora.xtec.cat\/credv\/wp-json\/wp\/v2\/media\/10429"}],"wp:attachment":[{"href":"https:\/\/agora.xtec.cat\/credv\/wp-json\/wp\/v2\/media?parent=10428"}],"wp:term":[{"taxonomy":"category","embeddable":true,"href":"https:\/\/agora.xtec.cat\/credv\/wp-json\/wp\/v2\/categories?post=10428"},{"taxonomy":"post_tag","embeddable":true,"href":"https:\/\/agora.xtec.cat\/credv\/wp-json\/wp\/v2\/tags?post=10428"}],"curies":[{"name":"wp","href":"https:\/\/api.w.org\/{rel}","templated":true}]}}