{"id":10377,"date":"2022-02-02T11:23:32","date_gmt":"2022-02-02T10:23:32","guid":{"rendered":"https:\/\/agora.xtec.cat\/credv\/?p=10377"},"modified":"2022-02-02T12:12:04","modified_gmt":"2022-02-02T11:12:04","slug":"primera-fisioterapeuta-amb-baixa-visio-de-la-uab","status":"publish","type":"post","link":"https:\/\/agora.xtec.cat\/credv\/portada\/primera-fisioterapeuta-amb-baixa-visio-de-la-uab\/","title":{"rendered":"Primera fisioterapeuta amb baixa visi\u00f3 de la UAB"},"content":{"rendered":"<p>L\u2019Elena Guti\u00e9rrez, fisioterapeuta amb baixa visi\u00f3 graduada a la UAB, ens explica la seva experi\u00e8ncia com a estudiant i els seus inicis en el m\u00f3n laboral.<\/p>\n<p>Ho podeu veure aqu\u00ed:<\/p>\n<p><iframe loading=\"lazy\" title=\"Elena Guti\u00e9rrez, #enprimerapersona\" width=\"500\" height=\"281\" src=\"https:\/\/www.youtube.com\/embed\/FjpPQTowd1c?feature=oembed\" frameborder=\"0\" allow=\"accelerometer; autoplay; clipboard-write; encrypted-media; gyroscope; picture-in-picture; web-share\" referrerpolicy=\"strict-origin-when-cross-origin\" allowfullscreen><\/iframe><\/p>\n<p>&nbsp;<\/p>\n","protected":false},"excerpt":{"rendered":"<p>L\u2019Elena Guti\u00e9rrez, fisioterapeuta amb baixa visi\u00f3 graduada a la UAB, ens explica la seva experi\u00e8ncia com a estudiant i els seus inicis en el m\u00f3n laboral.<br \/>\nHo podeu veure aqu\u00ed:<\/p>\n<p>&nbsp;<\/p>\n","protected":false},"author":36,"featured_media":10387,"comment_status":"closed","ping_status":"closed","sticky":false,"template":"","format":"standard","meta":{"_bbp_topic_count":0,"_bbp_reply_count":0,"_bbp_total_topic_count":0,"_bbp_total_reply_count":0,"_bbp_voice_count":0,"_bbp_anonymous_reply_count":0,"_bbp_topic_count_hidden":0,"_bbp_reply_count_hidden":0,"_bbp_forum_subforum_count":0,"footnotes":""},"categories":[288,273],"tags":[369,554,384,414],"class_list":["post-10377","post","type-post","status-publish","format-standard","has-post-thumbnail","hentry","category-formacio","category-portada","tag-baixa-visio","tag-fisioterapia","tag-reportatges","tag-universitat"],"post_mailing_queue_ids":[],"_links":{"self":[{"href":"https:\/\/agora.xtec.cat\/credv\/wp-json\/wp\/v2\/posts\/10377","targetHints":{"allow":["GET"]}}],"collection":[{"href":"https:\/\/agora.xtec.cat\/credv\/wp-json\/wp\/v2\/posts"}],"about":[{"href":"https:\/\/agora.xtec.cat\/credv\/wp-json\/wp\/v2\/types\/post"}],"author":[{"embeddable":true,"href":"https:\/\/agora.xtec.cat\/credv\/wp-json\/wp\/v2\/users\/36"}],"replies":[{"embeddable":true,"href":"https:\/\/agora.xtec.cat\/credv\/wp-json\/wp\/v2\/comments?post=10377"}],"version-history":[{"count":1,"href":"https:\/\/agora.xtec.cat\/credv\/wp-json\/wp\/v2\/posts\/10377\/revisions"}],"predecessor-version":[{"id":10378,"href":"https:\/\/agora.xtec.cat\/credv\/wp-json\/wp\/v2\/posts\/10377\/revisions\/10378"}],"wp:featuredmedia":[{"embeddable":true,"href":"https:\/\/agora.xtec.cat\/credv\/wp-json\/wp\/v2\/media\/10387"}],"wp:attachment":[{"href":"https:\/\/agora.xtec.cat\/credv\/wp-json\/wp\/v2\/media?parent=10377"}],"wp:term":[{"taxonomy":"category","embeddable":true,"href":"https:\/\/agora.xtec.cat\/credv\/wp-json\/wp\/v2\/categories?post=10377"},{"taxonomy":"post_tag","embeddable":true,"href":"https:\/\/agora.xtec.cat\/credv\/wp-json\/wp\/v2\/tags?post=10377"}],"curies":[{"name":"wp","href":"https:\/\/api.w.org\/{rel}","templated":true}]}}