{"id":10299,"date":"2021-11-04T11:44:58","date_gmt":"2021-11-04T10:44:58","guid":{"rendered":"https:\/\/agora.xtec.cat\/credv\/?p=10299"},"modified":"2021-11-05T10:49:35","modified_gmt":"2021-11-05T09:49:35","slug":"participacio-a-la-jornada-la-mirada-inclusiva-al-llarg-de-la-vida","status":"publish","type":"post","link":"https:\/\/agora.xtec.cat\/credv\/professionals\/participacio-a-la-jornada-la-mirada-inclusiva-al-llarg-de-la-vida\/","title":{"rendered":"Participaci\u00f3 a la Jornada \u201cLa mirada inclusiva al llarg de la vida\u201d"},"content":{"rendered":"<p>El passat divendres 22 d\u2019octubre, el CREDV-CRE ONCE Barcelona, va participar en la <a href=\"https:\/\/projectes.xtec.cat\/xarxadults\/portada\/jornada-pedagogica-la-mirada-inclusiva-al-llarg-de-la-vida\/\">Jornada \u201cLa mirada inclusiva al llarg de la vida\u201d<\/a> organitzada pel Departament d\u2019Educaci\u00f3 i dirigida principalment, als Centres de Formaci\u00f3 d\u2019Adults (CFA). En aquesta formaci\u00f3, es va presentar el Servei i dues experi\u00e8ncies d\u2019intervenci\u00f3 als CFA sota el t\u00edtol \u201cExperi\u00e8ncies d\u2019acompanyament d\u2019alumnes als CFA amb discapacitat visual\u201d \u00a0a c\u00e0rrec de la Direcci\u00f3 T\u00e8cnica Pedag\u00f2gica, l\u2019equip psicopedag\u00f2gic i l\u2019equip d\u2019atenci\u00f3 a persones adultes.<\/p>\n<p>Enlla\u00e7 al <a href=\"https:\/\/drive.google.com\/file\/d\/1Q3dDdLJ-lGhJMd9Lah7vzpM6bqTBgZg0\/view\">programa en format PDF.<\/a><\/p>\n<p><a href=\"https:\/\/www.youtube.com\/watch?v=d0w9Ps82j1A\">Acc\u00e9s al v\u00eddeo de la jornada\u00a0<\/a><\/p>\n<figure class=\"figure wp-caption alignnone\"><a href=\"https:\/\/agora.xtec.cat\/credv\/wp-content\/uploads\/usu1287\/2021\/11\/Programa-La-mirada-inclusiva-724x1024-1.jpg\"><img loading=\"lazy\" decoding=\"async\" class=\"wp-image-10300 size-full\" src=\"https:\/\/agora.xtec.cat\/credv\/wp-content\/uploads\/usu1287\/2021\/11\/Programa-La-mirada-inclusiva-724x1024-1.jpg\" alt=\"Imatge del programa de la jornada.\" width=\"724\" height=\"1024\" srcset=\"https:\/\/agora.xtec.cat\/credv\/wp-content\/uploads\/usu1287\/2021\/11\/Programa-La-mirada-inclusiva-724x1024-1.jpg 724w, https:\/\/agora.xtec.cat\/credv\/wp-content\/uploads\/usu1287\/2021\/11\/Programa-La-mirada-inclusiva-724x1024-1-212x300.jpg 212w\" sizes=\"auto, (max-width: 724px) 100vw, 724px\" \/><\/a><figcaption class=\"wp-caption-text\">Imatge del programa de la jornada.<\/figcaption><\/figure>\n","protected":false},"excerpt":{"rendered":"<p>El passat divendres 22 d\u2019octubre, el CREDV-CRE ONCE Barcelona, va participar en la <a href=\"https:\/\/projectes.xtec.cat\/xarxadults\/portada\/jornada-pedagogica-la-mirada-inclusiva-al-llarg-de-la-vida\/\">Jornada \u201cLa mirada inclusiva al llarg de la vida\u201d<\/a> organitzada pel Departament d\u2019Educaci\u00f3 i dirigida principalment, als Centres de Formaci\u00f3 d\u2019Adults (CFA). En aquesta formaci\u00f3, es va presentar el Servei i&hellip;  <a href=\"https:\/\/agora.xtec.cat\/credv\/professionals\/participacio-a-la-jornada-la-mirada-inclusiva-al-llarg-de-la-vida\/\" title=\"Read Participaci\u00f3 a la Jornada \u201cLa mirada inclusiva al llarg de la vida\u201d\">Llegeix m\u00e9s\u00bb<\/a><\/p>\n","protected":false},"author":36,"featured_media":10300,"comment_status":"closed","ping_status":"closed","sticky":false,"template":"","format":"standard","meta":{"_bbp_topic_count":0,"_bbp_reply_count":0,"_bbp_total_topic_count":0,"_bbp_total_reply_count":0,"_bbp_voice_count":0,"_bbp_anonymous_reply_count":0,"_bbp_topic_count_hidden":0,"_bbp_reply_count_hidden":0,"_bbp_forum_subforum_count":0,"footnotes":""},"categories":[288,273,264],"tags":[538,539],"class_list":["post-10299","post","type-post","status-publish","format-standard","has-post-thumbnail","hentry","category-formacio","category-portada","category-professionals","tag-centres-de-formacio-per-persones-adultes-dadults","tag-equip-adults"],"post_mailing_queue_ids":[],"_links":{"self":[{"href":"https:\/\/agora.xtec.cat\/credv\/wp-json\/wp\/v2\/posts\/10299","targetHints":{"allow":["GET"]}}],"collection":[{"href":"https:\/\/agora.xtec.cat\/credv\/wp-json\/wp\/v2\/posts"}],"about":[{"href":"https:\/\/agora.xtec.cat\/credv\/wp-json\/wp\/v2\/types\/post"}],"author":[{"embeddable":true,"href":"https:\/\/agora.xtec.cat\/credv\/wp-json\/wp\/v2\/users\/36"}],"replies":[{"embeddable":true,"href":"https:\/\/agora.xtec.cat\/credv\/wp-json\/wp\/v2\/comments?post=10299"}],"version-history":[{"count":3,"href":"https:\/\/agora.xtec.cat\/credv\/wp-json\/wp\/v2\/posts\/10299\/revisions"}],"predecessor-version":[{"id":10305,"href":"https:\/\/agora.xtec.cat\/credv\/wp-json\/wp\/v2\/posts\/10299\/revisions\/10305"}],"wp:featuredmedia":[{"embeddable":true,"href":"https:\/\/agora.xtec.cat\/credv\/wp-json\/wp\/v2\/media\/10300"}],"wp:attachment":[{"href":"https:\/\/agora.xtec.cat\/credv\/wp-json\/wp\/v2\/media?parent=10299"}],"wp:term":[{"taxonomy":"category","embeddable":true,"href":"https:\/\/agora.xtec.cat\/credv\/wp-json\/wp\/v2\/categories?post=10299"},{"taxonomy":"post_tag","embeddable":true,"href":"https:\/\/agora.xtec.cat\/credv\/wp-json\/wp\/v2\/tags?post=10299"}],"curies":[{"name":"wp","href":"https:\/\/api.w.org\/{rel}","templated":true}]}}