{"id":10054,"date":"2021-05-04T11:20:10","date_gmt":"2021-05-04T09:20:10","guid":{"rendered":"http:\/\/agora.xtec.cat\/credv\/?p=10054"},"modified":"2021-05-04T11:20:10","modified_gmt":"2021-05-04T09:20:10","slug":"colonies-estiu-d-t-once-catalunya","status":"publish","type":"post","link":"https:\/\/agora.xtec.cat\/credv\/families\/colonies-estiu-d-t-once-catalunya\/","title":{"rendered":"Col\u00f2nies estiu D.T. ONCE Catalunya"},"content":{"rendered":"<p><strong><u>COL\u00d2NIES ESTIU<\/u><\/strong><strong><u> ORGANITZADES<\/u><\/strong><strong><u> PER LA D.T<\/u><\/strong><strong><u>. ONCE CATALUNYA<\/u><\/strong><\/p>\n<p><a href=\"https:\/\/agora.xtec.cat\/credv\/wp-content\/uploads\/usu1287\/2021\/05\/Casa-Col\u00f2nies-La-Conreria.jpg\"><img loading=\"lazy\" decoding=\"async\" class=\"alignnone wp-image-10055\" src=\"https:\/\/agora.xtec.cat\/credv\/wp-content\/uploads\/usu1287\/2021\/05\/Casa-Col\u00f2nies-La-Conreria-1024x683.jpg\" alt=\"Fotografia de la casa de Col\u00f2nies La Conreria\" width=\"549\" height=\"366\" srcset=\"https:\/\/agora.xtec.cat\/credv\/wp-content\/uploads\/usu1287\/2021\/05\/Casa-Col\u00f2nies-La-Conreria-1024x683.jpg 1024w, https:\/\/agora.xtec.cat\/credv\/wp-content\/uploads\/usu1287\/2021\/05\/Casa-Col\u00f2nies-La-Conreria-300x200.jpg 300w, https:\/\/agora.xtec.cat\/credv\/wp-content\/uploads\/usu1287\/2021\/05\/Casa-Col\u00f2nies-La-Conreria-768x512.jpg 768w, https:\/\/agora.xtec.cat\/credv\/wp-content\/uploads\/usu1287\/2021\/05\/Casa-Col\u00f2nies-La-Conreria.jpg 1350w\" sizes=\"auto, (max-width: 549px) 100vw, 549px\" \/><\/a><\/p>\n<p>Benvolgudes fam\u00edlies,<\/p>\n<p>Des de la Delegaci\u00f3 Territorial ONCE Catalunya ens han informat que, com cada any, s\u2019han organitzat les Col\u00f2nies d\u2019Estiu per a nenes i nens entre 6 i 17 anys. Es realitzaran a la casa de col\u00f2nies &#8220;La\u00a0Conreria&#8221;, situada al costat de la poblaci\u00f3 de Tiana, al Maresme, del 28 de juny al 3 de juliol de 2021.<\/p>\n<p>Com sempre, va dirigida a nens i nenes, nois i noies afiliats, fills d&#8217;afiliats o fills de treballadors de l&#8217;ONCE a Catalunya.<\/p>\n<p>Aquest any es fomentar\u00e0 l&#8217;\u00e0mbit esportiu:\u00a0futbol,\u00a0goalball, nataci\u00f3, senderisme&#8230;. Aix\u00ed\u00a0mateix es treballar\u00e0 la creativitat, amb tallers de manualitats divertits i es realitzaran diferents jocs populars,\u00a0gimcanes, activitats d&#8217;esport adaptat, jocs aqu\u00e0tics, etc&#8230;<\/p>\n<p>Si esteu interessats, podeu demanar m\u00e9s informaci\u00f3 en al tel\u00e8fon 932381044 o mitjan\u00e7ant el correu electr\u00f2nic:<\/p>\n<p><a href=\"mailto:catconfirma@once.es\"><strong>catconfirma@once.es<\/strong><\/a><strong>.<\/strong><\/p>\n","protected":false},"excerpt":{"rendered":"<p>COL\u00d2NIES ESTIU ORGANITZADES PER LA D.T. ONCE CATALUNYA<br \/>\n<a href=\"https:\/\/agora.xtec.cat\/credv\/wp-content\/uploads\/usu1287\/2021\/05\/Casa-Col\u00f2nies-La-Conreria.jpg\"><\/a><br \/>\nBenvolgudes fam\u00edlies,<br \/>\nDes de la Delegaci\u00f3 Territorial ONCE Catalunya ens han informat que, com cada any, s\u2019han organitzat les Col\u00f2nies d\u2019Estiu per a nenes i nens entre 6 i 17 anys. Es realitzaran a la casa de col\u00f2nies&hellip;  <a href=\"https:\/\/agora.xtec.cat\/credv\/families\/colonies-estiu-d-t-once-catalunya\/\" title=\"Read Col\u00f2nies estiu D.T. ONCE Catalunya\">Llegeix m\u00e9s\u00bb<\/a><\/p>\n","protected":false},"author":166,"featured_media":10055,"comment_status":"closed","ping_status":"closed","sticky":false,"template":"","format":"standard","meta":{"_bbp_topic_count":0,"_bbp_reply_count":0,"_bbp_total_topic_count":0,"_bbp_total_reply_count":0,"_bbp_voice_count":0,"_bbp_anonymous_reply_count":0,"_bbp_topic_count_hidden":0,"_bbp_reply_count_hidden":0,"_bbp_forum_subforum_count":0,"footnotes":""},"categories":[271,273],"tags":[409,524],"class_list":["post-10054","post","type-post","status-publish","format-standard","has-post-thumbnail","hentry","category-families","category-portada","tag-families","tag-lleure"],"post_mailing_queue_ids":[],"_links":{"self":[{"href":"https:\/\/agora.xtec.cat\/credv\/wp-json\/wp\/v2\/posts\/10054","targetHints":{"allow":["GET"]}}],"collection":[{"href":"https:\/\/agora.xtec.cat\/credv\/wp-json\/wp\/v2\/posts"}],"about":[{"href":"https:\/\/agora.xtec.cat\/credv\/wp-json\/wp\/v2\/types\/post"}],"author":[{"embeddable":true,"href":"https:\/\/agora.xtec.cat\/credv\/wp-json\/wp\/v2\/users\/166"}],"replies":[{"embeddable":true,"href":"https:\/\/agora.xtec.cat\/credv\/wp-json\/wp\/v2\/comments?post=10054"}],"version-history":[{"count":2,"href":"https:\/\/agora.xtec.cat\/credv\/wp-json\/wp\/v2\/posts\/10054\/revisions"}],"predecessor-version":[{"id":10057,"href":"https:\/\/agora.xtec.cat\/credv\/wp-json\/wp\/v2\/posts\/10054\/revisions\/10057"}],"wp:featuredmedia":[{"embeddable":true,"href":"https:\/\/agora.xtec.cat\/credv\/wp-json\/wp\/v2\/media\/10055"}],"wp:attachment":[{"href":"https:\/\/agora.xtec.cat\/credv\/wp-json\/wp\/v2\/media?parent=10054"}],"wp:term":[{"taxonomy":"category","embeddable":true,"href":"https:\/\/agora.xtec.cat\/credv\/wp-json\/wp\/v2\/categories?post=10054"},{"taxonomy":"post_tag","embeddable":true,"href":"https:\/\/agora.xtec.cat\/credv\/wp-json\/wp\/v2\/tags?post=10054"}],"curies":[{"name":"wp","href":"https:\/\/api.w.org\/{rel}","templated":true}]}}