{"id":10040,"date":"2021-05-04T10:43:55","date_gmt":"2021-05-04T08:43:55","guid":{"rendered":"http:\/\/agora.xtec.cat\/credv\/?p=10040"},"modified":"2021-05-04T10:43:55","modified_gmt":"2021-05-04T08:43:55","slug":"els-joves-parlen-del-seu-itinerari-educatiu","status":"publish","type":"post","link":"https:\/\/agora.xtec.cat\/credv\/alumnes\/els-joves-parlen-del-seu-itinerari-educatiu\/","title":{"rendered":"Els joves parlen del seu itinerari educatiu"},"content":{"rendered":"<p><span style=\"font-weight: 400;\">Joves amb discapacitat visual expliquen\u00a0 els factors facilitadors de la inclusi\u00f3 i tamb\u00e9 les dificultats i barreres que han tingut en els seus estudis i traject\u00f2ries personals.\u00a0<\/span><\/p>\n<p style=\"text-align: justify;\"><span style=\"font-weight: 400;\">Arran la\u00a0 jornada\u00a0 d\u2019Orientaci\u00f3 Acad\u00e8mica i professional vam demanar a uns alumnes majors d\u2019edat que ens expliquessin les seves viv\u00e8ncies i barreres que havien tingut\u00a0 a nivell personal i educatiu, el resultat van ser uns testimonis molt potents, tant, que els hi hem demanat a alguns d\u2019aquests alumnes el poder divulgar en obert aquests miniv\u00eddeos en principi adre\u00e7ats de manera espec\u00edfica a aquesta jornada.\u00a0<\/span><\/p>\n<p><a href=\"https:\/\/www.youtube.com\/watch?v=gDX3bEoimMw&amp;t=3s\"><img loading=\"lazy\" decoding=\"async\" class=\"alignnone size-full wp-image-10045\" src=\"https:\/\/agora.xtec.cat\/credv\/wp-content\/uploads\/usu1287\/2021\/04\/\u00c1ngela-Gonz\u00e1lez-Guti\u00e9rrez-1r-d\u2019Administraci\u00f3-i-Direcci\u00f3-dEmpreses.jpg\" alt=\"\" width=\"377\" height=\"212\" srcset=\"https:\/\/agora.xtec.cat\/credv\/wp-content\/uploads\/usu1287\/2021\/04\/\u00c1ngela-Gonz\u00e1lez-Guti\u00e9rrez-1r-d\u2019Administraci\u00f3-i-Direcci\u00f3-dEmpreses.jpg 377w, https:\/\/agora.xtec.cat\/credv\/wp-content\/uploads\/usu1287\/2021\/04\/\u00c1ngela-Gonz\u00e1lez-Guti\u00e9rrez-1r-d\u2019Administraci\u00f3-i-Direcci\u00f3-dEmpreses-300x169.jpg 300w\" sizes=\"auto, (max-width: 377px) 100vw, 377px\" \/><\/a><\/p>\n<p><a href=\"https:\/\/www.youtube.com\/watch?v=gDX3bEoimMw&amp;t=3s\"><span style=\"font-weight: 400;\">\u00c1ngela Gonz\u00e1lez Guti\u00e9rrez, 1r d\u2019Administraci\u00f3 i Direcci\u00f3 d&#8217;Empreses<\/span><\/a><\/p>\n<p>&nbsp;<\/p>\n<p><a href=\"https:\/\/www.youtube.com\/watch?v=oNkGA_kejdI&amp;t=8s\"><img loading=\"lazy\" decoding=\"async\" class=\"alignnone size-full wp-image-10044\" src=\"https:\/\/agora.xtec.cat\/credv\/wp-content\/uploads\/usu1287\/2021\/04\/Aleix-Marcoval-Gavald\u00e0-Educaci\u00f3-Social-Facultat-de-Ci\u00e8ncies-de-l\u2019Educaci\u00f3-i-Psicologia-URV.jpg\" alt=\"\" width=\"378\" height=\"213\" srcset=\"https:\/\/agora.xtec.cat\/credv\/wp-content\/uploads\/usu1287\/2021\/04\/Aleix-Marcoval-Gavald\u00e0-Educaci\u00f3-Social-Facultat-de-Ci\u00e8ncies-de-l\u2019Educaci\u00f3-i-Psicologia-URV.jpg 378w, https:\/\/agora.xtec.cat\/credv\/wp-content\/uploads\/usu1287\/2021\/04\/Aleix-Marcoval-Gavald\u00e0-Educaci\u00f3-Social-Facultat-de-Ci\u00e8ncies-de-l\u2019Educaci\u00f3-i-Psicologia-URV-300x169.jpg 300w\" sizes=\"auto, (max-width: 378px) 100vw, 378px\" \/><\/a><\/p>\n<p><a href=\"https:\/\/www.youtube.com\/watch?v=oNkGA_kejdI&amp;t=8s\"><span style=\"font-weight: 400;\">Aleix Marcoval Gavald\u00e0, Educaci\u00f3 Social , Facultat de Ci\u00e8ncies de l\u2019Educaci\u00f3 i Psicologia, URV<\/span><\/a><\/p>\n<p>&nbsp;<\/p>\n<p><a href=\"https:\/\/www.youtube.com\/watch?v=4C_6DwyQAWs\"><img loading=\"lazy\" decoding=\"async\" class=\"alignnone size-full wp-image-10043\" src=\"https:\/\/agora.xtec.cat\/credv\/wp-content\/uploads\/usu1287\/2021\/04\/Pedro-Antonio-Fern\u00e1ndez-Zambrano-1r-Educaci\u00f3-Social-UB.jpg\" alt=\"\" width=\"412\" height=\"232\" srcset=\"https:\/\/agora.xtec.cat\/credv\/wp-content\/uploads\/usu1287\/2021\/04\/Pedro-Antonio-Fern\u00e1ndez-Zambrano-1r-Educaci\u00f3-Social-UB.jpg 412w, https:\/\/agora.xtec.cat\/credv\/wp-content\/uploads\/usu1287\/2021\/04\/Pedro-Antonio-Fern\u00e1ndez-Zambrano-1r-Educaci\u00f3-Social-UB-300x169.jpg 300w\" sizes=\"auto, (max-width: 412px) 100vw, 412px\" \/><\/a><\/p>\n<p><a href=\"https:\/\/www.youtube.com\/watch?v=4C_6DwyQAWs\"><span style=\"font-weight: 400;\">Pedro Antonio Fern\u00e1ndez Zambrano, 1r Educaci\u00f3 Social, UB<\/span><\/a><\/p>\n<p>&nbsp;<\/p>\n<p><a href=\"https:\/\/www.youtube.com\/watch?v=PjP4CXPJVh8\"><img loading=\"lazy\" decoding=\"async\" class=\"alignnone size-full wp-image-10042\" src=\"https:\/\/agora.xtec.cat\/credv\/wp-content\/uploads\/usu1287\/2021\/04\/Andrea-Garc\u00eda-2n-curs-de-batxillerat-cient\u00edfic.jpg\" alt=\"\" width=\"415\" height=\"234\" srcset=\"https:\/\/agora.xtec.cat\/credv\/wp-content\/uploads\/usu1287\/2021\/04\/Andrea-Garc\u00eda-2n-curs-de-batxillerat-cient\u00edfic.jpg 415w, https:\/\/agora.xtec.cat\/credv\/wp-content\/uploads\/usu1287\/2021\/04\/Andrea-Garc\u00eda-2n-curs-de-batxillerat-cient\u00edfic-300x169.jpg 300w\" sizes=\"auto, (max-width: 415px) 100vw, 415px\" \/><\/a><\/p>\n<p><a href=\"https:\/\/www.youtube.com\/watch?v=PjP4CXPJVh8\"><span style=\"font-weight: 400;\">Andrea Garc\u00eda, 2n curs de Batxillerat Cient\u00edfic<\/span><\/a><\/p>\n<p>&nbsp;<\/p>\n<p><a href=\"http:\/\/Laura Brand 4rt del grau de fisioter\u00e0pia a madrid\"><img loading=\"lazy\" decoding=\"async\" class=\"alignnone size-full wp-image-10041\" src=\"https:\/\/agora.xtec.cat\/credv\/wp-content\/uploads\/usu1287\/2021\/04\/Laura-Brand-4rt-del-grau-de-fisioter\u00e0pia-a-madrid.jpg\" alt=\"\" width=\"421\" height=\"237\" srcset=\"https:\/\/agora.xtec.cat\/credv\/wp-content\/uploads\/usu1287\/2021\/04\/Laura-Brand-4rt-del-grau-de-fisioter\u00e0pia-a-madrid.jpg 421w, https:\/\/agora.xtec.cat\/credv\/wp-content\/uploads\/usu1287\/2021\/04\/Laura-Brand-4rt-del-grau-de-fisioter\u00e0pia-a-madrid-300x169.jpg 300w\" sizes=\"auto, (max-width: 421px) 100vw, 421px\" \/><\/a><\/p>\n<p><a href=\"https:\/\/www.youtube.com\/watch?v=5JpvBMjr1MM\"><span style=\"font-weight: 400;\">Laura Brand 4rt del Grau de Fisioter\u00e0pia a Madrid <\/span><\/a><\/p>\n","protected":false},"excerpt":{"rendered":"<p>Joves amb discapacitat visual expliquen\u00a0 els factors facilitadors de la inclusi\u00f3 i tamb\u00e9 les dificultats i barreres que han tingut en els seus estudis i traject\u00f2ries personals.\u00a0<br \/>\nArran la\u00a0 jornada\u00a0 d\u2019Orientaci\u00f3 Acad\u00e8mica i professional vam demanar a uns alumnes majors d\u2019edat que ens expliquessin les seves&hellip;  <a href=\"https:\/\/agora.xtec.cat\/credv\/alumnes\/els-joves-parlen-del-seu-itinerari-educatiu\/\" title=\"Read Els joves parlen del seu itinerari educatiu\">Llegeix m\u00e9s\u00bb<\/a><\/p>\n","protected":false},"author":26,"featured_media":10043,"comment_status":"closed","ping_status":"closed","sticky":false,"template":"","format":"standard","meta":{"_bbp_topic_count":0,"_bbp_reply_count":0,"_bbp_total_topic_count":0,"_bbp_total_reply_count":0,"_bbp_voice_count":0,"_bbp_anonymous_reply_count":0,"_bbp_topic_count_hidden":0,"_bbp_reply_count_hidden":0,"_bbp_forum_subforum_count":0,"footnotes":""},"categories":[272,273],"tags":[521],"class_list":["post-10040","post","type-post","status-publish","format-standard","has-post-thumbnail","hentry","category-alumnes","category-portada","tag-orientacio-academica"],"post_mailing_queue_ids":[],"_links":{"self":[{"href":"https:\/\/agora.xtec.cat\/credv\/wp-json\/wp\/v2\/posts\/10040","targetHints":{"allow":["GET"]}}],"collection":[{"href":"https:\/\/agora.xtec.cat\/credv\/wp-json\/wp\/v2\/posts"}],"about":[{"href":"https:\/\/agora.xtec.cat\/credv\/wp-json\/wp\/v2\/types\/post"}],"author":[{"embeddable":true,"href":"https:\/\/agora.xtec.cat\/credv\/wp-json\/wp\/v2\/users\/26"}],"replies":[{"embeddable":true,"href":"https:\/\/agora.xtec.cat\/credv\/wp-json\/wp\/v2\/comments?post=10040"}],"version-history":[{"count":2,"href":"https:\/\/agora.xtec.cat\/credv\/wp-json\/wp\/v2\/posts\/10040\/revisions"}],"predecessor-version":[{"id":10050,"href":"https:\/\/agora.xtec.cat\/credv\/wp-json\/wp\/v2\/posts\/10040\/revisions\/10050"}],"wp:featuredmedia":[{"embeddable":true,"href":"https:\/\/agora.xtec.cat\/credv\/wp-json\/wp\/v2\/media\/10043"}],"wp:attachment":[{"href":"https:\/\/agora.xtec.cat\/credv\/wp-json\/wp\/v2\/media?parent=10040"}],"wp:term":[{"taxonomy":"category","embeddable":true,"href":"https:\/\/agora.xtec.cat\/credv\/wp-json\/wp\/v2\/categories?post=10040"},{"taxonomy":"post_tag","embeddable":true,"href":"https:\/\/agora.xtec.cat\/credv\/wp-json\/wp\/v2\/tags?post=10040"}],"curies":[{"name":"wp","href":"https:\/\/api.w.org\/{rel}","templated":true}]}}