{"id":596,"count":4,"description":"<h1 class=\"entry-title\">ESO. Tallers de fam\u00edlies curs 2025-2026<\/h1>\r\n<ul>\r\n \t<li><strong>26\/11\/2025 Taller pr\u00e0ctic: Com pot la Intel.lig\u00e8ncia artificial (IA) ajudar-nos amb els estudis? <\/strong>Quines aplicacions podem fer servir? Com ajudar als fills a ser cr\u00edtics amb el que ens explica la IA? Acompanyem-los en aquest nou paradigma.<\/li>\r\n \t<li><strong>25\/02\/2026 \u201cJo tamb\u00e9 cuino\u201d<\/strong> Amb aquest taller us proposem un espai de reflexi\u00f3 per parlar dels dubtes i inquietuds que puguin sorgir quan els vostres fills comencin a cuinar.<\/li>\r\n \t<li><strong>29\/04\/2026 \u201cLa construcci\u00f3 de la identitat en la pubertat \/ adolesc\u00e8ncia\u201d. <\/strong>Amb el psic\u00f2leg i l\u2019orientador del CREDV CRE ONCE Barcelona, parlarem de la import\u00e0ncia de gestionar l\u2019autonomia personal, social i acad\u00e8mica des de l\u2019\u00e0mbit familiar i escolar, tenint tamb\u00e9 en compte la repercussi\u00f3 de la discapacitat visual.<\/li>\r\n<\/ul>","link":"https:\/\/agora.xtec.cat\/credv\/categoria\/families\/tallers-families\/eso\/","name":"ESO","slug":"eso","taxonomy":"category","parent":589,"meta":[],"_links":{"self":[{"href":"https:\/\/agora.xtec.cat\/credv\/wp-json\/wp\/v2\/categories\/596","targetHints":{"allow":["GET"]}}],"collection":[{"href":"https:\/\/agora.xtec.cat\/credv\/wp-json\/wp\/v2\/categories"}],"about":[{"href":"https:\/\/agora.xtec.cat\/credv\/wp-json\/wp\/v2\/taxonomies\/category"}],"up":[{"embeddable":true,"href":"https:\/\/agora.xtec.cat\/credv\/wp-json\/wp\/v2\/categories\/589"}],"wp:post_type":[{"href":"https:\/\/agora.xtec.cat\/credv\/wp-json\/wp\/v2\/posts?categories=596"}],"curies":[{"name":"wp","href":"https:\/\/api.w.org\/{rel}","templated":true}]}}