{"id":997,"date":"2024-11-25T06:00:46","date_gmt":"2024-11-25T05:00:46","guid":{"rendered":"https:\/\/agora.xtec.cat\/colsil\/?p=997"},"modified":"2024-11-24T16:59:28","modified_gmt":"2024-11-24T15:59:28","slug":"temporada-7-capitol-2","status":"publish","type":"post","link":"https:\/\/agora.xtec.cat\/colsil\/portada\/temporada-7-capitol-2\/","title":{"rendered":"Temporada 7 \u2013 Cap\u00edtol 2"},"content":{"rendered":"<p style=\"text-align: center;\"><span style=\"font-weight: 400;\">\ud83d\udcfa\ud83c\udf89 <\/span><b>Segon cap\u00edtol de la temporada 7 del Meteo715!<\/b><span style=\"font-weight: 400;\"> \ud83c\udf89\ud83d\udcfa<\/span><\/p>\n<p><span style=\"font-weight: 400;\">Aquest dilluns 25, els nostres alumnes nouvinguts de l&#8217;aula d&#8217;acollida us porten un episodi carregat de sorpreses! \ud83c\udf1f<\/span><\/p>\n<ol>\n<li style=\"font-weight: 400;\" aria-level=\"1\"><b>El temps<\/b><span style=\"font-weight: 400;\"> &#8211; Prepareu-vos per a la previsi\u00f3 de la setmana, amb una barreja de n\u00favols, sol i un toc d&#8217;humor! \ud83c\udf24\ufe0f\u2601\ufe0f<\/span><\/li>\n<li style=\"font-weight: 400;\" aria-level=\"1\"><b>L\u2019encesa dels llums de Nadal a Barcelona<\/b><span style=\"font-weight: 400;\"> (28 de novembre) &#8211; Descobriu com la ciutat s&#8217;il\u00b7lumina amb la m\u00e0gia del Nadal! \ud83c\udf06\u2728<\/span><\/li>\n<li style=\"font-weight: 400;\" aria-level=\"1\"><b>El dia de la flor nacional d&#8217;Hondures<\/b><span style=\"font-weight: 400;\"> (25 de novembre) &#8211; Celebrem la bellesa de l&#8217;orqu\u00eddia i les seves curiositats! \ud83c\udf38\ud83c\udded\ud83c\uddf3<\/span><\/li>\n<li style=\"font-weight: 400;\" aria-level=\"1\"><b>Hist\u00f2ria del xuixo<\/b><span style=\"font-weight: 400;\"> &#8211; Endinseu-vos en la deliciosa hist\u00f2ria d&#8217;aquest dol\u00e7 t\u00edpic i com va arribar a ser un favorit de tots! \ud83e\udd50\ud83c\udf6c<\/span><\/li>\n<\/ol>\n<p><span style=\"font-weight: 400;\">No us perdeu aquest cap\u00edtol ple de diversi\u00f3 i aprenentatge! Connecteu-vos i gaudiu del Meteo715! \ud83c\udf0d\ud83d\udcf9<\/span><\/p>\n<p style=\"text-align: center;\"><iframe loading=\"lazy\" title=\"YouTube video player\" src=\"\/\/www.youtube.com\/embed\/aGQ0bSZWxBQ?si=I8DsFSBptcFWYow0\" width=\"560\" height=\"315\" frameborder=\"0\" allowfullscreen=\"allowfullscreen\"><\/iframe><\/p>\n<p style=\"text-align: center;\"><a href=\"https:\/\/www.instagram.com\/meteo715__\">Instagram<\/a>\u00a0\u2013\u00a0<a href=\"https:\/\/www.youtube.com\/c\/Meteo715\">Youtube<\/a>\u00a0\u2013\u00a0<a href=\"http:\/\/meteo715.cat\/\">meteo715.cat<\/a><\/p>\n<p style=\"text-align: center;\">#canaldereporters #videoreporters #cultura<\/p>\n","protected":false},"excerpt":{"rendered":"<p>\ud83d\udcfa\ud83c\udf89 Segon cap\u00edtol de la temporada 7 del Meteo715! \ud83c\udf89\ud83d\udcfa<br \/>\nAquest dilluns 25, els nostres alumnes nouvinguts de l&#8217;aula d&#8217;acollida us porten un episodi carregat de sorpreses! \ud83c\udf1f<\/p>\n<ol>\n<li style=\"font-weight: 400;\" aria-level=\"1\">El temps &#8211; Prepareu-vos per a la previsi\u00f3 de la setmana, amb una barreja de n\u00favols,&hellip;  <a href=\"https:\/\/agora.xtec.cat\/colsil\/portada\/temporada-7-capitol-2\/\" title=\"Read Temporada 7 \u2013 Cap\u00edtol 2\">Llegeix m\u00e9s\u00bb<\/a><br \/>\n","protected":false},"author":1,"featured_media":998,"comment_status":"closed","ping_status":"closed","sticky":false,"template":"","format":"standard","meta":{"_bbp_topic_count":0,"_bbp_reply_count":0,"_bbp_total_topic_count":0,"_bbp_total_reply_count":0,"_bbp_voice_count":0,"_bbp_anonymous_reply_count":0,"_bbp_topic_count_hidden":0,"_bbp_reply_count_hidden":0,"_bbp_forum_subforum_count":0,"footnotes":""},"categories":[29,197],"tags":[150,152,153],"class_list":["post-997","post","type-post","status-publish","format-standard","has-post-thumbnail","hentry","category-portada","category-temporada7","tag-canaldereporters","tag-cultura","tag-videoreporters"],"post_mailing_queue_ids":[],"_links":{"self":[{"href":"https:\/\/agora.xtec.cat\/colsil\/wp-json\/wp\/v2\/posts\/997","targetHints":{"allow":["GET"]}}],"collection":[{"href":"https:\/\/agora.xtec.cat\/colsil\/wp-json\/wp\/v2\/posts"}],"about":[{"href":"https:\/\/agora.xtec.cat\/colsil\/wp-json\/wp\/v2\/types\/post"}],"author":[{"embeddable":true,"href":"https:\/\/agora.xtec.cat\/colsil\/wp-json\/wp\/v2\/users\/1"}],"replies":[{"embeddable":true,"href":"https:\/\/agora.xtec.cat\/colsil\/wp-json\/wp\/v2\/comments?post=997"}],"version-history":[{"count":1,"href":"https:\/\/agora.xtec.cat\/colsil\/wp-json\/wp\/v2\/posts\/997\/revisions"}],"predecessor-version":[{"id":999,"href":"https:\/\/agora.xtec.cat\/colsil\/wp-json\/wp\/v2\/posts\/997\/revisions\/999"}],"wp:featuredmedia":[{"embeddable":true,"href":"https:\/\/agora.xtec.cat\/colsil\/wp-json\/wp\/v2\/media\/998"}],"wp:attachment":[{"href":"https:\/\/agora.xtec.cat\/colsil\/wp-json\/wp\/v2\/media?parent=997"}],"wp:term":[{"taxonomy":"category","embeddable":true,"href":"https:\/\/agora.xtec.cat\/colsil\/wp-json\/wp\/v2\/categories?post=997"},{"taxonomy":"post_tag","embeddable":true,"href":"https:\/\/agora.xtec.cat\/colsil\/wp-json\/wp\/v2\/tags?post=997"}],"curies":[{"name":"wp","href":"https:\/\/api.w.org\/{rel}","templated":true}]}}