{"id":986,"date":"2024-06-21T09:05:31","date_gmt":"2024-06-21T07:05:31","guid":{"rendered":"https:\/\/agora.xtec.cat\/colsil\/?p=986"},"modified":"2024-07-31T12:33:44","modified_gmt":"2024-07-31T10:33:44","slug":"cloenda-de-la-temporda-6-miki-nunez-dins-del-meu-cor","status":"publish","type":"post","link":"https:\/\/agora.xtec.cat\/colsil\/portada\/cloenda-de-la-temporda-6-miki-nunez-dins-del-meu-cor\/","title":{"rendered":"Cloenda de la temporada 6 &#8211; Miki N\u00fa\u00f1ez &#8211; Dins del meu cap"},"content":{"rendered":"<p>Ens acomiadament del curs tot esperant que, a m\u00e9s de &#8220;dins del vostre cap&#8221;&#8230; tamb\u00e9 ens porteu &#8220;dins del vostre cor&#8221;! Bones vacances i fins el setembre!<\/p>\n<p style=\"text-align: center;\"><iframe loading=\"lazy\" title=\"YouTube video player\" src=\"\/\/www.youtube.com\/embed\/HAxE4UxRBBY?si=ztw0taO6svwxoCNP\" width=\"560\" height=\"315\" frameborder=\"0\" allowfullscreen=\"allowfullscreen\"><\/iframe><\/p>\n<p style=\"text-align: center;\"><a href=\"https:\/\/www.instagram.com\/meteo715__\">Instagram<\/a>\u00a0\u2013\u00a0<a href=\"https:\/\/www.youtube.com\/c\/Meteo715\">Youtube<\/a>\u00a0\u2013\u00a0<a href=\"http:\/\/meteo715.cat\/\">meteo715.cat<\/a><\/p>\n<p style=\"text-align: center;\">#canaldereporters #videoreporters #cultura<\/p>\n","protected":false},"excerpt":{"rendered":"<p>Ens acomiadament del curs tot esperant que, a m\u00e9s de &#8220;dins del vostre cap&#8221;&#8230; tamb\u00e9 ens porteu &#8220;dins del vostre cor&#8221;! Bones vacances i fins el setembre!<\/p>\n<p><a href=\"https:\/\/www.instagram.com\/meteo715__\">Instagram<\/a>\u00a0\u2013\u00a0<a href=\"https:\/\/www.youtube.com\/c\/Meteo715\">Youtube<\/a>\u00a0\u2013\u00a0<a href=\"http:\/\/meteo715.cat\/\">meteo715.cat<\/a><br \/>\n#canaldereporters #videoreporters #cultura<\/p>\n","protected":false},"author":1,"featured_media":987,"comment_status":"closed","ping_status":"closed","sticky":false,"template":"","format":"standard","meta":{"_bbp_topic_count":0,"_bbp_reply_count":0,"_bbp_total_topic_count":0,"_bbp_total_reply_count":0,"_bbp_voice_count":0,"_bbp_anonymous_reply_count":0,"_bbp_topic_count_hidden":0,"_bbp_reply_count_hidden":0,"_bbp_forum_subforum_count":0,"footnotes":""},"categories":[29,196],"tags":[150,152,153],"class_list":["post-986","post","type-post","status-publish","format-standard","has-post-thumbnail","hentry","category-portada","category-temporada6","tag-canaldereporters","tag-cultura","tag-videoreporters"],"post_mailing_queue_ids":[],"_links":{"self":[{"href":"https:\/\/agora.xtec.cat\/colsil\/wp-json\/wp\/v2\/posts\/986","targetHints":{"allow":["GET"]}}],"collection":[{"href":"https:\/\/agora.xtec.cat\/colsil\/wp-json\/wp\/v2\/posts"}],"about":[{"href":"https:\/\/agora.xtec.cat\/colsil\/wp-json\/wp\/v2\/types\/post"}],"author":[{"embeddable":true,"href":"https:\/\/agora.xtec.cat\/colsil\/wp-json\/wp\/v2\/users\/1"}],"replies":[{"embeddable":true,"href":"https:\/\/agora.xtec.cat\/colsil\/wp-json\/wp\/v2\/comments?post=986"}],"version-history":[{"count":2,"href":"https:\/\/agora.xtec.cat\/colsil\/wp-json\/wp\/v2\/posts\/986\/revisions"}],"predecessor-version":[{"id":989,"href":"https:\/\/agora.xtec.cat\/colsil\/wp-json\/wp\/v2\/posts\/986\/revisions\/989"}],"wp:featuredmedia":[{"embeddable":true,"href":"https:\/\/agora.xtec.cat\/colsil\/wp-json\/wp\/v2\/media\/987"}],"wp:attachment":[{"href":"https:\/\/agora.xtec.cat\/colsil\/wp-json\/wp\/v2\/media?parent=986"}],"wp:term":[{"taxonomy":"category","embeddable":true,"href":"https:\/\/agora.xtec.cat\/colsil\/wp-json\/wp\/v2\/categories?post=986"},{"taxonomy":"post_tag","embeddable":true,"href":"https:\/\/agora.xtec.cat\/colsil\/wp-json\/wp\/v2\/tags?post=986"}],"curies":[{"name":"wp","href":"https:\/\/api.w.org\/{rel}","templated":true}]}}