{"id":952,"date":"2023-12-11T08:05:23","date_gmt":"2023-12-11T07:05:23","guid":{"rendered":"https:\/\/agora.xtec.cat\/colsil\/?p=952"},"modified":"2023-12-10T15:28:47","modified_gmt":"2023-12-10T14:28:47","slug":"temporada-6-capitol-8","status":"publish","type":"post","link":"https:\/\/agora.xtec.cat\/colsil\/portada\/temporada-6-capitol-8\/","title":{"rendered":"Temporada 6 \u2013 Cap\u00edtol 8"},"content":{"rendered":"<p>Despr\u00e9s d\u2019aquest pont llarg no us podeu oblidar de visionar el #meteo715 dels #nouvingutsSIL. Coneixereu la import\u00e0ncia de cuidar les muntanyes\ud83c\udfd4\ufe0f, qu\u00e8 s\u00f3n Las Novenas de Col\u00f2mbia\ud83c\uddfb\ud83c\uddea i un robot humanoide d\u2019all\u00f2 m\u00e9s curi\u00f3s\ud83d\udd79\ufe0f. No us ho perdeu! \ud83d\udcab<\/p>\n<p style=\"text-align: center;\"><iframe loading=\"lazy\" title=\"YouTube video player\" src=\"\/\/www.youtube.com\/embed\/-J1i2bTQGRc?si=gujzykEfdeDZK-5P\" width=\"560\" height=\"315\" frameborder=\"0\" allowfullscreen=\"allowfullscreen\"><\/iframe><\/p>\n<p style=\"text-align: center;\"><a href=\"https:\/\/www.instagram.com\/meteo715__\">Instagram<\/a>\u00a0\u2013\u00a0<a href=\"https:\/\/www.youtube.com\/c\/Meteo715\">Youtube<\/a>\u00a0\u2013\u00a0<a href=\"http:\/\/meteo715.cat\/\">meteo715.cat<\/a><\/p>\n<p style=\"text-align: center;\">#canaldereporters #videoreporters #cultura<\/p>\n","protected":false},"excerpt":{"rendered":"<p>Despr\u00e9s d\u2019aquest pont llarg no us podeu oblidar de visionar el #meteo715 dels #nouvingutsSIL. Coneixereu la import\u00e0ncia de cuidar les muntanyes\ud83c\udfd4\ufe0f, qu\u00e8 s\u00f3n Las Novenas de Col\u00f2mbia\ud83c\uddfb\ud83c\uddea i un robot humanoide d\u2019all\u00f2 m\u00e9s curi\u00f3s\ud83d\udd79\ufe0f. No us ho perdeu! \ud83d\udcab<\/p>\n<p><a href=\"https:\/\/www.instagram.com\/meteo715__\">Instagram<\/a>\u00a0\u2013\u00a0<a href=\"https:\/\/www.youtube.com\/c\/Meteo715\">Youtube<\/a>\u00a0\u2013\u00a0<a href=\"http:\/\/meteo715.cat\/\">meteo715.cat<\/a><br \/>\n#canaldereporters #videoreporters #cultura<\/p>\n","protected":false},"author":1,"featured_media":954,"comment_status":"closed","ping_status":"closed","sticky":false,"template":"","format":"standard","meta":{"_bbp_topic_count":0,"_bbp_reply_count":0,"_bbp_total_topic_count":0,"_bbp_total_reply_count":0,"_bbp_voice_count":0,"_bbp_anonymous_reply_count":0,"_bbp_topic_count_hidden":0,"_bbp_reply_count_hidden":0,"_bbp_forum_subforum_count":0,"footnotes":""},"categories":[29,196],"tags":[150,152,153],"class_list":["post-952","post","type-post","status-publish","format-standard","has-post-thumbnail","hentry","category-portada","category-temporada6","tag-canaldereporters","tag-cultura","tag-videoreporters"],"post_mailing_queue_ids":[],"_links":{"self":[{"href":"https:\/\/agora.xtec.cat\/colsil\/wp-json\/wp\/v2\/posts\/952","targetHints":{"allow":["GET"]}}],"collection":[{"href":"https:\/\/agora.xtec.cat\/colsil\/wp-json\/wp\/v2\/posts"}],"about":[{"href":"https:\/\/agora.xtec.cat\/colsil\/wp-json\/wp\/v2\/types\/post"}],"author":[{"embeddable":true,"href":"https:\/\/agora.xtec.cat\/colsil\/wp-json\/wp\/v2\/users\/1"}],"replies":[{"embeddable":true,"href":"https:\/\/agora.xtec.cat\/colsil\/wp-json\/wp\/v2\/comments?post=952"}],"version-history":[{"count":1,"href":"https:\/\/agora.xtec.cat\/colsil\/wp-json\/wp\/v2\/posts\/952\/revisions"}],"predecessor-version":[{"id":953,"href":"https:\/\/agora.xtec.cat\/colsil\/wp-json\/wp\/v2\/posts\/952\/revisions\/953"}],"wp:featuredmedia":[{"embeddable":true,"href":"https:\/\/agora.xtec.cat\/colsil\/wp-json\/wp\/v2\/media\/954"}],"wp:attachment":[{"href":"https:\/\/agora.xtec.cat\/colsil\/wp-json\/wp\/v2\/media?parent=952"}],"wp:term":[{"taxonomy":"category","embeddable":true,"href":"https:\/\/agora.xtec.cat\/colsil\/wp-json\/wp\/v2\/categories?post=952"},{"taxonomy":"post_tag","embeddable":true,"href":"https:\/\/agora.xtec.cat\/colsil\/wp-json\/wp\/v2\/tags?post=952"}],"curies":[{"name":"wp","href":"https:\/\/api.w.org\/{rel}","templated":true}]}}