{"id":927,"date":"2023-10-23T08:05:48","date_gmt":"2023-10-23T06:05:48","guid":{"rendered":"https:\/\/agora.xtec.cat\/colsil\/?p=927"},"modified":"2023-10-22T11:55:55","modified_gmt":"2023-10-22T09:55:55","slug":"temprada-6-capitol-1","status":"publish","type":"post","link":"https:\/\/agora.xtec.cat\/colsil\/portada\/temprada-6-capitol-1\/","title":{"rendered":"Temprada 6 \u2013 Cap\u00edtol 1"},"content":{"rendered":"<p>Un primer cap\u00edtol ple de colors simb\u00f2lics \ud83c\uddff\ud83c\udde6 d\u2019una bandera preciosa (Sud\u00e0frica), bona gastronomia \ud83c\udf5d d\u2019un pa\u00eds molt alegre \ud83c\uddee\ud83c\uddf9 (It\u00e0lia) i animals perillosos \ud83d\udc0d de tot el m\u00f3n \ud83d\uddfa\ufe0f anuncien una 6a temporada ben farcida de not\u00edcies interessants \ud83c\udfa4, incre\u00efbles tradicions i curiositats d\u2019un munt de pa\u00efsos \ud83e\uddf3 i com sempre\u2026 \u201ctot a temps\u201d\ud83c\udf24\ufe0f\u26c5\ufe0f\ud83c\udf27\ufe0f\u2600\ufe0f<\/p>\n<p>El #Meteo715 ja torna a ser aqu\u00ed! \ud83d\udc4f\ud83d\udc4f\ud83d\udc4f<\/p>\n<p style=\"text-align: center;\"><iframe loading=\"lazy\" title=\"YouTube video player\" src=\"\/\/www.youtube.com\/embed\/elb-Luy3W7U?si=scE7FAal8Nhf22_t\" width=\"560\" height=\"315\" frameborder=\"0\" allowfullscreen=\"allowfullscreen\"><\/iframe><\/p>\n<p style=\"text-align: center;\"><a href=\"https:\/\/www.instagram.com\/meteo715__\">Instagram<\/a> \u2013\u00a0<a href=\"https:\/\/www.youtube.com\/c\/Meteo715\">Youtube<\/a>\u00a0\u2013\u00a0<a href=\"http:\/\/meteo715.cat\/\">meteo715.cat<\/a><\/p>\n<p style=\"text-align: center;\">#canaldereporters #videoreporters #cultura<\/p>\n<p>&nbsp;<\/p>\n<p>&nbsp;<\/p>\n<p>&nbsp;<\/p>\n","protected":false},"excerpt":{"rendered":"<p>Un primer cap\u00edtol ple de colors simb\u00f2lics \ud83c\uddff\ud83c\udde6 d\u2019una bandera preciosa (Sud\u00e0frica), bona gastronomia \ud83c\udf5d d\u2019un pa\u00eds molt alegre \ud83c\uddee\ud83c\uddf9 (It\u00e0lia) i animals perillosos \ud83d\udc0d de tot el m\u00f3n \ud83d\uddfa\ufe0f anuncien una 6a temporada ben farcida de not\u00edcies interessants \ud83c\udfa4, incre\u00efbles tradicions i curiositats d\u2019un&hellip;  <a href=\"https:\/\/agora.xtec.cat\/colsil\/portada\/temprada-6-capitol-1\/\" title=\"Read Temprada 6 \u2013 Cap\u00edtol 1\">Llegeix m\u00e9s\u00bb<\/a><\/p>\n","protected":false},"author":1,"featured_media":928,"comment_status":"closed","ping_status":"closed","sticky":false,"template":"","format":"standard","meta":{"_bbp_topic_count":0,"_bbp_reply_count":0,"_bbp_total_topic_count":0,"_bbp_total_reply_count":0,"_bbp_voice_count":0,"_bbp_anonymous_reply_count":0,"_bbp_topic_count_hidden":0,"_bbp_reply_count_hidden":0,"_bbp_forum_subforum_count":0,"footnotes":""},"categories":[29,196],"tags":[150,152,153],"class_list":["post-927","post","type-post","status-publish","format-standard","has-post-thumbnail","hentry","category-portada","category-temporada6","tag-canaldereporters","tag-cultura","tag-videoreporters"],"post_mailing_queue_ids":[],"_links":{"self":[{"href":"https:\/\/agora.xtec.cat\/colsil\/wp-json\/wp\/v2\/posts\/927","targetHints":{"allow":["GET"]}}],"collection":[{"href":"https:\/\/agora.xtec.cat\/colsil\/wp-json\/wp\/v2\/posts"}],"about":[{"href":"https:\/\/agora.xtec.cat\/colsil\/wp-json\/wp\/v2\/types\/post"}],"author":[{"embeddable":true,"href":"https:\/\/agora.xtec.cat\/colsil\/wp-json\/wp\/v2\/users\/1"}],"replies":[{"embeddable":true,"href":"https:\/\/agora.xtec.cat\/colsil\/wp-json\/wp\/v2\/comments?post=927"}],"version-history":[{"count":1,"href":"https:\/\/agora.xtec.cat\/colsil\/wp-json\/wp\/v2\/posts\/927\/revisions"}],"predecessor-version":[{"id":929,"href":"https:\/\/agora.xtec.cat\/colsil\/wp-json\/wp\/v2\/posts\/927\/revisions\/929"}],"wp:featuredmedia":[{"embeddable":true,"href":"https:\/\/agora.xtec.cat\/colsil\/wp-json\/wp\/v2\/media\/928"}],"wp:attachment":[{"href":"https:\/\/agora.xtec.cat\/colsil\/wp-json\/wp\/v2\/media?parent=927"}],"wp:term":[{"taxonomy":"category","embeddable":true,"href":"https:\/\/agora.xtec.cat\/colsil\/wp-json\/wp\/v2\/categories?post=927"},{"taxonomy":"post_tag","embeddable":true,"href":"https:\/\/agora.xtec.cat\/colsil\/wp-json\/wp\/v2\/tags?post=927"}],"curies":[{"name":"wp","href":"https:\/\/api.w.org\/{rel}","templated":true}]}}