{"id":924,"date":"2023-10-16T15:05:38","date_gmt":"2023-10-16T13:05:38","guid":{"rendered":"https:\/\/agora.xtec.cat\/colsil\/?p=924"},"modified":"2023-10-15T12:55:31","modified_gmt":"2023-10-15T10:55:31","slug":"promo-temporada-6-els-catarres-cor","status":"publish","type":"post","link":"https:\/\/agora.xtec.cat\/colsil\/portada\/promo-temporada-6-els-catarres-cor\/","title":{"rendered":"Promo Temporada 6 &#8211; Els Catarres &#8211; Cor"},"content":{"rendered":"<p style=\"text-align: left;\">Comencem? Vinga som-hi!<br \/>\nJa la tenim gaireb\u00e9 aqu\u00ed i per fer un tastet de l&#8217;alegria \ud83d\ude03 que la caracteritzar\u00e0&#8230; us oferim veure i viure aquest video que hem fet l&#8217;alumnat nouvingut del col\u00b7le&#8230; aquest any en som gaireb\u00e9 100!!<br \/>\nLa sisena \u00e9s a tocar&#8230; celebrem-ho de tot \u2764\ufe0f!<br \/>\nMoltes gr\u00e0cies als Catarres per deixar-nos usar la seva can\u00e7\u00f3&#8230; tot un \u00e8xit\ud83d\udc4f\ud83d\udc4f\ud83d\udc4f i un himne a la llibertat i el bon rotllo \ud83d\ude0d.<br \/>\nI recordeu seguir-nos a totes les xarxes!! Insta, youtube i Spotify&#8230; sortim a tot arreu perqu\u00e8 som de tot arreu!\ud83c\udf0d<\/p>\n<p style=\"text-align: center;\"><iframe loading=\"lazy\" title=\"YouTube video player\" src=\"\/\/www.youtube.com\/embed\/wldd2rm61WE?si=nPfCcEOwjTM4E0ao\" width=\"560\" height=\"315\" frameborder=\"0\" allowfullscreen=\"allowfullscreen\"><\/iframe><\/p>\n<p style=\"text-align: center;\"><a href=\"https:\/\/www.instagram.com\/meteo715__\">Instagram<\/a> \u2013 <a href=\"https:\/\/www.youtube.com\/c\/Meteo715\">Youtube<\/a>\u00a0\u2013\u00a0<a href=\"http:\/\/meteo715.cat\/\">meteo715.cat<\/a><\/p>\n<p style=\"text-align: center;\">#canaldereporters #videoreporters #cultura<\/p>\n","protected":false},"excerpt":{"rendered":"<p>Comencem? Vinga som-hi!<br \/>\nJa la tenim gaireb\u00e9 aqu\u00ed i per fer un tastet de l&#8217;alegria \ud83d\ude03 que la caracteritzar\u00e0&#8230; us oferim veure i viure aquest video que hem fet l&#8217;alumnat nouvingut del col\u00b7le&#8230; aquest any en som gaireb\u00e9 100!!<br \/>\nLa sisena \u00e9s a tocar&#8230; celebrem-ho de tot&hellip;  <a href=\"https:\/\/agora.xtec.cat\/colsil\/portada\/promo-temporada-6-els-catarres-cor\/\" title=\"Read Promo Temporada 6 &#8211; Els Catarres &#8211; Cor\">Llegeix m\u00e9s\u00bb<\/a><\/p>\n","protected":false},"author":1,"featured_media":925,"comment_status":"closed","ping_status":"closed","sticky":false,"template":"","format":"standard","meta":{"_bbp_topic_count":0,"_bbp_reply_count":0,"_bbp_total_topic_count":0,"_bbp_total_reply_count":0,"_bbp_voice_count":0,"_bbp_anonymous_reply_count":0,"_bbp_topic_count_hidden":0,"_bbp_reply_count_hidden":0,"_bbp_forum_subforum_count":0,"footnotes":""},"categories":[29,196],"tags":[150,152,153],"class_list":["post-924","post","type-post","status-publish","format-standard","has-post-thumbnail","hentry","category-portada","category-temporada6","tag-canaldereporters","tag-cultura","tag-videoreporters"],"post_mailing_queue_ids":[],"_links":{"self":[{"href":"https:\/\/agora.xtec.cat\/colsil\/wp-json\/wp\/v2\/posts\/924","targetHints":{"allow":["GET"]}}],"collection":[{"href":"https:\/\/agora.xtec.cat\/colsil\/wp-json\/wp\/v2\/posts"}],"about":[{"href":"https:\/\/agora.xtec.cat\/colsil\/wp-json\/wp\/v2\/types\/post"}],"author":[{"embeddable":true,"href":"https:\/\/agora.xtec.cat\/colsil\/wp-json\/wp\/v2\/users\/1"}],"replies":[{"embeddable":true,"href":"https:\/\/agora.xtec.cat\/colsil\/wp-json\/wp\/v2\/comments?post=924"}],"version-history":[{"count":1,"href":"https:\/\/agora.xtec.cat\/colsil\/wp-json\/wp\/v2\/posts\/924\/revisions"}],"predecessor-version":[{"id":926,"href":"https:\/\/agora.xtec.cat\/colsil\/wp-json\/wp\/v2\/posts\/924\/revisions\/926"}],"wp:featuredmedia":[{"embeddable":true,"href":"https:\/\/agora.xtec.cat\/colsil\/wp-json\/wp\/v2\/media\/925"}],"wp:attachment":[{"href":"https:\/\/agora.xtec.cat\/colsil\/wp-json\/wp\/v2\/media?parent=924"}],"wp:term":[{"taxonomy":"category","embeddable":true,"href":"https:\/\/agora.xtec.cat\/colsil\/wp-json\/wp\/v2\/categories?post=924"},{"taxonomy":"post_tag","embeddable":true,"href":"https:\/\/agora.xtec.cat\/colsil\/wp-json\/wp\/v2\/tags?post=924"}],"curies":[{"name":"wp","href":"https:\/\/api.w.org\/{rel}","templated":true}]}}