{"id":900,"date":"2023-06-19T13:45:05","date_gmt":"2023-06-19T11:45:05","guid":{"rendered":"https:\/\/agora.xtec.cat\/colsil\/?p=900"},"modified":"2023-06-19T13:45:05","modified_gmt":"2023-06-19T11:45:05","slug":"sorpresa-de-final-de-curs","status":"publish","type":"post","link":"https:\/\/agora.xtec.cat\/colsil\/portada\/sorpresa-de-final-de-curs\/","title":{"rendered":"Sorpresa de final de curs"},"content":{"rendered":"<p>Avui hem tingut una gran sorpresa&#8230; vaja, no una, dues!!!<\/p>\n<p>A un quart de deu del mat\u00ed ens hem reunit tot l&#8217;alumnat nouvingut del SIL a la sala d&#8217;actes per veure l&#8217;estrena de la nostra adaptaci\u00f3 del videoclip musical &#8220;La primavera&#8221; del cantant Edu Esteve, la persona m\u00e9s enrotllada del m\u00f3n mundial.<\/p>\n<p>La gravaci\u00f3 del videoclip la vam dur a terme el passat mes de maig i en ella van participar des dels m\u00e9s petitets de 3r de prim\u00e0ria fins els m\u00e9s gan\u00e0pies de 4ESO de l&#8217;aula d&#8217;acollida.<\/p>\n<p>La gran sorpresa ha estat que, avui, com a cloenda del curs l&#8217;Edu Esteve ens ha gravat un video la mar de cariny\u00f3s felicitant-nos per com de b\u00e9 ens havia quedat el v\u00eddeo i desitjant-nos un bon estiu.<\/p>\n<p>Heus aqu\u00ed el v\u00eddeo, esperem que us agradi tant com a nosaltres:<\/p>\n<p><a href=\"https:\/\/drive.google.com\/file\/d\/1jJWFzWlvIx5_wwjh19JhbPB-T9IMdm86\/view\"><img loading=\"lazy\" decoding=\"async\" class=\"aligncenter size-medium wp-image-901\" src=\"https:\/\/agora.xtec.cat\/colsil\/wp-content\/uploads\/usu808\/2023\/06\/CapturaEdu-300x171.png\" alt=\"\" width=\"300\" height=\"171\" srcset=\"https:\/\/agora.xtec.cat\/colsil\/wp-content\/uploads\/usu808\/2023\/06\/CapturaEdu-300x171.png 300w, https:\/\/agora.xtec.cat\/colsil\/wp-content\/uploads\/usu808\/2023\/06\/CapturaEdu.png 489w\" sizes=\"auto, (max-width: 300px) 100vw, 300px\" \/><\/a><\/p>\n<p style=\"text-align: center;\"><a href=\"https:\/\/www.instagram.com\/meteo715__\">Instagram<\/a>\u00a0\u2013\u00a0<a href=\"https:\/\/twitter.com\/Meteo715\">Twitter<\/a>\u00a0\u2013\u00a0<a href=\"https:\/\/www.youtube.com\/c\/Meteo715\">Youtube<\/a>\u00a0\u2013\u00a0<a href=\"http:\/\/meteo715.cat\/\">meteo715.cat<\/a><\/p>\n<p style=\"text-align: center;\">#canaldereporters #videoreporters #cultura<\/p>\n","protected":false},"excerpt":{"rendered":"<p>Avui hem tingut una gran sorpresa&#8230; vaja, no una, dues!!!<br \/>\nA un quart de deu del mat\u00ed ens hem reunit tot l&#8217;alumnat nouvingut del SIL a la sala d&#8217;actes per veure l&#8217;estrena de la nostra adaptaci\u00f3 del videoclip musical &#8220;La primavera&#8221; del cantant Edu Esteve, la&hellip;  <a href=\"https:\/\/agora.xtec.cat\/colsil\/portada\/sorpresa-de-final-de-curs\/\" title=\"Read Sorpresa de final de curs\">Llegeix m\u00e9s\u00bb<\/a><\/p>\n","protected":false},"author":1,"featured_media":0,"comment_status":"open","ping_status":"closed","sticky":false,"template":"","format":"standard","meta":{"_bbp_topic_count":0,"_bbp_reply_count":0,"_bbp_total_topic_count":0,"_bbp_total_reply_count":0,"_bbp_voice_count":0,"_bbp_anonymous_reply_count":0,"_bbp_topic_count_hidden":0,"_bbp_reply_count_hidden":0,"_bbp_forum_subforum_count":0,"footnotes":""},"categories":[29,149],"tags":[150,152,153],"class_list":["post-900","post","type-post","status-publish","format-standard","hentry","category-portada","category-temporada5","tag-canaldereporters","tag-cultura","tag-videoreporters"],"post_mailing_queue_ids":[],"_links":{"self":[{"href":"https:\/\/agora.xtec.cat\/colsil\/wp-json\/wp\/v2\/posts\/900","targetHints":{"allow":["GET"]}}],"collection":[{"href":"https:\/\/agora.xtec.cat\/colsil\/wp-json\/wp\/v2\/posts"}],"about":[{"href":"https:\/\/agora.xtec.cat\/colsil\/wp-json\/wp\/v2\/types\/post"}],"author":[{"embeddable":true,"href":"https:\/\/agora.xtec.cat\/colsil\/wp-json\/wp\/v2\/users\/1"}],"replies":[{"embeddable":true,"href":"https:\/\/agora.xtec.cat\/colsil\/wp-json\/wp\/v2\/comments?post=900"}],"version-history":[{"count":1,"href":"https:\/\/agora.xtec.cat\/colsil\/wp-json\/wp\/v2\/posts\/900\/revisions"}],"predecessor-version":[{"id":902,"href":"https:\/\/agora.xtec.cat\/colsil\/wp-json\/wp\/v2\/posts\/900\/revisions\/902"}],"wp:attachment":[{"href":"https:\/\/agora.xtec.cat\/colsil\/wp-json\/wp\/v2\/media?parent=900"}],"wp:term":[{"taxonomy":"category","embeddable":true,"href":"https:\/\/agora.xtec.cat\/colsil\/wp-json\/wp\/v2\/categories?post=900"},{"taxonomy":"post_tag","embeddable":true,"href":"https:\/\/agora.xtec.cat\/colsil\/wp-json\/wp\/v2\/tags?post=900"}],"curies":[{"name":"wp","href":"https:\/\/api.w.org\/{rel}","templated":true}]}}