{"id":897,"date":"2023-06-19T10:50:58","date_gmt":"2023-06-19T08:50:58","guid":{"rendered":"https:\/\/agora.xtec.cat\/colsil\/?p=897"},"modified":"2023-06-19T10:50:58","modified_gmt":"2023-06-19T08:50:58","slug":"la-primavera-videoclip","status":"publish","type":"post","link":"https:\/\/agora.xtec.cat\/colsil\/portada\/la-primavera-videoclip\/","title":{"rendered":"La primavera &#8211; Videoclip"},"content":{"rendered":"<p>Gran estrena mundial&#8230; perqu\u00e8 els actors s\u00f3n del tot el m\u00f3n! \ud83d\ude09 No us perdeu la versi\u00f3 del v\u00eddeoclip de la can\u00e7\u00f3 &#8220;La primavera&#8221; de l&#8217;Edu Esteve. Gr\u00e0cies per deixar-nos-la versionar @eduestevemusic i @musica_global<\/p>\n<p style=\"text-align: center;\"><iframe loading=\"lazy\" title=\"YouTube video player\" src=\"\/\/www.youtube.com\/embed\/tV3viRRuzQY\" width=\"560\" height=\"315\" frameborder=\"0\" allowfullscreen=\"allowfullscreen\"><\/iframe><\/p>\n<p style=\"text-align: center;\"><a href=\"https:\/\/www.instagram.com\/meteo715__\">Instagram<\/a>\u00a0\u2013\u00a0<a href=\"https:\/\/twitter.com\/Meteo715\">Twitter<\/a>\u00a0\u2013\u00a0<a href=\"https:\/\/www.youtube.com\/c\/Meteo715\">Youtube<\/a>\u00a0\u2013\u00a0<a href=\"http:\/\/meteo715.cat\/\">meteo715.cat<\/a><\/p>\n<p style=\"text-align: center;\">#canaldereporters #videoreporters #cultura<\/p>\n<p>&nbsp;<\/p>\n","protected":false},"excerpt":{"rendered":"<p>Gran estrena mundial&#8230; perqu\u00e8 els actors s\u00f3n del tot el m\u00f3n! \ud83d\ude09 No us perdeu la versi\u00f3 del v\u00eddeoclip de la can\u00e7\u00f3 &#8220;La primavera&#8221; de l&#8217;Edu Esteve. Gr\u00e0cies per deixar-nos-la versionar @eduestevemusic i @musica_global<\/p>\n<p><a href=\"https:\/\/www.instagram.com\/meteo715__\">Instagram<\/a>\u00a0\u2013\u00a0<a href=\"https:\/\/twitter.com\/Meteo715\">Twitter<\/a>\u00a0\u2013\u00a0<a href=\"https:\/\/www.youtube.com\/c\/Meteo715\">Youtube<\/a>\u00a0\u2013\u00a0<a href=\"http:\/\/meteo715.cat\/\">meteo715.cat<\/a><br \/>\n#canaldereporters #videoreporters #cultura<br \/>\n&nbsp;<\/p>\n","protected":false},"author":1,"featured_media":898,"comment_status":"open","ping_status":"closed","sticky":false,"template":"","format":"standard","meta":{"_bbp_topic_count":0,"_bbp_reply_count":0,"_bbp_total_topic_count":0,"_bbp_total_reply_count":0,"_bbp_voice_count":0,"_bbp_anonymous_reply_count":0,"_bbp_topic_count_hidden":0,"_bbp_reply_count_hidden":0,"_bbp_forum_subforum_count":0,"footnotes":""},"categories":[29,149],"tags":[150,152,153],"class_list":["post-897","post","type-post","status-publish","format-standard","has-post-thumbnail","hentry","category-portada","category-temporada5","tag-canaldereporters","tag-cultura","tag-videoreporters"],"post_mailing_queue_ids":[],"_links":{"self":[{"href":"https:\/\/agora.xtec.cat\/colsil\/wp-json\/wp\/v2\/posts\/897","targetHints":{"allow":["GET"]}}],"collection":[{"href":"https:\/\/agora.xtec.cat\/colsil\/wp-json\/wp\/v2\/posts"}],"about":[{"href":"https:\/\/agora.xtec.cat\/colsil\/wp-json\/wp\/v2\/types\/post"}],"author":[{"embeddable":true,"href":"https:\/\/agora.xtec.cat\/colsil\/wp-json\/wp\/v2\/users\/1"}],"replies":[{"embeddable":true,"href":"https:\/\/agora.xtec.cat\/colsil\/wp-json\/wp\/v2\/comments?post=897"}],"version-history":[{"count":1,"href":"https:\/\/agora.xtec.cat\/colsil\/wp-json\/wp\/v2\/posts\/897\/revisions"}],"predecessor-version":[{"id":899,"href":"https:\/\/agora.xtec.cat\/colsil\/wp-json\/wp\/v2\/posts\/897\/revisions\/899"}],"wp:featuredmedia":[{"embeddable":true,"href":"https:\/\/agora.xtec.cat\/colsil\/wp-json\/wp\/v2\/media\/898"}],"wp:attachment":[{"href":"https:\/\/agora.xtec.cat\/colsil\/wp-json\/wp\/v2\/media?parent=897"}],"wp:term":[{"taxonomy":"category","embeddable":true,"href":"https:\/\/agora.xtec.cat\/colsil\/wp-json\/wp\/v2\/categories?post=897"},{"taxonomy":"post_tag","embeddable":true,"href":"https:\/\/agora.xtec.cat\/colsil\/wp-json\/wp\/v2\/tags?post=897"}],"curies":[{"name":"wp","href":"https:\/\/api.w.org\/{rel}","templated":true}]}}