{"id":843,"date":"2023-02-06T22:05:58","date_gmt":"2023-02-06T21:05:58","guid":{"rendered":"https:\/\/agora.xtec.cat\/colsil\/?p=843"},"modified":"2023-02-06T22:08:54","modified_gmt":"2023-02-06T21:08:54","slug":"un-centenari-molt-especial","status":"publish","type":"post","link":"https:\/\/agora.xtec.cat\/colsil\/portada\/un-centenari-molt-especial\/","title":{"rendered":"Un centenari molt especial!"},"content":{"rendered":"<p><span class=\"s3\" style=\"font-family: inherit; font-size: 1em;\">El <\/span><span class=\"s3\" style=\"font-family: inherit; font-size: 1em;\">#<\/span><span class=\"s3\" style=\"font-family: inherit; font-size: 1em;\">Meteo715 avui, dia 6<\/span><span class=\"s3\" style=\"font-family: inherit; font-size: 1em;\"> de febrer,<\/span><span class=\"s3\" style=\"font-family: inherit; font-size: 1em;\"> ha publicat el seu cap\u00edtol n\u00famero 100! Els #Nouvinguts <\/span><span class=\"s3\" style=\"font-family: inherit; font-size: 1em;\">del Col\u00b7legi SIL <\/span><span class=\"s3\" style=\"font-family: inherit; font-size: 1em;\">estem d\u2019enhorabona i volem compartir amb tothom el nostre immens goig de fer-ne cent!<\/span><\/p>\n<p><span class=\"s4\">\u201cSi esteu planejant el futur per un any, planteu una llavor; per deu anys, planteu un arbre, per\u00f2 si el\u00a0planegeu per\u00a0cent\u00a0anys, eduqueu els nois i <\/span><span class=\"s4\">les <\/span><span class=\"s4\">noies\u201d<\/span><\/p>\n<p><span style=\"font-family: inherit; font-size: 1em;\">Amb aquests mots tan inspiradors de <\/span><span class=\"s5\" style=\"font-family: inherit; font-size: 1em;\">Confuc<\/span><span style=\"font-family: inherit; font-size: 1em;\">i hem comen\u00e7at el nostre <\/span><span class=\"s5\" style=\"font-family: inherit; font-size: 1em;\">programa n\u00famero 100 <\/span><span style=\"font-family: inherit; font-size: 1em;\">els #Nouvinguts del Col\u00b7legi SIL.<\/span><\/p>\n<p><span style=\"font-family: inherit; font-size: 1em;\">Efectivament, <\/span><span class=\"s5\" style=\"font-family: inherit; font-size: 1em;\">l\u2019educaci\u00f3<\/span><span style=\"font-family: inherit; font-size: 1em;\"> \u00e9s una part fonamental en les nostres vides, per\u00f2 encara ho \u00e9s m\u00e9s si el que compartim \u00e9s <\/span><span class=\"s5\" style=\"font-family: inherit; font-size: 1em;\">el respecte<\/span><span style=\"font-family: inherit; font-size: 1em;\"> i les ganes de con\u00e8ixer coses <\/span><span class=\"s5\" style=\"font-family: inherit; font-size: 1em;\">d\u2019altres cultures<\/span><span style=\"font-family: inherit; font-size: 1em;\">. I, precisament aquesta obertura de ments \u00e9s l\u2019eix vertebrador del nostre projecte, el <\/span><span class=\"s5\" style=\"font-family: inherit; font-size: 1em;\">#Meteo715.<\/span><\/p>\n<p><span style=\"font-family: inherit; font-size: 1em;\">Avui estem particularment satisfets i satisfetes <\/span><span class=\"s5\" style=\"font-family: inherit; font-size: 1em;\">d\u2019haver superat mil i un obstacles<\/span><span style=\"font-family: inherit; font-size: 1em;\"> com ara la manca inicial d\u2019estudi on gravar, la defici\u00e8ncia dels mitjans, la dificultat de la log\u00edstica i particularment una <\/span><span class=\"s5\" style=\"font-family: inherit; font-size: 1em;\">pand\u00e8mia<\/span><span style=\"font-family: inherit; font-size: 1em;\"> que va aconseguir aturar tot el m\u00f3n&#8230; menys a nosaltres que durant <\/span><span class=\"s5\" style=\"font-family: inherit; font-size: 1em;\">13 setmanes<\/span><span style=\"font-family: inherit; font-size: 1em;\">vam fer de corresponsals des de totes les parts del m\u00f3n per tal que el nostre projecte no l\u2019atur\u00e9s ni la COVID19!<\/span><\/p>\n<p><span style=\"font-family: inherit; font-size: 1em;\">I tot aquest esfor\u00e7 ens ha dut a que avui fem festa grossa perqu\u00e8 celebrem <\/span><span class=\"s5\" style=\"font-family: inherit; font-size: 1em;\">el nostre cap\u00ed<\/span><span class=\"s5\" style=\"font-family: inherit; font-size: 1em;\">t<\/span><span class=\"s5\" style=\"font-family: inherit; font-size: 1em;\">ol cent<\/span><span style=\"font-family: inherit; font-size: 1em;\">, que ham gravat a l\u2019estupenda <\/span><span class=\"s5\" style=\"font-family: inherit; font-size: 1em;\">Univeristat<\/span><span class=\"s5\" style=\"font-family: inherit; font-size: 1em;\"> Abat <\/span><span class=\"s5\" style=\"font-family: inherit; font-size: 1em;\">Oliba<\/span><span class=\"s5\" style=\"font-family: inherit; font-size: 1em;\"> CEU de Barcelona<\/span><span style=\"font-family: inherit; font-size: 1em;\"> on ens varen rebre com \u201cestrelles medi\u00e0tiques\u201d deixant-nos usar les seves magn\u00edfiques instal\u00b7lacions que ens van fer sentir com aut\u00e8ntics presentadors i presentadores de tele!<\/span><\/p>\n<p><span style=\"font-family: inherit; font-size: 1em;\">En voleu veure el resultat? Doncs com ens agrada dir:<\/span><\/p>\n<p><span class=\"s5\">Endavant <\/span><span class=\"s5\">Meteo<\/span><span class=\"s5\">!<\/span><\/p>\n<p><a href=\"https:\/\/youtu.be\/A6QlETVzL_s\"><img loading=\"lazy\" decoding=\"async\" class=\"aligncenter size-medium wp-image-841\" src=\"https:\/\/agora.xtec.cat\/colsil\/wp-content\/uploads\/usu808\/2023\/02\/6Feb23-300x169.jpeg\" alt=\"\" width=\"300\" height=\"169\" srcset=\"https:\/\/agora.xtec.cat\/colsil\/wp-content\/uploads\/usu808\/2023\/02\/6Feb23-300x169.jpeg 300w, https:\/\/agora.xtec.cat\/colsil\/wp-content\/uploads\/usu808\/2023\/02\/6Feb23-1024x576.jpeg 1024w, https:\/\/agora.xtec.cat\/colsil\/wp-content\/uploads\/usu808\/2023\/02\/6Feb23-768x432.jpeg 768w, https:\/\/agora.xtec.cat\/colsil\/wp-content\/uploads\/usu808\/2023\/02\/6Feb23-1536x864.jpeg 1536w, https:\/\/agora.xtec.cat\/colsil\/wp-content\/uploads\/usu808\/2023\/02\/6Feb23.jpeg 1920w\" sizes=\"auto, (max-width: 300px) 100vw, 300px\" \/><\/a><\/p>\n<p><span style=\"font-family: inherit; font-size: 1em;\">Si us ha agradat, <\/span><span class=\"s5\" style=\"font-family: inherit; font-size: 1em;\">podeu fer-nos un <\/span><span class=\"s7\" style=\"font-family: inherit; font-size: 1em;\">like<\/span><a style=\"font-family: inherit; font-size: 1em;\"><img decoding=\"async\" class=\"s8\" src=\"data:image\/png;base64,iVBORw0KGgoAAAANSUhEUgAAACAAAAAgCAYAAABzenr0AAACUElEQVR4AWKgBvh\/SkOBYaAAoPmyum4khsLwLDMz8z6nhJTgElzCluAOpoR5WmZm5qcpYSrYyGEwaO9nRz6KbI+OZcw5f\/j6\/6RLYzEvibRI8f04AYwK4wb4PGqAxAHQowb4PG4A7WqU5kXXfOHFAT0q84OizDav\/bqi\/92KPo\/KPHVPv\/jqMADxsM0vdjKv\/7muZ+5sAaA1B+T7KdG0pYPBxgSLkqU3RzFs08rHU5ijVJTxvdHc490IQBUCYU6iKDDMOgkw1xQobmZjnVyNQwCy8sOdvJgXoHwn0pWv592\/h0\/K8v3tN8gtFS7BXoDVxxE\/9wxgKrtkKRal80\/36dXPZ02wF2DxgQB8OWEXJzdiRAoS\/1Cx5De3WtDk\/26kZ25Hbk0AKUDXWNtTnQBikQ6Vur+tZb70aAsFyIm71U3SfakEyLSgkgLUz0UfD\/tisoEBVL9for\/N6ZsAHw744tJOAFmoOa03f6+Z6+pTAXixRevfuV2TDARg4fFOvfKoeer6M1IAxEZRGxSgUeXbBXwODiwFXDcAiJtAlSeijycoQlfEqMEC\/JUqf7UNgMaJlx4KzNvdvrjpgbYhgwcAen\/hfgRQEEAhGODXJQAwb3XD8qsDFGm3mI4pOFj5flExrRi\/pmj4nj73QVD5FCFafLjFrF8zBW2YYq9ruChSgORtw8qbAw2z2tPIbkGWGAegG1ToWzhALopSVnK3VVv5crYBUH+zW3fbKUHmzhNRSaQA4UZIly3zPMB1+6dffzCFdZhY9LmTyLt1W0pUiCbx4z8hI+7jzRod9QAAAABJRU5ErkJggg==\" \/><\/a><a style=\"font-family: inherit; font-size: 1em;\"><img decoding=\"async\" class=\"s8\" src=\"data:image\/png;base64,iVBORw0KGgoAAAANSUhEUgAAACAAAAAgCAYAAABzenr0AAAB+ElEQVR4AWLABkbBGWPjBEC7ZYGkWAwG4StwhHeDVdxl3d3d3d3dd4\/AETgCN1h3d3cfzaQpAv1S8KQeKZ1U9Sjf3x2PVEWqKiXwvf770iCsVMgNHvokMfLZ+0xY\/C5GGsLvd6MjUQx6JpXTWfk5S6r6LR9xYr9JTWWOCwz9UYh8A\/RnYlZ0LZ8t\/i+eLv6MSTaKPU+GUURpKrNSNfbv1JLoXrMAvC3Iq5SNXaqbh1QBmPafPiDE+aM19e5cZyv0NGHrjVVnr0mJf7PGKQ5CLUeWAxxVPQfI6t27GTCLh7SsWKj\/2B4b+2\/eJBv3sxAR10Y2RuEKB6j1oGfLSoCORaCP2eZw8sgxh1o6Bz2KN9cSBxAQeqsK9B3ajvm0wfoo3AiPUL8jKHgYYyracryO2gbAGuDF10pfcmHBu8WrwNBiHMoB1BRgFeN3I9J2g8UB1DxiMRoxd5qCZzQK+G5MD2KtF2HZpCmLtmGFA0w1b44F6HwaPjMdgO8T9jY+Cvrh5XQhVUwFuBHW515vfCmZ23rfXN8EEsiZG3p+RziHWNoJc779eNV7DXElaIDbkea17cs8+AGFa9fB3HSIpwkHc9Mh3qTDHTXnEFt9mB\/1Wz\/w7iDzpUbM9Sd4C\/NvvM9Nh7CkrtENd42f2eYbnRXXwyPKdLz6boNtAB08wq8tQ4\/nAAAAAElFTkSuQmCC\" \/><\/a><span style=\"font-family: inherit; font-size: 1em;\">\u00a0 a les nostres xarxes socials:<\/span><\/p>\n<p style=\"text-align: center;\"><a href=\"https:\/\/www.instagram.com\/meteo715__\">Instagram<\/a>\u00a0\u2013\u00a0<a href=\"https:\/\/twitter.com\/Meteo715%20\/t%20_blank\">Twitter<\/a>\u00a0\u2013\u00a0<a href=\"https:\/\/www.youtube.com\/c\/Meteo715%20\/t%20_blank\">Youtube<\/a>\u00a0\u2013\u00a0<a href=\"http:\/\/meteo715.cat\/\">meteo715.cat<\/a><\/p>\n<p>I de pas, posats a demanar&#8230; <span class=\"s5\">ens seguiu<\/span> i aix\u00ed tindreu not\u00edcies fresques nostres!<\/p>\n<p style=\"text-align: center;\">#canaldereporters #premsareporters #cultura<\/p>\n<p style=\"text-align: center;\"><a><img decoding=\"async\" class=\"s9\" src=\"data:image\/png;base64,iVBORw0KGgoAAAANSUhEUgAAACAAAAAgCAMAAABEpIrGAAAAM1BMVEUAAAD0Qzb0Qzb0Qzb0Qzb0Qzb0Qzb0Qzb0Qzb0Qzb0Qzb0Qzb0Qzb0Qzb0Qzb0Qzb0QzZmkvBBAAAAEXRSTlMAII\/vUL\/\/r99AMIDPYJ8QcDKUi7wAAAFLSURBVHgBjJKJDhoxDESdNZnEuTb\/\/7Udy0tUipD6dIDmipGQ\/yVdqvKbVwZQ+FlhIq2XASe3sGcFobWAeveKg9607RGGbCpNwVS5vF+AzoBSuNidyX1RV31riVS2RLBMZEBdfPFaDxj7tLgjgVFNIbKWPev39ROgkLYPkMyARvYEbqDQUHGAy4D5EWDZRBmSuIFGimGNwEAVoSFkMhzHxTlPaZ9AoZnDMNedWGQgwouBEedSjxdKHBeieSMGSrwQv6\/6IQu+Pl1p+h6Y0OehUgClyErtGm+SxW1yK4g2IRecJcEARdLq+Qd4Qrc8+NvBLW9S+us7rhOwfeWBIMtDixfuucIiY+0mn+xj5m5n3czOHY6Wd9Fmz14Z5\/WM0cO0vUaku8k\/tPcZNaY+sF40zDXTt5mBmP0ySUGQv2cDEF3zll8MlJf8GQUAAP\/ODgKXXD0YAAAAAElFTkSuQmCC\" \/><\/a><span class=\"s10\">\u00a0GR\u00c0CIES!<\/span><\/p>\n","protected":false},"excerpt":{"rendered":"<p>El #Meteo715 avui, dia 6 de febrer, ha publicat el seu cap\u00edtol n\u00famero 100! Els #Nouvinguts del Col\u00b7legi SIL estem d\u2019enhorabona i volem compartir amb tothom el nostre immens goig de fer-ne cent!<br \/>\n\u201cSi esteu planejant el futur per un any, planteu una llavor; per deu&hellip;  <a href=\"https:\/\/agora.xtec.cat\/colsil\/portada\/un-centenari-molt-especial\/\" title=\"Read Un centenari molt especial!\">Llegeix m\u00e9s\u00bb<\/a><\/p>\n","protected":false},"author":1,"featured_media":844,"comment_status":"open","ping_status":"closed","sticky":false,"template":"","format":"standard","meta":{"_bbp_topic_count":0,"_bbp_reply_count":0,"_bbp_total_topic_count":0,"_bbp_total_reply_count":0,"_bbp_voice_count":0,"_bbp_anonymous_reply_count":0,"_bbp_topic_count_hidden":0,"_bbp_reply_count_hidden":0,"_bbp_forum_subforum_count":0,"footnotes":""},"categories":[147,29],"tags":[150,152,151],"class_list":["post-843","post","type-post","status-publish","format-standard","has-post-thumbnail","hentry","category-noticies715","category-portada","tag-canaldereporters","tag-cultura","tag-premsareporters"],"post_mailing_queue_ids":[],"_links":{"self":[{"href":"https:\/\/agora.xtec.cat\/colsil\/wp-json\/wp\/v2\/posts\/843","targetHints":{"allow":["GET"]}}],"collection":[{"href":"https:\/\/agora.xtec.cat\/colsil\/wp-json\/wp\/v2\/posts"}],"about":[{"href":"https:\/\/agora.xtec.cat\/colsil\/wp-json\/wp\/v2\/types\/post"}],"author":[{"embeddable":true,"href":"https:\/\/agora.xtec.cat\/colsil\/wp-json\/wp\/v2\/users\/1"}],"replies":[{"embeddable":true,"href":"https:\/\/agora.xtec.cat\/colsil\/wp-json\/wp\/v2\/comments?post=843"}],"version-history":[{"count":2,"href":"https:\/\/agora.xtec.cat\/colsil\/wp-json\/wp\/v2\/posts\/843\/revisions"}],"predecessor-version":[{"id":846,"href":"https:\/\/agora.xtec.cat\/colsil\/wp-json\/wp\/v2\/posts\/843\/revisions\/846"}],"wp:featuredmedia":[{"embeddable":true,"href":"https:\/\/agora.xtec.cat\/colsil\/wp-json\/wp\/v2\/media\/844"}],"wp:attachment":[{"href":"https:\/\/agora.xtec.cat\/colsil\/wp-json\/wp\/v2\/media?parent=843"}],"wp:term":[{"taxonomy":"category","embeddable":true,"href":"https:\/\/agora.xtec.cat\/colsil\/wp-json\/wp\/v2\/categories?post=843"},{"taxonomy":"post_tag","embeddable":true,"href":"https:\/\/agora.xtec.cat\/colsil\/wp-json\/wp\/v2\/tags?post=843"}],"curies":[{"name":"wp","href":"https:\/\/api.w.org\/{rel}","templated":true}]}}