{"id":821,"date":"2023-01-15T17:40:23","date_gmt":"2023-01-15T16:40:23","guid":{"rendered":"https:\/\/agora.xtec.cat\/colsil\/?p=821"},"modified":"2023-01-15T17:41:37","modified_gmt":"2023-01-15T16:41:37","slug":"com-periodistes-professionals","status":"publish","type":"post","link":"https:\/\/agora.xtec.cat\/colsil\/portada\/com-periodistes-professionals\/","title":{"rendered":"Com periodistes professionals!"},"content":{"rendered":"<p><a href=\"https:\/\/agora.xtec.cat\/colsil\/wp-content\/uploads\/usu808\/2023\/01\/Foto-Grup-scaled.jpg\"><img loading=\"lazy\" decoding=\"async\" class=\"aligncenter wp-image-822 size-large\" src=\"https:\/\/agora.xtec.cat\/colsil\/wp-content\/uploads\/usu808\/2023\/01\/Foto-Grup-1024x683.jpg\" alt=\"\" width=\"1024\" height=\"683\" srcset=\"https:\/\/agora.xtec.cat\/colsil\/wp-content\/uploads\/usu808\/2023\/01\/Foto-Grup-1024x683.jpg 1024w, https:\/\/agora.xtec.cat\/colsil\/wp-content\/uploads\/usu808\/2023\/01\/Foto-Grup-300x200.jpg 300w, https:\/\/agora.xtec.cat\/colsil\/wp-content\/uploads\/usu808\/2023\/01\/Foto-Grup-768x512.jpg 768w, https:\/\/agora.xtec.cat\/colsil\/wp-content\/uploads\/usu808\/2023\/01\/Foto-Grup-1536x1024.jpg 1536w, https:\/\/agora.xtec.cat\/colsil\/wp-content\/uploads\/usu808\/2023\/01\/Foto-Grup-2048x1365.jpg 2048w\" sizes=\"auto, (max-width: 1024px) 100vw, 1024px\" \/><\/a><\/p>\n<p>El passat dijous els Nouvinguts i Nouvingudes de l\u2019Aula d\u2019Acollida del col\u00b7legi SIL vam fer una petita excursi\u00f3 fins a la Universitat Abat Oliba on ens esperava una sorpresa que mai oblidarem: poder gravar el cap\u00edtol 100 del nostre Meteo715 en un estudi professional!<\/p>\n<p>A 2\/4 de 10 vam arribar acompanyats de la Sra. Maite Mart\u00edn i el Sr. Jaume Cubells a la seu de la universitat on vam poder gaudir del magn\u00edfic entorn que l\u2019envolta. Vam descobrir laTorre Bellesguard, un\u00a0 dels exponents m\u00e9s remarcables del Modernisme catal\u00e0, projectada per Antoni Gaud\u00ed i vam gaudir molt passejant-nos pel magn\u00edfic claustre.<\/p>\n<p>M\u00e9s tard, cap a les 10 vam adre\u00e7ar-nos al plat\u00f3 de televisi\u00f3 del que disposa aquesta magn\u00edfica universitat i ens vam quedar perplexos de com n\u2019arriba a ser de gran i ben preparat!<\/p>\n<p>Les instal\u00b7lacions de l\u2019Abat Oliba ens van captivar&#8230; quin tou de c\u00e0meres i focus i qu\u00e8 divertit va ser poder llegir les not\u00edcies que hav\u00edem redactat en el teleprompter&#8230;vaja com presentadors professionals del telenot\u00edcies!<\/p>\n<p>Vam visitar tamb\u00e9 la sala de postproducci\u00f3, l\u2019estudi de r\u00e0dio i el de fotografia. I \u00e9s que a la \u201cuni\u201d tenen de tot i s\u00faper modern. Vam prendre nota per poder posar a \u201cla carta dels Reis\u201d del proper any un parell de micros inal\u00e0mbrics&#8230; quina passada!<\/p>\n<p>Malgrat les ganes de quedar-nos en un lloc tan meravell\u00f3s on ens van atendre tan b\u00e9, vam tornar a la nostra escola havent viscut una experi\u00e8ncia \u00fanica.<\/p>\n<p>Moltes gr\u00e0cies a tot l\u2019equip de l\u2019Abat Oliba per haver-nos donat una benvinguda tan cordial i haver-nos explicat tantes coses interessants!!<\/p>\n<p style=\"text-align: center;\"><a href=\"https:\/\/www.instagram.com\/meteo715__\">Instagram<\/a>\u00a0\u2013\u00a0<a href=\"https:\/\/twitter.com\/Meteo715\">Twitter<\/a>\u00a0\u2013\u00a0<a href=\"https:\/\/www.youtube.com\/c\/Meteo715\">Youtube<\/a>\u00a0\u2013\u00a0<a href=\"http:\/\/meteo715.cat\/\">meteo715.cat<\/a><\/p>\n<p style=\"text-align: center;\">#canaldereporters #premsareporters #cultura<\/p>\n","protected":false},"excerpt":{"rendered":"<p><a href=\"https:\/\/agora.xtec.cat\/colsil\/wp-content\/uploads\/usu808\/2023\/01\/Foto-Grup-scaled.jpg\"><\/a><br \/>\nEl passat dijous els Nouvinguts i Nouvingudes de l\u2019Aula d\u2019Acollida del col\u00b7legi SIL vam fer una petita excursi\u00f3 fins a la Universitat Abat Oliba on ens esperava una sorpresa que mai oblidarem: poder gravar el cap\u00edtol 100 del nostre Meteo715 en un estudi professional!<br \/>\nA&hellip;  <a href=\"https:\/\/agora.xtec.cat\/colsil\/portada\/com-periodistes-professionals\/\" title=\"Read Com periodistes professionals!\">Llegeix m\u00e9s\u00bb<\/a><\/p>\n","protected":false},"author":1,"featured_media":822,"comment_status":"open","ping_status":"closed","sticky":false,"template":"","format":"standard","meta":{"_bbp_topic_count":0,"_bbp_reply_count":0,"_bbp_total_topic_count":0,"_bbp_total_reply_count":0,"_bbp_voice_count":0,"_bbp_anonymous_reply_count":0,"_bbp_topic_count_hidden":0,"_bbp_reply_count_hidden":0,"_bbp_forum_subforum_count":0,"footnotes":""},"categories":[147,29],"tags":[150,152,151],"class_list":["post-821","post","type-post","status-publish","format-standard","has-post-thumbnail","hentry","category-noticies715","category-portada","tag-canaldereporters","tag-cultura","tag-premsareporters"],"post_mailing_queue_ids":[],"_links":{"self":[{"href":"https:\/\/agora.xtec.cat\/colsil\/wp-json\/wp\/v2\/posts\/821","targetHints":{"allow":["GET"]}}],"collection":[{"href":"https:\/\/agora.xtec.cat\/colsil\/wp-json\/wp\/v2\/posts"}],"about":[{"href":"https:\/\/agora.xtec.cat\/colsil\/wp-json\/wp\/v2\/types\/post"}],"author":[{"embeddable":true,"href":"https:\/\/agora.xtec.cat\/colsil\/wp-json\/wp\/v2\/users\/1"}],"replies":[{"embeddable":true,"href":"https:\/\/agora.xtec.cat\/colsil\/wp-json\/wp\/v2\/comments?post=821"}],"version-history":[{"count":1,"href":"https:\/\/agora.xtec.cat\/colsil\/wp-json\/wp\/v2\/posts\/821\/revisions"}],"predecessor-version":[{"id":823,"href":"https:\/\/agora.xtec.cat\/colsil\/wp-json\/wp\/v2\/posts\/821\/revisions\/823"}],"wp:featuredmedia":[{"embeddable":true,"href":"https:\/\/agora.xtec.cat\/colsil\/wp-json\/wp\/v2\/media\/822"}],"wp:attachment":[{"href":"https:\/\/agora.xtec.cat\/colsil\/wp-json\/wp\/v2\/media?parent=821"}],"wp:term":[{"taxonomy":"category","embeddable":true,"href":"https:\/\/agora.xtec.cat\/colsil\/wp-json\/wp\/v2\/categories?post=821"},{"taxonomy":"post_tag","embeddable":true,"href":"https:\/\/agora.xtec.cat\/colsil\/wp-json\/wp\/v2\/tags?post=821"}],"curies":[{"name":"wp","href":"https:\/\/api.w.org\/{rel}","templated":true}]}}