{"id":612,"date":"2022-10-23T13:52:35","date_gmt":"2022-10-23T11:52:35","guid":{"rendered":"https:\/\/agora.xtec.cat\/colsil\/?p=612"},"modified":"2022-11-01T10:46:48","modified_gmt":"2022-11-01T09:46:48","slug":"pinzellades-715","status":"publish","type":"post","link":"https:\/\/agora.xtec.cat\/colsil\/portada\/pinzellades-715\/","title":{"rendered":"Pinzellades 715"},"content":{"rendered":"<p>Els nouvinguts i nou<a style=\"color: #2795b6;\" href=\"https:\/\/agora.xtec.cat\/colsil\/wp-content\/uploads\/usu808\/2022\/10\/Anunci-Pinzellades.jpg\"><img loading=\"lazy\" decoding=\"async\" class=\"size-medium wp-image-613 alignleft\" src=\"https:\/\/agora.xtec.cat\/colsil\/wp-content\/uploads\/usu808\/2022\/10\/Anunci-Pinzellades-169x300.jpg\" alt=\"\" width=\"169\" height=\"300\" srcset=\"https:\/\/agora.xtec.cat\/colsil\/wp-content\/uploads\/usu808\/2022\/10\/Anunci-Pinzellades-169x300.jpg 169w, https:\/\/agora.xtec.cat\/colsil\/wp-content\/uploads\/usu808\/2022\/10\/Anunci-Pinzellades-576x1024.jpg 576w, https:\/\/agora.xtec.cat\/colsil\/wp-content\/uploads\/usu808\/2022\/10\/Anunci-Pinzellades-768x1365.jpg 768w, https:\/\/agora.xtec.cat\/colsil\/wp-content\/uploads\/usu808\/2022\/10\/Anunci-Pinzellades-864x1536.jpg 864w, https:\/\/agora.xtec.cat\/colsil\/wp-content\/uploads\/usu808\/2022\/10\/Anunci-Pinzellades.jpg 1080w\" sizes=\"auto, (max-width: 169px) 100vw, 169px\" \/><\/a>vingudes del SIL us convidem a seguir, des de dem\u00e0, les nostres publicacions sobre la llengua catalana!!<\/p>\n<p>El catal\u00e0 \u00e9s una llengua molt rica i amb un munt de curiositats que, de ben segur, us agradar\u00e0 con\u00e8ixer o recordar. Seran publicacions curtes i precises, per aix\u00f2 hem decidit batejar-les <strong>Pinzellades 715<\/strong>!. A m\u00e9s veureu que, de tant en tant, podreu participar-hi directament dient al vostra i fent m\u00e9s animades les publicacions d&#8217;<a href=\"https:\/\/www.instagram.com\/meteo715__\/\">Insta<\/a>.<\/p>\n<p>Us hi fixeu?? Les nostres xarxes&#8230; treuen fum com les castanyes que ens menjarem per la Castanyada!<\/p>\n<p>Esperem que us agradin molt!<\/p>\n<p><a href=\"https:\/\/www.instagram.com\/meteo715__\">Instagram<\/a> &#8211; <a href=\"https:\/\/twitter.com\/Meteo715\">Twitter<\/a> &#8211; <a href=\"https:\/\/www.youtube.com\/c\/Meteo715\">Youtube<\/a> &#8211; <a href=\"http:\/\/meteo715.cat\">meteo715.cat<\/a><\/p>\n<p>#canaldereporters #xarxesreporters #cultura<\/p>\n","protected":false},"excerpt":{"rendered":"<p>Els nouvinguts i nou<a style=\"color: #2795b6;\" href=\"https:\/\/agora.xtec.cat\/colsil\/wp-content\/uploads\/usu808\/2022\/10\/Anunci-Pinzellades.jpg\"><\/a>vingudes del SIL us convidem a seguir, des de dem\u00e0, les nostres publicacions sobre la llengua catalana!!<br \/>\nEl catal\u00e0 \u00e9s una llengua molt rica i amb un munt de curiositats que, de ben segur, us agradar\u00e0 con\u00e8ixer o recordar. Seran&hellip;  <a href=\"https:\/\/agora.xtec.cat\/colsil\/portada\/pinzellades-715\/\" title=\"Read Pinzellades 715\">Llegeix m\u00e9s\u00bb<\/a><\/p>\n","protected":false},"author":1,"featured_media":613,"comment_status":"closed","ping_status":"closed","sticky":false,"template":"","format":"standard","meta":{"_bbp_topic_count":0,"_bbp_reply_count":0,"_bbp_total_topic_count":0,"_bbp_total_reply_count":0,"_bbp_voice_count":0,"_bbp_anonymous_reply_count":0,"_bbp_topic_count_hidden":0,"_bbp_reply_count_hidden":0,"_bbp_forum_subforum_count":0,"footnotes":""},"categories":[147,29],"tags":[150,152,154],"class_list":["post-612","post","type-post","status-publish","format-standard","has-post-thumbnail","hentry","category-noticies715","category-portada","tag-canaldereporters","tag-cultura","tag-xarxesreporters"],"post_mailing_queue_ids":[],"_links":{"self":[{"href":"https:\/\/agora.xtec.cat\/colsil\/wp-json\/wp\/v2\/posts\/612","targetHints":{"allow":["GET"]}}],"collection":[{"href":"https:\/\/agora.xtec.cat\/colsil\/wp-json\/wp\/v2\/posts"}],"about":[{"href":"https:\/\/agora.xtec.cat\/colsil\/wp-json\/wp\/v2\/types\/post"}],"author":[{"embeddable":true,"href":"https:\/\/agora.xtec.cat\/colsil\/wp-json\/wp\/v2\/users\/1"}],"replies":[{"embeddable":true,"href":"https:\/\/agora.xtec.cat\/colsil\/wp-json\/wp\/v2\/comments?post=612"}],"version-history":[{"count":4,"href":"https:\/\/agora.xtec.cat\/colsil\/wp-json\/wp\/v2\/posts\/612\/revisions"}],"predecessor-version":[{"id":695,"href":"https:\/\/agora.xtec.cat\/colsil\/wp-json\/wp\/v2\/posts\/612\/revisions\/695"}],"wp:featuredmedia":[{"embeddable":true,"href":"https:\/\/agora.xtec.cat\/colsil\/wp-json\/wp\/v2\/media\/613"}],"wp:attachment":[{"href":"https:\/\/agora.xtec.cat\/colsil\/wp-json\/wp\/v2\/media?parent=612"}],"wp:term":[{"taxonomy":"category","embeddable":true,"href":"https:\/\/agora.xtec.cat\/colsil\/wp-json\/wp\/v2\/categories?post=612"},{"taxonomy":"post_tag","embeddable":true,"href":"https:\/\/agora.xtec.cat\/colsil\/wp-json\/wp\/v2\/tags?post=612"}],"curies":[{"name":"wp","href":"https:\/\/api.w.org\/{rel}","templated":true}]}}