{"id":579,"date":"2022-10-17T07:00:39","date_gmt":"2022-10-17T05:00:39","guid":{"rendered":"https:\/\/agora.xtec.cat\/colsil\/?p=579"},"modified":"2022-10-22T10:32:43","modified_gmt":"2022-10-22T08:32:43","slug":"presentacio-del-meteo715","status":"publish","type":"post","link":"https:\/\/agora.xtec.cat\/colsil\/portada\/presentacio-del-meteo715\/","title":{"rendered":"Presentaci\u00f3 del Meteo715"},"content":{"rendered":"<table style=\"width: 100%; border-collapse: collapse; background-color: #ffd700;\">\n<tbody>\n<tr>\n<td style=\"width: 100%;\">QUI SOM?<\/td>\n<\/tr>\n<\/tbody>\n<\/table>\n<p dir=\"ltr\"><a href=\"https:\/\/agora.xtec.cat\/colsil\/wp-content\/uploads\/usu808\/2022\/10\/QuiSom.jpeg\"><br \/>\n<img loading=\"lazy\" decoding=\"async\" class=\"wp-image-528 size-medium alignleft\" src=\"https:\/\/agora.xtec.cat\/colsil\/wp-content\/uploads\/usu808\/2022\/10\/QuiSom-300x184.jpeg\" sizes=\"auto, (max-width: 300px) 100vw, 300px\" srcset=\"https:\/\/agora.xtec.cat\/colsil\/wp-content\/uploads\/usu808\/2022\/10\/QuiSom-300x184.jpeg 300w, https:\/\/agora.xtec.cat\/colsil\/wp-content\/uploads\/usu808\/2022\/10\/QuiSom-1024x630.jpeg 1024w, https:\/\/agora.xtec.cat\/colsil\/wp-content\/uploads\/usu808\/2022\/10\/QuiSom-768x472.jpeg 768w, https:\/\/agora.xtec.cat\/colsil\/wp-content\/uploads\/usu808\/2022\/10\/QuiSom.jpeg 1280w\" alt=\"\" width=\"300\" height=\"184\" \/><\/a><\/p>\n<p class=\"CDt4Ke zfr3Q\" dir=\"ltr\">Hola a tothom!<\/p>\n<p class=\"CDt4Ke zfr3Q\" dir=\"ltr\">Ens presentem: som el gruuuuup de\u00a0<strong>Nouvinguts del Col\u00b7legi Sil<\/strong>\u00a0de Barcelona i posem moltes \u201cu\u201d perqu\u00e8 som un mUUUUnt!!\u00a0\ud83d\udc4f<\/p>\n<p class=\"CDt4Ke zfr3Q\" dir=\"ltr\">En la nostra escola de 709 alumnes, m\u00e9s o menys, en som\u00a0<strong>74<\/strong>\u00a0aquest any (comptant des de 3r de Prim\u00e0ria fins a 4t d\u2019ESO) formant el nostre espai: l\u2019Aula d\u2019Acollida!<\/p>\n<p class=\"CDt4Ke zfr3Q\" dir=\"ltr\">Nom\u00e9s perqu\u00e8 us en feu una idea, a l\u2019escola tenim\u00a0<strong>20 nacionalitats<\/strong>\u00a0diferents i parlem\u00a0<strong>15 lleng\u00fces<\/strong>\u00a0diferents\u2026 des del telugu fins al polon\u00e8s, passant pel xin\u00e8s o el b\u00falgar.<\/p>\n<p class=\"CDt4Ke zfr3Q\" dir=\"ltr\">Mola, oi??\u00a0\ud83d\ude07<\/p>\n<p class=\"CDt4Ke zfr3Q\" dir=\"ltr\">Doncs resulta que per ajudar-nos i animar-nos a avan\u00e7ar amb el catal\u00e0, dos dels nostres \u201cprofes\u201d, el Sr. Jaume Cubells (que ens ensenya mates\u00a0\ud83d\udd22) i la Sra. Martha Ball\u00fas (que \u00e9s la nostra tutora de l\u2019aula d\u2019acollida\u00a0\ud83d\udcaa)\u2026 no se\u2019ls va oc\u00f3rrer una altra cosa que treure\u2019s de la m\u00e0niga una activitat que per a nosaltres s\u2019ha convertit en tot un\u00a0<strong>repte\u00a0<\/strong>i una\u00a0<strong>il\u00b7lusi\u00f3,\u00a0<\/strong>superat el moment de \u201ccrisi nerviosa\u201d\u2026\u00a0\ud83e\udd74\u00a0(je, je!) El nostre projecte es diu:\u00a0<strong>METEO715<\/strong>!<\/p>\n<section><\/section>\n<section id=\"h.668e19859bd3cfb_5\" class=\"yaqOZd\">\n<div class=\"mYVXT\">\n<div class=\"LS81yb VICjCf j5pSsc db35Fc\" tabindex=\"-1\">\n<div class=\"hJDwNd-AhqUyc-OwsYgb Ft7HRd-AhqUyc-OwsYgb purZT-AhqUyc-II5mzb ZcASvf-AhqUyc-II5mzb pSzOP-AhqUyc-qWD73c Ktthjf-AhqUyc-qWD73c JNdkSc SQVYQc\">\n<div class=\"JNdkSc-SmKAyb LkDMRd\">\n<div class=\"\">\n<div class=\"oKdM2c ZZyype Kzv0Me\">\n<div id=\"h.668e19859bd3cfb_13\" class=\"hJDwNd-AhqUyc-OwsYgb Ft7HRd-AhqUyc-OwsYgb jXK9ad D2fZ2 zu5uec OjCsFc dmUFtb wHaque g5GTcb GNzUNc\">\n<div class=\"jXK9ad-SmKAyb\">\n<div class=\"tyJCtd mGzaTb Depvyb baZpAe\">\n<table style=\"width: 100%; border-collapse: collapse; background-color: #ffd700;\">\n<tbody>\n<tr>\n<td style=\"width: 100%;\">QU\u00c8 FEM?<\/td>\n<\/tr>\n<\/tbody>\n<\/table>\n<p class=\"CDt4Ke zfr3Q\" dir=\"ltr\"><a href=\"https:\/\/agora.xtec.cat\/colsil\/wp-content\/uploads\/usu808\/2022\/10\/QueFem.jpg\"><img loading=\"lazy\" decoding=\"async\" class=\"size-medium wp-image-530 alignright\" src=\"https:\/\/agora.xtec.cat\/colsil\/wp-content\/uploads\/usu808\/2022\/10\/QueFem-300x222.jpg\" sizes=\"auto, (max-width: 300px) 100vw, 300px\" srcset=\"https:\/\/agora.xtec.cat\/colsil\/wp-content\/uploads\/usu808\/2022\/10\/QueFem-300x222.jpg 300w, https:\/\/agora.xtec.cat\/colsil\/wp-content\/uploads\/usu808\/2022\/10\/QueFem-1024x758.jpg 1024w, https:\/\/agora.xtec.cat\/colsil\/wp-content\/uploads\/usu808\/2022\/10\/QueFem-768x568.jpg 768w, https:\/\/agora.xtec.cat\/colsil\/wp-content\/uploads\/usu808\/2022\/10\/QueFem.jpg 1280w\" alt=\"\" width=\"300\" height=\"222\" \/><\/a>El\u00a0<strong>METEO715<\/strong>\u00a0\u00e9s molt m\u00e9s que un noticiari, un espai del temps o un magazine\u2026 \u00e9s el moment de ser \u201cprota\u201d de cadascun de nosaltres!<\/p>\n<p class=\"CDt4Ke zfr3Q\" dir=\"ltr\">Des dels m\u00e9s petitets de 3r d\u2019EP fins als m\u00e9s grans, els de 4t d\u2019ESO, tots passem pel Meteo715 b\u00e9 sigui fent un o un altre espai dels que el configura:<\/p>\n<ul>\n<li class=\"CDt4Ke zfr3Q\" dir=\"ltr\">El Temps\u00a0\u2600\ufe0f\u00a0(on fem d\u2019homes\/dones del temps i expliquem el pron\u00f2stic de tota la setmana).<\/li>\n<\/ul>\n<ul class=\"n8H08c UVNKR\">\n<li class=\"TYR86d zfr3Q\" dir=\"ltr\">\n<p class=\"CDt4Ke zfr3Q\" dir=\"ltr\">L\u2019Agenda\u00a0\ud83d\uddd3(on expliquem algun fet rellevant de la setmana).<\/p>\n<\/li>\n<li class=\"TYR86d zfr3Q\" dir=\"ltr\">\n<p class=\"CDt4Ke zfr3Q\" dir=\"ltr\">Els Fets i Costums\u00a0\ud83c\udf8e(on expliquem festes, costums, curiositats, receptes\u2026 dels nostres pa\u00efsos d\u2019origen).<\/p>\n<\/li>\n<li class=\"TYR86d zfr3Q\" dir=\"ltr\">\n<p class=\"CDt4Ke zfr3Q\" dir=\"ltr\">El Suplement\u00a0\ud83d\udcf0(on tractem de manera monogr\u00e0fica un tema que ens sembla de rellevant inter\u00e8s).<\/p>\n<\/li>\n<\/ul>\n<\/div>\n<\/div>\n<\/div>\n<\/div>\n<\/div>\n<\/div>\n<\/div>\n<\/div>\n<\/div>\n<\/section>\n<section id=\"h.1d65c1d211205b4a_19\" class=\"yaqOZd\">\n<div class=\"IFuOkc\"><\/div>\n<div class=\"mYVXT\">\n<div class=\"LS81yb VICjCf j5pSsc db35Fc\" tabindex=\"-1\">\n<div class=\"hJDwNd-AhqUyc-uQSCkd Ft7HRd-AhqUyc-uQSCkd purZT-AhqUyc-II5mzb ZcASvf-AhqUyc-II5mzb pSzOP-AhqUyc-qWD73c Ktthjf-AhqUyc-qWD73c JNdkSc SQVYQc\">\n<div class=\"JNdkSc-SmKAyb LkDMRd\">\n<div class=\"\">\n<div class=\"oKdM2c ZZyype Kzv0Me\">\n<div id=\"h.1d65c1d211205b4a_16\" class=\"hJDwNd-AhqUyc-uQSCkd Ft7HRd-AhqUyc-uQSCkd jXK9ad D2fZ2 zu5uec OjCsFc dmUFtb wHaque g5GTcb GNzUNc\">\n<div class=\"jXK9ad-SmKAyb\">\n<div class=\"tyJCtd mGzaTb Depvyb baZpAe\">\n<p class=\"CDt4Ke zfr3Q\" dir=\"ltr\">mb aquesta\u00a0<strong>activitat setmanal<\/strong>\u00a0aprenem moltes coses com ara a:\u00a0<strong>buscar<\/strong>\u00a0i\u00a0<strong>discriminar<\/strong>\u00a0la\u00a0<strong>informaci\u00f3<\/strong>\u00a0des d\u2019internet,\u00a0<strong>redactar<\/strong>\u00a0les not\u00edcies,\u00a0<strong>indagar<\/strong>\u00a0el temps,\u00a0<strong>proposar<\/strong>\u00a0els Fets i Costums i\u00a0<strong>configurar<\/strong>\u00a0el Suplement.<\/p>\n<p class=\"CDt4Ke zfr3Q\" dir=\"ltr\">Aix\u00ed mateix aprenem no nom\u00e9s la\u00a0<strong>pron\u00fancia<\/strong>, sin\u00f3 tamb\u00e9 la\u00a0<strong>dicci\u00f3<\/strong>\u00a0del catal\u00e0 i\u00a0<strong>l\u2019entonaci\u00f3<\/strong>.<\/p>\n<p class=\"CDt4Ke zfr3Q\" dir=\"ltr\">Tamb\u00e9 ens\u00a0<strong>obrim<\/strong>\u00a0a la resta de companys de l\u2019escola ja que els nostres professors ens posen setmana rere setmana el\u00a0<strong>METEO715\u00a0<\/strong>a classe compartint-los aquest espai\u00a0<strong>d\u2019interacci\u00f3 cultural i d\u2019intercanvi social.<\/strong><\/p>\n<p class=\"CDt4Ke zfr3Q\" dir=\"ltr\">I per \u00faltim, com que el\u00a0<strong>METEO715<\/strong>\u00a0el pengem i l\u2019anunciem al Twitter de l\u2019escola i el pengem a la Intranet el podem compartir amb les\u00a0<strong>nostres fam\u00edlies<\/strong>, fent-les part\u00edcips dels nostres aven\u00e7os!<\/p>\n<p dir=\"ltr\">\n<\/div>\n<table style=\"width: 100%; border-collapse: collapse; background-color: #ffd700;\">\n<tbody>\n<tr>\n<td style=\"width: 100%;\">LA NOSTRA HIST\u00d2RIA<\/td>\n<\/tr>\n<\/tbody>\n<\/table>\n<\/div>\n<\/div>\n<\/div>\n<\/div>\n<\/div>\n<div class=\"JNdkSc-SmKAyb LkDMRd\">\n<div class=\"\">\n<div class=\"oKdM2c ZZyype Kzv0Me\">\n<div id=\"h.1d65c1d211205b4a_16\" class=\"hJDwNd-AhqUyc-uQSCkd Ft7HRd-AhqUyc-uQSCkd jXK9ad D2fZ2 zu5uec OjCsFc dmUFtb wHaque g5GTcb GNzUNc\">\n<div class=\"jXK9ad-SmKAyb\">\n<section id=\"h.74298973656906b3_0\" class=\"yaqOZd\">\n<div class=\"mYVXT\">\n<div class=\"LS81yb VICjCf j5pSsc db35Fc\" tabindex=\"-1\">\n<div class=\"hJDwNd-AhqUyc-qWD73c Ft7HRd-AhqUyc-qWD73c purZT-AhqUyc-II5mzb ZcASvf-AhqUyc-II5mzb pSzOP-AhqUyc-qWD73c Ktthjf-AhqUyc-qWD73c JNdkSc SQVYQc\">\n<div class=\"JNdkSc-SmKAyb LkDMRd\">\n<div class=\"\">\n<div class=\"oKdM2c ZZyype Kzv0Me\">\n<div id=\"h.74298973656906b3_8\" class=\"hJDwNd-AhqUyc-qWD73c Ft7HRd-AhqUyc-qWD73c jXK9ad D2fZ2 zu5uec OjCsFc dmUFtb wHaque g5GTcb GNzUNc\">\n<div class=\"jXK9ad-SmKAyb\">\n<div class=\"tyJCtd mGzaTb Depvyb baZpAe\">\n<p class=\"CDt4Ke zfr3Q\" dir=\"ltr\"><a href=\"https:\/\/agora.xtec.cat\/colsil\/wp-content\/uploads\/usu808\/2022\/10\/HistoriaMeteo.jpg\"><img loading=\"lazy\" decoding=\"async\" class=\"size-medium wp-image-531 alignleft\" src=\"https:\/\/agora.xtec.cat\/colsil\/wp-content\/uploads\/usu808\/2022\/10\/HistoriaMeteo-300x181.jpg\" sizes=\"auto, (max-width: 300px) 100vw, 300px\" srcset=\"https:\/\/agora.xtec.cat\/colsil\/wp-content\/uploads\/usu808\/2022\/10\/HistoriaMeteo-300x181.jpg 300w, https:\/\/agora.xtec.cat\/colsil\/wp-content\/uploads\/usu808\/2022\/10\/HistoriaMeteo-1024x619.jpg 1024w, https:\/\/agora.xtec.cat\/colsil\/wp-content\/uploads\/usu808\/2022\/10\/HistoriaMeteo-768x464.jpg 768w, https:\/\/agora.xtec.cat\/colsil\/wp-content\/uploads\/usu808\/2022\/10\/HistoriaMeteo.jpg 1280w\" alt=\"\" width=\"300\" height=\"181\" \/><\/a>Era el\u00a0<strong>24 d\u2019abril de 2018<\/strong>\u00a0quan un parell de professors vam embrancar-nos a dur endavant aquest projecte tan nostre com \u00e9s el\u00a0<strong>METEO715.<\/strong><\/p>\n<p class=\"CDt4Ke zfr3Q\" dir=\"ltr\">Vam comen\u00e7ar amb\u00a0<strong>poca experi\u00e8ncia<\/strong>, per\u00f2 amb\u00a0<strong>molta il\u00b7lusi\u00f3<\/strong>\u00a0i amb un equip de nois de 4t d\u2019ESO que ens ajudaven amb la gravaci\u00f3 i muntatge.<\/p>\n<\/div>\n<\/div>\n<\/div>\n<\/div>\n<\/div>\n<\/div>\n<\/div>\n<div class=\"hJDwNd-AhqUyc-qWD73c Ft7HRd-AhqUyc-qWD73c purZT-AhqUyc-II5mzb ZcASvf-AhqUyc-II5mzb pSzOP-AhqUyc-qWD73c Ktthjf-AhqUyc-qWD73c JNdkSc SQVYQc\">\n<div class=\"JNdkSc-SmKAyb LkDMRd\">\n<div class=\"\">\n<div class=\"oKdM2c ZZyype Kzv0Me\">\n<div id=\"h.721ad285b36605b3_0\" class=\"hJDwNd-AhqUyc-qWD73c Ft7HRd-AhqUyc-qWD73c jXK9ad D2fZ2 zu5uec OjCsFc dmUFtb wHaque g5GTcb\">\n<div class=\"jXK9ad-SmKAyb\">\n<div class=\"tyJCtd baZpAe\">\n<div class=\"t3iYD\"><\/div>\n<\/div>\n<\/div>\n<\/div>\n<\/div>\n<\/div>\n<\/div>\n<\/div>\n<\/div>\n<\/div>\n<\/section>\n<section id=\"h.65586a3c9e44084a_11\" class=\"yaqOZd\">\n<div class=\"mYVXT\">\n<div class=\"LS81yb VICjCf j5pSsc db35Fc\" tabindex=\"-1\">\n<div class=\"hJDwNd-AhqUyc-uQSCkd Ft7HRd-AhqUyc-uQSCkd purZT-AhqUyc-II5mzb ZcASvf-AhqUyc-II5mzb pSzOP-AhqUyc-qWD73c Ktthjf-AhqUyc-qWD73c JNdkSc SQVYQc\">\n<div class=\"JNdkSc-SmKAyb LkDMRd\">\n<div class=\"\">\n<div class=\"oKdM2c ZZyype Kzv0Me\">\n<div id=\"h.65586a3c9e44084a_8\" class=\"hJDwNd-AhqUyc-uQSCkd Ft7HRd-AhqUyc-uQSCkd jXK9ad D2fZ2 zu5uec OjCsFc dmUFtb wHaque g5GTcb GNzUNc\">\n<div class=\"jXK9ad-SmKAyb\">\n<div class=\"tyJCtd mGzaTb Depvyb baZpAe\">\n<p class=\"CDt4Ke zfr3Q\" dir=\"ltr\">Com podreu veure, quan visioneu els primers cap\u00edtols, no en sab\u00edem gaire per\u00f2 f\u00e8iem el que pod\u00edem!<\/p>\n<p class=\"CDt4Ke zfr3Q\" dir=\"ltr\">Aquesta\u00a0<strong>primera temporada<\/strong>\u00a0el\u00a0<strong>METEO715<\/strong>\u00a0tenia dos espais:<\/p>\n<ul class=\"n8H08c UVNKR\">\n<li class=\"TYR86d zfr3Q\" dir=\"ltr\">\n<p class=\"CDt4Ke zfr3Q\" dir=\"ltr\">El temps (a 5 dies vista)<\/p>\n<\/li>\n<li class=\"TYR86d zfr3Q\" dir=\"ltr\">\n<p class=\"CDt4Ke zfr3Q\" dir=\"ltr\">Un refrany en catal\u00e0 sobre el temps<\/p>\n<\/li>\n<\/ul>\n<p class=\"CDt4Ke zfr3Q\" dir=\"ltr\">Vam acabar el curs amb aquest format de \u201cTemps + Refrany\u201d\u2026 i a l\u2019estiu ens vam il\u00b7luminar:<\/p>\n<p class=\"CDt4Ke zfr3Q\" dir=\"ltr\">Benvinguts a la\u00a0<strong>segona temporada<\/strong>!!<\/p>\n<p class=\"CDt4Ke zfr3Q\" dir=\"ltr\">A m\u00e9s de millorar la qualitat de gravaci\u00f3 (cosa no massa dif\u00edcil\u00a0\ud83d\ude09) el\u00a0<strong>METEO715\u00a0<\/strong>va comptar amb diferents i nous espais:<\/p>\n<ul class=\"n8H08c UVNKR\">\n<li class=\"TYR86d zfr3Q\" dir=\"ltr\">\n<p class=\"CDt4Ke zfr3Q\" dir=\"ltr\">El Temps<\/p>\n<\/li>\n<li class=\"TYR86d zfr3Q\" dir=\"ltr\">\n<p class=\"CDt4Ke zfr3Q\" dir=\"ltr\">El Refrany (aquest cop biling\u00fce -idea dels Nouvinguts-)<\/p>\n<\/li>\n<li class=\"TYR86d zfr3Q\" dir=\"ltr\">\n<p class=\"CDt4Ke zfr3Q\" dir=\"ltr\">I hi v\u00e0rem afegir: L\u2019Agenda<\/p>\n<\/li>\n<\/ul>\n<p class=\"CDt4Ke zfr3Q\" dir=\"ltr\">Ten\u00edem una paret pintada de verd a una aula de l\u2019escola que ens anava molt b\u00e9 per gravar i un espai propi for\u00e7a insonoritzat.<\/p>\n<p class=\"CDt4Ke zfr3Q\" dir=\"ltr\">I un xic m\u00e9s endavant incorporar\u00edem el micro, un gran aliat!<\/p>\n<p class=\"CDt4Ke zfr3Q\" dir=\"ltr\">Aquesta temporada va ser tamb\u00e9 la que es varen estrenar els\u00a0<strong>petits presentadors<\/strong>\u00a0explicant com ens havia quedat l\u2019hortet de l\u2019escola despr\u00e9s del pas del Gl\u00f2ria. Ho van fer tan reb\u00e9 que els vam fitxar com a presentadors per sempre m\u00e9s i vam estrenar un micro-espai m\u00e9s:<\/p>\n<ul class=\"n8H08c UVNKR\">\n<li class=\"TYR86d zfr3Q\" dir=\"ltr\">\n<p class=\"CDt4Ke zfr3Q\" dir=\"ltr\">El Suplement!<\/p>\n<\/li>\n<\/ul>\n<p class=\"CDt4Ke zfr3Q\" dir=\"ltr\">I quan tot anava com un b\u00f2lit\u2026 arriba la COVID! Per\u00f2, aix\u00ed i tot vam seguir emetent, ni m\u00e9s ni menys que\u00a0<strong>13 METEOS CONFINATS!!!<\/strong><\/p>\n<p class=\"CDt4Ke zfr3Q\" dir=\"ltr\">Des de casa, des de l\u2019hotel, des de R\u00fassia, Hongria, Bulg\u00e0ria o Barcelona el\u00a0<strong>METEO715<\/strong>\u00a0no va faltar ni una setmana!<\/p>\n<p class=\"CDt4Ke zfr3Q\" dir=\"ltr\">I per fi vam tornar a l\u2019escola!!!<\/p>\n<p class=\"CDt4Ke zfr3Q\" dir=\"ltr\">I comen\u00e7a la\u00a0<strong>tercera temporada\u2026<\/strong><\/p>\n<p class=\"CDt4Ke zfr3Q\" dir=\"ltr\">I rebem nous \u201cNouvinguts\u201d i n\u2019acomiadem d\u2019altres\u2026 ja se sap\u2026 per\u00f2 com que el que segueix amb nosaltres, malauradament, \u00e9s el male\u00eft virus. Per aquesta ra\u00f3 ens hem vistos obligats a usar l\u2019aula d\u2019acollida com a \u201c<strong>plat\u00f3 improvitzat<\/strong>\u201d ja que l\u2019aula que utilitz\u00e0vem es troba en un lloc sense ventilaci\u00f3!<\/p>\n<p class=\"CDt4Ke zfr3Q\" dir=\"ltr\">Vam veure que el refrany ja els comen\u00e7ava a cansar, i que en canvi, tenien ganes d\u2019explicar m\u00e9s coses de la seva terra, per tant, en cogniv\u00e8ncia\u00a0<strong>amb la professora de catal\u00e0 curricular<\/strong>\u00a0(Sra. Laura Babot), que tamb\u00e9 els fa refor\u00e7 de lleng\u00fces, vam canviar el refrany pel \u201c<strong>Fets i costums<\/strong>\u201d. I l\u2019esquema ha quedat com us detall\u00e0vem a l\u2019apartat \u201c Qu\u00e8 fem\u201d:<\/p>\n<ul class=\"n8H08c UVNKR\">\n<li class=\"TYR86d zfr3Q\" dir=\"ltr\">\n<p class=\"CDt4Ke zfr3Q\" dir=\"ltr\">El Temps<\/p>\n<\/li>\n<li class=\"TYR86d zfr3Q\" dir=\"ltr\">\n<p class=\"CDt4Ke zfr3Q\" dir=\"ltr\">L\u2019Agenda<\/p>\n<\/li>\n<li class=\"TYR86d zfr3Q\" dir=\"ltr\">\n<p class=\"CDt4Ke zfr3Q\" dir=\"ltr\">Els Fets i Costums<\/p>\n<\/li>\n<li class=\"TYR86d zfr3Q\" dir=\"ltr\">\n<p class=\"CDt4Ke zfr3Q\" dir=\"ltr\">El Suplement<\/p>\n<\/li>\n<\/ul>\n<\/div>\n<\/div>\n<\/div>\n<\/div>\n<\/div>\n<\/div>\n<\/div>\n<\/div>\n<\/div>\n<\/section>\n<\/div>\n<\/div>\n<\/div>\n<\/div>\n<\/div>\n<\/div>\n<\/div>\n<\/div>\n<\/section>\n<table style=\"width: 100%; border-collapse: collapse; background-color: #ffd700;\">\n<tbody>\n<tr>\n<td style=\"width: 100%;\">ELS NOSTRES N\u00daMEROS<\/td>\n<\/tr>\n<\/tbody>\n<\/table>\n<p class=\"CDt4Ke zfr3Q\" dir=\"ltr\">No en va, un de nosaltres \u00e9s el \u201cprofe de mates\u201d per tant\u2026 aqu\u00ed van els nostres n\u00fameros!!<\/p>\n<p class=\"CDt4Ke zfr3Q\" dir=\"ltr\">Seieu i agafeu-vos b\u00e9 que s\u00f3n impressionants!!<\/p>\n<p class=\"CDt4Ke zfr3Q\" dir=\"ltr\">Des del dia despr\u00e9s de Sant Jordi, del 2018 fins a dia d\u2019avui, hem ideat, gravat, presentat i muntat\u2026 88 CAP\u00cdTOLS\u2026 DELS QUALS 12 CONFINATS (on els nouvinguts es van gravar a s\u00ed mateixos i ens ho van fer arribar\u2026 cosa gens f\u00e0cil i que reconeixem amb GRAN ORGULL!!! Tenim els\u00a0<strong>millors col\u00b7laboradors del m\u00f3n<\/strong>!!!)<\/p>\n<p class=\"CDt4Ke zfr3Q\" dir=\"ltr\">D\u2019aquests 88 cap\u00edtols, si els pos\u00e9ssim tot seguidets durarien 1 hora m\u00e9s que la\u00a0<strong>trilogia\u00a0<\/strong>del \u201cSenyor dels Anells\u201d\u00a0\ud83d\ude42\u00a0ja que el nostre Meteo715 ocupa ni m\u00e9s ni menys que 612 MINUTS!!<\/p>\n<p class=\"CDt4Ke zfr3Q\" dir=\"ltr\">El m\u00e9s divertit \u00e9s que, el primer\u00a0<strong>METEO715<\/strong>\u00a0va durar 2 minuts mentre que actualment gaireb\u00e9 tots s\u2019acosten als\u00a0<strong>8<\/strong>!! D\u00e9u ni d\u00f3 com n\u2019\u00e9s de\u00a0<strong>llargarut<\/strong>\u00a0ara!!\u00a0\ud83d\ude09<\/p>\n<p class=\"CDt4Ke zfr3Q\" dir=\"ltr\">Si ens fixem amb el\u00a0<strong>pes<\/strong>\u2026 es pot dir que el nostre\u00a0<strong>METEO715<\/strong>, tamb\u00e9 s\u2019ha engreixat!!\u00a0\ud83d\ude42<\/p>\n<p class=\"CDt4Ke zfr3Q\" dir=\"ltr\">Al comen\u00e7ament feia\u00a0<strong>entre<\/strong>\u00a0<strong>35 i 6<\/strong><strong>0\u00a0<\/strong><strong>megues<\/strong>\u00a0i de \u201cm\u00e9s gran\u201d ha arribat a\u00a0<strong>pesar-ne m\u00e9s de\u00a0<\/strong><strong>2048!!!<\/strong><\/p>\n<p class=\"CDt4Ke zfr3Q\" dir=\"ltr\"><strong>I<\/strong><strong>\u00a0deixem la dada m\u00e9s incre\u00efble pel final\u2026 sabeu quants presentadors ha tingut el METEO715???<\/strong><\/p>\n<p class=\"CDt4Ke zfr3Q\" dir=\"ltr\"><strong>Doncs\u2026519!!! S\u00ed, s\u00ed!!\u00a0<\/strong><strong>I<\/strong><strong>\u00a0de m\u00e9s de 20 nacionalitats diferents!!<\/strong><\/p>\n<p class=\"CDt4Ke zfr3Q\" dir=\"ltr\">I \u00e9s que\u00a0<strong>tots<\/strong>\u00a0els\u00a0<strong>NOUVINGUTS<\/strong>\u00a0de l\u2019escola, des del primer a l\u2019\u00faltim han passat pel Meteo, com a m\u00ednim una vegada\u2026 i com que a la immensa majoria els agrada tant\u2026<strong>\u00a0volen repetir<\/strong>. La qual cosa,\u00a0<strong>ens omple d\u2019il\u00b7lusi\u00f3<\/strong>\u00a0i fa que ens compensin les\u00a0<strong>hores i hores<\/strong>\u00a0que dediquem a aquest projecte tots\u00a0<strong>dos docents.<\/strong><\/p>\n<figure class=\"figure wp-caption alignnone\">\n<p><figure class=\"figure wp-caption aligncenter\"><a href=\"https:\/\/agora.xtec.cat\/colsil\/wp-content\/uploads\/usu808\/2022\/10\/Num1Jul22.jpg\"><img loading=\"lazy\" decoding=\"async\" class=\"wp-image-532 size-medium\" src=\"https:\/\/agora.xtec.cat\/colsil\/wp-content\/uploads\/usu808\/2022\/10\/Num1Jul22-300x160.jpg\" sizes=\"auto, (max-width: 300px) 100vw, 300px\" srcset=\"https:\/\/agora.xtec.cat\/colsil\/wp-content\/uploads\/usu808\/2022\/10\/Num1Jul22-300x160.jpg 300w, https:\/\/agora.xtec.cat\/colsil\/wp-content\/uploads\/usu808\/2022\/10\/Num1Jul22-1024x546.jpg 1024w, https:\/\/agora.xtec.cat\/colsil\/wp-content\/uploads\/usu808\/2022\/10\/Num1Jul22-768x409.jpg 768w, https:\/\/agora.xtec.cat\/colsil\/wp-content\/uploads\/usu808\/2022\/10\/Num1Jul22.jpg 1169w\" alt=\"\" width=\"300\" height=\"160\" \/><\/a><figcaption class=\"wp-caption-text\">A 1 de juliol de 2022<\/figcaption><\/figure><figcaption class=\"wp-caption-text\"><\/figcaption><\/figure>\n<p>&nbsp;<\/p>\n<section>\n<table style=\"width: 100%; border-collapse: collapse; background-color: #ffd700;\">\n<tbody>\n<tr>\n<td style=\"width: 100%;\">ELS GUAITES<\/td>\n<\/tr>\n<\/tbody>\n<\/table>\n<\/section>\n<section id=\"h.1292ac23bb4fba85_31\" class=\"yaqOZd\">\n<div class=\"mYVXT\">\n<div class=\"LS81yb VICjCf j5pSsc db35Fc\" tabindex=\"-1\">\n<div class=\"hJDwNd-AhqUyc-uQSCkd Ft7HRd-AhqUyc-uQSCkd purZT-AhqUyc-II5mzb ZcASvf-AhqUyc-II5mzb pSzOP-AhqUyc-qWD73c Ktthjf-AhqUyc-qWD73c JNdkSc SQVYQc\">\n<div class=\"JNdkSc-SmKAyb LkDMRd\">\n<div class=\"\">\n<div class=\"oKdM2c ZZyype Kzv0Me\">\n<div id=\"h.1292ac23bb4fba85_27\" class=\"hJDwNd-AhqUyc-uQSCkd Ft7HRd-AhqUyc-uQSCkd jXK9ad D2fZ2 zu5uec OjCsFc dmUFtb wHaque g5GTcb GNzUNc\">\n<div class=\"jXK9ad-SmKAyb\">\n<div class=\"tyJCtd mGzaTb Depvyb baZpAe\">\n<div class=\"CjVfdc\" style=\"text-align: center;\"><span class=\" puwcIf\"><strong>L\u2019Any 2021\u00a0<\/strong><\/span><span class=\" puwcIf\">vam fer el lliuram<\/span><span class=\" puwcIf\">ent dels primers\u00a0<\/span><span class=\" puwcIf\"><strong>GUAITES\u00a0<\/strong><\/span><span class=\" puwcIf\">de la hist\u00f2ria mundial!!!<\/span><\/div>\n<\/div>\n<\/div>\n<\/div>\n<\/div>\n<\/div>\n<div><\/div>\n<div class=\"\">\n<div class=\"oKdM2c ZZyype Kzv0Me\">\n<div id=\"h.1292ac23bb4fba85_27\" class=\"hJDwNd-AhqUyc-uQSCkd Ft7HRd-AhqUyc-uQSCkd jXK9ad D2fZ2 zu5uec OjCsFc dmUFtb wHaque g5GTcb GNzUNc\">\n<div class=\"jXK9ad-SmKAyb\">\n<div class=\"tyJCtd mGzaTb Depvyb baZpAe\">\n<div><a href=\"https:\/\/agora.xtec.cat\/colsil\/wp-content\/uploads\/usu808\/2022\/10\/ElsGuaites.png\"><img loading=\"lazy\" decoding=\"async\" class=\"wp-image-536 size-thumbnail aligncenter\" src=\"https:\/\/agora.xtec.cat\/colsil\/wp-content\/uploads\/usu808\/2022\/10\/ElsGuaites-150x150.png\" sizes=\"auto, (max-width: 150px) 100vw, 150px\" srcset=\"https:\/\/agora.xtec.cat\/colsil\/wp-content\/uploads\/usu808\/2022\/10\/ElsGuaites-150x150.png 150w, https:\/\/agora.xtec.cat\/colsil\/wp-content\/uploads\/usu808\/2022\/10\/ElsGuaites-300x300.png 300w, https:\/\/agora.xtec.cat\/colsil\/wp-content\/uploads\/usu808\/2022\/10\/ElsGuaites-1024x1024.png 1024w, https:\/\/agora.xtec.cat\/colsil\/wp-content\/uploads\/usu808\/2022\/10\/ElsGuaites-768x768.png 768w, https:\/\/agora.xtec.cat\/colsil\/wp-content\/uploads\/usu808\/2022\/10\/ElsGuaites.png 1280w\" alt=\"\" width=\"150\" height=\"150\" \/><\/a><\/div>\n<\/div>\n<\/div>\n<\/div>\n<\/div>\n<\/div>\n<\/div>\n<\/div>\n<\/div>\n<\/div>\n<\/section>\n<section id=\"h.1292ac23bb4fba85_19\" class=\"yaqOZd\">\n<div class=\"IFuOkc\"><\/div>\n<div class=\"mYVXT\">\n<div class=\"LS81yb VICjCf j5pSsc db35Fc\" tabindex=\"-1\">\n<div class=\"hJDwNd-AhqUyc-Clt0zb Ft7HRd-AhqUyc-Clt0zb purZT-AhqUyc-II5mzb ZcASvf-AhqUyc-II5mzb pSzOP-AhqUyc-qWD73c Ktthjf-AhqUyc-qWD73c JNdkSc SQVYQc\">\n<div class=\"JNdkSc-SmKAyb LkDMRd\">\n<div class=\"\">\n<div class=\"oKdM2c ZZyype Kzv0Me\">\n<div id=\"h.1292ac23bb4fba85_8\" class=\"hJDwNd-AhqUyc-Clt0zb Ft7HRd-AhqUyc-Clt0zb jXK9ad D2fZ2 zu5uec OjCsFc dmUFtb wHaque g5GTcb GNzUNc\">\n<div class=\"jXK9ad-SmKAyb\">\n<div class=\"tyJCtd mGzaTb Depvyb baZpAe\">\n<ul class=\"n8H08c UVNKR\">\n<li class=\"TYR86d zfr3Q\" dir=\"ltr\">\n<p class=\"CDt4Ke zfr3Q\" dir=\"ltr\">Els Guaites s\u00f3n uns RECONEIXEMENTS que atorguem els Nouvinguts\/des amb conniv\u00e8ncia amb els nostres profes i direcci\u00f3 que volen dotar de protagonisme diferents iniciatives de les que se\u2019n pugui extreure un profit\u00a0<strong>cultural<\/strong>,\u00a0<strong>social\u00a0<\/strong>o\u00a0<strong>humanitari<\/strong>. Aix\u00ed com donar rellev\u00e0ncia a idees\u00a0<strong>ecol\u00f2giques, igualit\u00e0ries, cient\u00edfiques<\/strong>\u2026<\/p>\n<\/li>\n<\/ul>\n<ul class=\"n8H08c UVNKR\">\n<li class=\"TYR86d zfr3Q\" dir=\"ltr\">\n<p class=\"CDt4Ke zfr3Q\" dir=\"ltr\">Per altra part, tamb\u00e9 volen ser\u00a0<strong>un agra\u00efment<\/strong>\u00a0a aquelles empreses, ONG\u2019s o organitzacions que ens han prestat una especial\u00a0<strong>ajuda\u00a0<\/strong>a l\u2019hora d\u2019elaborar alguna\u00a0<strong>informaci\u00f3<\/strong>\u00a0que hem recollit durant l\u2019any acad\u00e8mic al nostre Meteo715.<\/p>\n<\/li>\n<li class=\"TYR86d zfr3Q\" dir=\"ltr\">\n<p class=\"CDt4Ke zfr3Q\" dir=\"ltr\">Es tracta d\u2019un lliurament que fa, majorit\u00e0riament, l\u2019<strong>alumnat<\/strong>\u00a0que ha treballat la\u00a0<strong>informaci\u00f3<\/strong>\u00a0sobre qui rebr\u00e0 el\u00a0<strong>Guaita en q\u00fcesti\u00f3.<\/strong><\/p>\n<\/li>\n<li class=\"TYR86d zfr3Q\" dir=\"ltr\">\n<p class=\"CDt4Ke zfr3Q\" dir=\"ltr\">Alhora, tamb\u00e9 esperem que siguin un\u00a0<strong>acomiadament<\/strong>\u00a0dels\u00a0<strong>presentadors<\/strong>\u00a0que ja no seguiran a l\u2019aula d\u2019acollida i que van destacar amb la seva feina i dedicaci\u00f3 durant les temporades anteriors.<\/p>\n<\/li>\n<li class=\"TYR86d zfr3Q\" dir=\"ltr\">\n<p class=\"CDt4Ke zfr3Q\" dir=\"ltr\">Els guardonats\/des reben en mans de la nostra directora la Sra. Meritxell Balcells, un\u00a0<strong>petit diploma<\/strong>\u00a0amb el\u00a0<strong>logo dels Guaites i una cita<\/strong>\u00a0que lliga amb la seva tasca b\u00e9 sigui perqu\u00e8 \u00e9s el seu lema, b\u00e9 sigui perqu\u00e8 encaixa amb els seus prop\u00f2sits.<\/p>\n<\/li>\n<li class=\"TYR86d zfr3Q\" dir=\"ltr\">\n<p class=\"CDt4Ke zfr3Q\" dir=\"ltr\">A m\u00e9s se\u2019ls lliura una\u00a0<strong>bonica tassa<\/strong>\u00a0amb el logo dels Guaites dissenyada expressament per a l\u2019ocasi\u00f3.<\/p>\n<\/li>\n<\/ul>\n<p style=\"text-align: center;\"><a href=\"http:\/\/meteo715.cat\">meteo715.cat<\/a><\/p>\n<\/div>\n<p style=\"text-align: center;\">#canaldereporters #premsareporters #cultura<\/p>\n<\/div>\n<\/div>\n<\/div>\n<\/div>\n<\/div>\n<\/div>\n<\/div>\n<\/div>\n<\/section>\n","protected":false},"excerpt":{"rendered":"<p>QUI SOM?<\/p>\n<p><a href=\"https:\/\/agora.xtec.cat\/colsil\/wp-content\/uploads\/usu808\/2022\/10\/QuiSom.jpeg\"><br \/>\n<\/a><br \/>\nHola a tothom!<br \/>\nEns presentem: som el gruuuuup de\u00a0Nouvinguts del Col\u00b7legi Sil\u00a0de Barcelona i posem moltes \u201cu\u201d perqu\u00e8 som un mUUUUnt!!\u00a0\ud83d\udc4f<br \/>\nEn la nostra escola de 709 alumnes, m\u00e9s o menys, en som\u00a074\u00a0aquest any (comptant des de 3r de Prim\u00e0ria fins a 4t d\u2019ESO) formant&hellip;  <a href=\"https:\/\/agora.xtec.cat\/colsil\/portada\/presentacio-del-meteo715\/\" title=\"Read Presentaci\u00f3 del Meteo715\">Llegeix m\u00e9s\u00bb<\/a><\/p>\n","protected":false},"author":1,"featured_media":522,"comment_status":"closed","ping_status":"closed","sticky":false,"template":"","format":"standard","meta":{"_bbp_topic_count":0,"_bbp_reply_count":0,"_bbp_total_topic_count":0,"_bbp_total_reply_count":0,"_bbp_voice_count":0,"_bbp_anonymous_reply_count":0,"_bbp_topic_count_hidden":0,"_bbp_reply_count_hidden":0,"_bbp_forum_subforum_count":0,"footnotes":""},"categories":[147,29],"tags":[150,152,151],"class_list":["post-579","post","type-post","status-publish","format-standard","has-post-thumbnail","hentry","category-noticies715","category-portada","tag-canaldereporters","tag-cultura","tag-premsareporters"],"post_mailing_queue_ids":[],"_links":{"self":[{"href":"https:\/\/agora.xtec.cat\/colsil\/wp-json\/wp\/v2\/posts\/579","targetHints":{"allow":["GET"]}}],"collection":[{"href":"https:\/\/agora.xtec.cat\/colsil\/wp-json\/wp\/v2\/posts"}],"about":[{"href":"https:\/\/agora.xtec.cat\/colsil\/wp-json\/wp\/v2\/types\/post"}],"author":[{"embeddable":true,"href":"https:\/\/agora.xtec.cat\/colsil\/wp-json\/wp\/v2\/users\/1"}],"replies":[{"embeddable":true,"href":"https:\/\/agora.xtec.cat\/colsil\/wp-json\/wp\/v2\/comments?post=579"}],"version-history":[{"count":3,"href":"https:\/\/agora.xtec.cat\/colsil\/wp-json\/wp\/v2\/posts\/579\/revisions"}],"predecessor-version":[{"id":605,"href":"https:\/\/agora.xtec.cat\/colsil\/wp-json\/wp\/v2\/posts\/579\/revisions\/605"}],"wp:featuredmedia":[{"embeddable":true,"href":"https:\/\/agora.xtec.cat\/colsil\/wp-json\/wp\/v2\/media\/522"}],"wp:attachment":[{"href":"https:\/\/agora.xtec.cat\/colsil\/wp-json\/wp\/v2\/media?parent=579"}],"wp:term":[{"taxonomy":"category","embeddable":true,"href":"https:\/\/agora.xtec.cat\/colsil\/wp-json\/wp\/v2\/categories?post=579"},{"taxonomy":"post_tag","embeddable":true,"href":"https:\/\/agora.xtec.cat\/colsil\/wp-json\/wp\/v2\/tags?post=579"}],"curies":[{"name":"wp","href":"https:\/\/api.w.org\/{rel}","templated":true}]}}