{"id":512,"date":"2022-10-17T08:00:48","date_gmt":"2022-10-17T06:00:48","guid":{"rendered":"https:\/\/agora.xtec.cat\/colsil\/?p=512"},"modified":"2022-10-22T10:44:52","modified_gmt":"2022-10-22T08:44:52","slug":"promo","status":"publish","type":"post","link":"https:\/\/agora.xtec.cat\/colsil\/portada\/promo\/","title":{"rendered":"Promoci\u00f3 de la temporada 5 del Meteo715"},"content":{"rendered":"<p><span class=\"style-scope yt-formatted-string\" dir=\"auto\">Amb tota la nostra il\u00b7lusi\u00f3 us presentem la nostra promoci\u00f3 de la cinquena temporada del <strong>Meteo715<\/strong>, que comen\u00e7ar\u00e0 el proper 24 d&#8217;octubre. Moltes gr\u00e0cies Buhos per deixar-nos utilitzar la vostra can\u00e7\u00f3 &#8220;El dia de la Vict\u00f2ria&#8221; com banda sonora d&#8217;aquest v\u00eddeo. <\/span><\/p>\n<p><a class=\"yt-simple-endpoint style-scope yt-formatted-string\" dir=\"auto\" spellcheck=\"false\" href=\"https:\/\/www.youtube.com\/channel\/UCyR3Vf_s-Mo30j6oqN4Aq_w\">@Buhos Oficial<\/a> &#8211;\u00a0<a class=\"css-4rbku5 css-18t94o4 css-901oao css-16my406 r-1cvl2hr r-1loqt21 r-poiln3 r-bcqeeo r-qvutc0\" dir=\"ltr\" role=\"link\" href=\"https:\/\/twitter.com\/buhosoficial\"><span class=\"\">@buhosoficial<\/span><\/a><br \/>\n<a href=\"http:\/\/meteo715.cat\">meteo715.cat<\/a><\/p>\n<p style=\"text-align: center;\"><iframe loading=\"lazy\" title=\"YouTube video player\" src=\"\/\/www.youtube.com\/embed\/RPmfab8ty2E\" width=\"560\" height=\"315\" frameborder=\"0\" allowfullscreen=\"allowfullscreen\"><\/iframe><\/p>\n<p style=\"text-align: center;\">#canaldereporters #videoreporters #cultura<\/p>\n","protected":false},"excerpt":{"rendered":"<p>Amb tota la nostra il\u00b7lusi\u00f3 us presentem la nostra promoci\u00f3 de la cinquena temporada del Meteo715, que comen\u00e7ar\u00e0 el proper 24 d&#8217;octubre. Moltes gr\u00e0cies Buhos per deixar-nos utilitzar la vostra can\u00e7\u00f3 &#8220;El dia de la Vict\u00f2ria&#8221; com banda sonora d&#8217;aquest v\u00eddeo.<br \/>\n<a class=\"yt-simple-endpoint style-scope yt-formatted-string\"&hellip;  <a href=\"https:\/\/agora.xtec.cat\/colsil\/portada\/promo\/\" title=\"Read Promoci\u00f3 de la temporada 5 del Meteo715\">Llegeix m\u00e9s\u00bb<\/a><\/p>\n","protected":false},"author":1,"featured_media":0,"comment_status":"closed","ping_status":"closed","sticky":false,"template":"","format":"standard","meta":{"_bbp_topic_count":0,"_bbp_reply_count":0,"_bbp_total_topic_count":0,"_bbp_total_reply_count":0,"_bbp_voice_count":0,"_bbp_anonymous_reply_count":0,"_bbp_topic_count_hidden":0,"_bbp_reply_count_hidden":0,"_bbp_forum_subforum_count":0,"footnotes":""},"categories":[29,149],"tags":[150,152,153],"class_list":["post-512","post","type-post","status-publish","format-standard","hentry","category-portada","category-temporada5","tag-canaldereporters","tag-cultura","tag-videoreporters"],"post_mailing_queue_ids":[],"_links":{"self":[{"href":"https:\/\/agora.xtec.cat\/colsil\/wp-json\/wp\/v2\/posts\/512","targetHints":{"allow":["GET"]}}],"collection":[{"href":"https:\/\/agora.xtec.cat\/colsil\/wp-json\/wp\/v2\/posts"}],"about":[{"href":"https:\/\/agora.xtec.cat\/colsil\/wp-json\/wp\/v2\/types\/post"}],"author":[{"embeddable":true,"href":"https:\/\/agora.xtec.cat\/colsil\/wp-json\/wp\/v2\/users\/1"}],"replies":[{"embeddable":true,"href":"https:\/\/agora.xtec.cat\/colsil\/wp-json\/wp\/v2\/comments?post=512"}],"version-history":[{"count":4,"href":"https:\/\/agora.xtec.cat\/colsil\/wp-json\/wp\/v2\/posts\/512\/revisions"}],"predecessor-version":[{"id":584,"href":"https:\/\/agora.xtec.cat\/colsil\/wp-json\/wp\/v2\/posts\/512\/revisions\/584"}],"wp:attachment":[{"href":"https:\/\/agora.xtec.cat\/colsil\/wp-json\/wp\/v2\/media?parent=512"}],"wp:term":[{"taxonomy":"category","embeddable":true,"href":"https:\/\/agora.xtec.cat\/colsil\/wp-json\/wp\/v2\/categories?post=512"},{"taxonomy":"post_tag","embeddable":true,"href":"https:\/\/agora.xtec.cat\/colsil\/wp-json\/wp\/v2\/tags?post=512"}],"curies":[{"name":"wp","href":"https:\/\/api.w.org\/{rel}","templated":true}]}}