{"id":1079,"date":"2026-04-27T06:00:24","date_gmt":"2026-04-27T04:00:24","guid":{"rendered":"https:\/\/agora.xtec.cat\/colsil\/?p=1079"},"modified":"2026-04-26T19:12:04","modified_gmt":"2026-04-26T17:12:04","slug":"temporada-8-capitol-9","status":"publish","type":"post","link":"https:\/\/agora.xtec.cat\/colsil\/portada\/temporada-8-capitol-9\/","title":{"rendered":"Temporada 8 \u2013 Cap\u00edtol 9"},"content":{"rendered":"<p>\ud83c\udf26\ufe0f\ud83d\udcfa Cap\u00edtol 9 de la temporada 8\u2026 i venim carregats de temes ben variats!<br \/>\nA m\u00e9s de la previsi\u00f3 setmanal del temps, aquesta setmana fem un viatge per curiositats, celebracions i consells digitals.<\/p>\n<p>\ud83d\udd10 A l\u2019agenda parlem del Dia Mundial de la Contrasenya, que se celebra el 7 de maig. Una bona ocasi\u00f3 per recordar com d\u2019important \u00e9s tenir contrasenyes segures i protegir la nostra informaci\u00f3.<\/p>\n<p>\ud83c\udf38\ud83c\uddfa\ud83c\udde6 A Fets i Costums descobrim el Dia de la Vyshyvanka, una celebraci\u00f3 ucra\u00efnesa preciosa que posa en valor les camises tradicionals brodades, s\u00edmbol d\u2019identitat, cultura i resist\u00e8ncia.<\/p>\n<p>\ud83c\udf7d\ufe0f\u2728 I al suplement\u2026 TAPES!<br \/>\nUn petit homenatge a aquesta manera tan nostra de menjar, compartir i gaudir. Hist\u00f2ria, curiositats i un munt de gustos en format mini.<\/p>\n<p>Un cap\u00edtol variat, cultural i amb molt bon gust.<br \/>\n\ud83d\udc9b Som-hi, que comen\u00e7a el Meteo715!<\/p>\n<p style=\"text-align: center;\"><iframe loading=\"lazy\" title=\"YouTube video player\" src=\"\/\/www.youtube.com\/embed\/lMZXApEUq_I?si=JCeeAP7_EcyMV6Hw\" width=\"560\" height=\"315\" frameborder=\"0\" allowfullscreen=\"allowfullscreen\"><\/iframe><\/p>\n<p style=\"text-align: center;\"><a href=\"https:\/\/www.instagram.com\/meteo715__\">Instagram<\/a>\u00a0\u2013\u00a0<a href=\"https:\/\/www.youtube.com\/c\/Meteo715\">Youtube<\/a>\u00a0\u2013\u00a0<a href=\"http:\/\/meteo715.cat\/\">meteo715.cat<\/a><\/p>\n<p style=\"text-align: center;\">#canaldereporters #videoreporters #cultura<\/p>\n","protected":false},"excerpt":{"rendered":"<p>\ud83c\udf26\ufe0f\ud83d\udcfa Cap\u00edtol 9 de la temporada 8\u2026 i venim carregats de temes ben variats!<br \/>\nA m\u00e9s de la previsi\u00f3 setmanal del temps, aquesta setmana fem un viatge per curiositats, celebracions i consells digitals.<br \/>\n\ud83d\udd10 A l\u2019agenda parlem del Dia Mundial de la Contrasenya, que se celebra el&hellip;  <a href=\"https:\/\/agora.xtec.cat\/colsil\/portada\/temporada-8-capitol-9\/\" title=\"Read Temporada 8 \u2013 Cap\u00edtol 9\">Llegeix m\u00e9s\u00bb<\/a><\/p>\n","protected":false},"author":1,"featured_media":1080,"comment_status":"closed","ping_status":"open","sticky":false,"template":"","format":"standard","meta":{"_bbp_topic_count":0,"_bbp_reply_count":0,"_bbp_total_topic_count":0,"_bbp_total_reply_count":0,"_bbp_voice_count":0,"_bbp_anonymous_reply_count":0,"_bbp_topic_count_hidden":0,"_bbp_reply_count_hidden":0,"_bbp_forum_subforum_count":0,"footnotes":""},"categories":[29,199],"tags":[150,152,153],"class_list":["post-1079","post","type-post","status-publish","format-standard","has-post-thumbnail","hentry","category-portada","category-temporada8","tag-canaldereporters","tag-cultura","tag-videoreporters"],"post_mailing_queue_ids":[],"_links":{"self":[{"href":"https:\/\/agora.xtec.cat\/colsil\/wp-json\/wp\/v2\/posts\/1079","targetHints":{"allow":["GET"]}}],"collection":[{"href":"https:\/\/agora.xtec.cat\/colsil\/wp-json\/wp\/v2\/posts"}],"about":[{"href":"https:\/\/agora.xtec.cat\/colsil\/wp-json\/wp\/v2\/types\/post"}],"author":[{"embeddable":true,"href":"https:\/\/agora.xtec.cat\/colsil\/wp-json\/wp\/v2\/users\/1"}],"replies":[{"embeddable":true,"href":"https:\/\/agora.xtec.cat\/colsil\/wp-json\/wp\/v2\/comments?post=1079"}],"version-history":[{"count":1,"href":"https:\/\/agora.xtec.cat\/colsil\/wp-json\/wp\/v2\/posts\/1079\/revisions"}],"predecessor-version":[{"id":1081,"href":"https:\/\/agora.xtec.cat\/colsil\/wp-json\/wp\/v2\/posts\/1079\/revisions\/1081"}],"wp:featuredmedia":[{"embeddable":true,"href":"https:\/\/agora.xtec.cat\/colsil\/wp-json\/wp\/v2\/media\/1080"}],"wp:attachment":[{"href":"https:\/\/agora.xtec.cat\/colsil\/wp-json\/wp\/v2\/media?parent=1079"}],"wp:term":[{"taxonomy":"category","embeddable":true,"href":"https:\/\/agora.xtec.cat\/colsil\/wp-json\/wp\/v2\/categories?post=1079"},{"taxonomy":"post_tag","embeddable":true,"href":"https:\/\/agora.xtec.cat\/colsil\/wp-json\/wp\/v2\/tags?post=1079"}],"curies":[{"name":"wp","href":"https:\/\/api.w.org\/{rel}","templated":true}]}}