{"id":1075,"date":"2026-04-13T06:00:28","date_gmt":"2026-04-13T04:00:28","guid":{"rendered":"https:\/\/agora.xtec.cat\/colsil\/?p=1075"},"modified":"2026-04-12T20:34:35","modified_gmt":"2026-04-12T18:34:35","slug":"temporada-8-capitol-7-2","status":"publish","type":"post","link":"https:\/\/agora.xtec.cat\/colsil\/portada\/temporada-8-capitol-7-2\/","title":{"rendered":"Temporada 8 \u2013 Cap\u00edtol 8"},"content":{"rendered":"<p>\ud83c\udf89\ud83c\udf26 Cap\u00edtol 8 de la temporada 8\u2026 i venim carregats de celebraci\u00f3!<br \/>\nAquesta setmana, a m\u00e9s de la previsi\u00f3 del temps, tenim una agenda que fa goig.<\/p>\n<p>\ud83c\udf82 El Meteo715 fa 7 ANYS!<br \/>\nSet anys de v\u00eddeos, rialles, aprenentatges, curiositats i molta, molta il\u00b7lusi\u00f3.<br \/>\nGr\u00e0cies per ser-hi sempre i fer cr\u00e9ixer aquest projecte.<\/p>\n<p>\ud83c\udf08 Parlem tamb\u00e9 de la Festa Holi de l\u2019\u00cdndia, una explosi\u00f3 de colors, alegria i tradici\u00f3 que celebra l\u2019arribada de la primavera i la for\u00e7a de la comunitat.<\/p>\n<p>\ud83d\uddfa I descobrim el pl\u00e0nol interactiu de Barcelona, una eina plena de racons, hist\u00f2ries i curiositats per explorar la ciutat d\u2019una manera diferent.<\/p>\n<p>Un cap\u00edtol ple de colors, aniversari i descobertes.<br \/>\n\ud83d\udc9b Som-hi, que comen\u00e7a el Meteo715!<\/p>\n<p style=\"text-align: center;\"><iframe loading=\"lazy\" title=\"YouTube video player\" src=\"\/\/www.youtube.com\/embed\/xSvap-C-B_g?si=rClVxRzZ0HwnDik4\" width=\"560\" height=\"315\" frameborder=\"0\" allowfullscreen=\"allowfullscreen\"><\/iframe><\/p>\n<p style=\"text-align: center;\"><a href=\"https:\/\/www.instagram.com\/meteo715__\">Instagram<\/a>\u00a0\u2013\u00a0<a href=\"https:\/\/www.youtube.com\/c\/Meteo715\">Youtube<\/a>\u00a0\u2013\u00a0<a href=\"http:\/\/meteo715.cat\/\">meteo715.cat<\/a><\/p>\n<p style=\"text-align: center;\">#canaldereporters #videoreporters #cultura<\/p>\n","protected":false},"excerpt":{"rendered":"<p>\ud83c\udf89\ud83c\udf26 Cap\u00edtol 8 de la temporada 8\u2026 i venim carregats de celebraci\u00f3!<br \/>\nAquesta setmana, a m\u00e9s de la previsi\u00f3 del temps, tenim una agenda que fa goig.<br \/>\n\ud83c\udf82 El Meteo715 fa 7 ANYS!<br \/>\nSet anys de v\u00eddeos, rialles, aprenentatges, curiositats i molta, molta il\u00b7lusi\u00f3.<br \/>\nGr\u00e0cies per ser-hi sempre i&hellip;  <a href=\"https:\/\/agora.xtec.cat\/colsil\/portada\/temporada-8-capitol-7-2\/\" title=\"Read Temporada 8 \u2013 Cap\u00edtol 8\">Llegeix m\u00e9s\u00bb<\/a><\/p>\n","protected":false},"author":1,"featured_media":1076,"comment_status":"closed","ping_status":"open","sticky":false,"template":"","format":"standard","meta":{"_bbp_topic_count":0,"_bbp_reply_count":0,"_bbp_total_topic_count":0,"_bbp_total_reply_count":0,"_bbp_voice_count":0,"_bbp_anonymous_reply_count":0,"_bbp_topic_count_hidden":0,"_bbp_reply_count_hidden":0,"_bbp_forum_subforum_count":0,"footnotes":""},"categories":[29,199],"tags":[150,152,153],"class_list":["post-1075","post","type-post","status-publish","format-standard","has-post-thumbnail","hentry","category-portada","category-temporada8","tag-canaldereporters","tag-cultura","tag-videoreporters"],"post_mailing_queue_ids":[],"_links":{"self":[{"href":"https:\/\/agora.xtec.cat\/colsil\/wp-json\/wp\/v2\/posts\/1075","targetHints":{"allow":["GET"]}}],"collection":[{"href":"https:\/\/agora.xtec.cat\/colsil\/wp-json\/wp\/v2\/posts"}],"about":[{"href":"https:\/\/agora.xtec.cat\/colsil\/wp-json\/wp\/v2\/types\/post"}],"author":[{"embeddable":true,"href":"https:\/\/agora.xtec.cat\/colsil\/wp-json\/wp\/v2\/users\/1"}],"replies":[{"embeddable":true,"href":"https:\/\/agora.xtec.cat\/colsil\/wp-json\/wp\/v2\/comments?post=1075"}],"version-history":[{"count":2,"href":"https:\/\/agora.xtec.cat\/colsil\/wp-json\/wp\/v2\/posts\/1075\/revisions"}],"predecessor-version":[{"id":1078,"href":"https:\/\/agora.xtec.cat\/colsil\/wp-json\/wp\/v2\/posts\/1075\/revisions\/1078"}],"wp:featuredmedia":[{"embeddable":true,"href":"https:\/\/agora.xtec.cat\/colsil\/wp-json\/wp\/v2\/media\/1076"}],"wp:attachment":[{"href":"https:\/\/agora.xtec.cat\/colsil\/wp-json\/wp\/v2\/media?parent=1075"}],"wp:term":[{"taxonomy":"category","embeddable":true,"href":"https:\/\/agora.xtec.cat\/colsil\/wp-json\/wp\/v2\/categories?post=1075"},{"taxonomy":"post_tag","embeddable":true,"href":"https:\/\/agora.xtec.cat\/colsil\/wp-json\/wp\/v2\/tags?post=1075"}],"curies":[{"name":"wp","href":"https:\/\/api.w.org\/{rel}","templated":true}]}}