{"id":1072,"date":"2026-03-16T06:00:17","date_gmt":"2026-03-16T05:00:17","guid":{"rendered":"https:\/\/agora.xtec.cat\/colsil\/?p=1072"},"modified":"2026-03-15T18:14:13","modified_gmt":"2026-03-15T17:14:13","slug":"temporada-8-capitol-7","status":"publish","type":"post","link":"https:\/\/agora.xtec.cat\/colsil\/portada\/temporada-8-capitol-7\/","title":{"rendered":"Temporada 8 \u2013 Cap\u00edtol 7"},"content":{"rendered":"<p>\ud83c\udf3c\ud83c\udf26\ufe0f El cap\u00edtol 7 del Meteo715 ja \u00e9s aqu\u00ed\u2026 i ve carregadet de primavera!<br \/>\nAquesta setmana no nom\u00e9s t\u2019expliquem quin temps far\u00e0, sin\u00f3 que tamb\u00e9 et portem un men\u00fa ben variat:<\/p>\n<p>\ud83c\udf38 A l\u2019agenda:<br \/>\nParlem de l\u2019arribada de la primavera, aquella \u00e8poca en qu\u00e8 el sol surt m\u00e9s, les al\u00b7l\u00e8rgies tamb\u00e9\u2026 i tots comencem a guardar la jaqueta \u201cper si de cas\u201d.<\/p>\n<p>\ud83c\udfb6 Als fets i costums:<br \/>\nDescobrim el guzheng, la c\u00edtara xinesa que sona tan b\u00e9 que et deixa amb cara de \u201ccom pot fer tantes notes alhora?\u201d. Un instrument antic, elegant i amb un so que enganxa.<\/p>\n<p>\ud83c\udf0a Al suplement:<br \/>\nConeixem la Josefina Castellv\u00ed, una cient\u00edfica i exploradora catalana que va obrir cam\u00ed a l\u2019Ant\u00e0rtida quan gaireb\u00e9 ning\u00fa hi anava. Una aut\u00e8ntica pionera.<\/p>\n<p>Un cap\u00edtol complet, curi\u00f3s i amb aquell toc que fa que cada setmana el Meteo715 sigui diferent.<\/p>\n<p>\ud83d\udc49 No te\u2019l perdis i vine a descobrir-lo amb nosaltres!<\/p>\n<p style=\"text-align: center;\"><iframe loading=\"lazy\" title=\"YouTube video player\" src=\"\/\/www.youtube.com\/embed\/r9hH_jmII2A?si=VaqyQ7Iikw-P5Gql\" width=\"560\" height=\"315\" frameborder=\"0\" allowfullscreen=\"allowfullscreen\"><\/iframe><\/p>\n<p style=\"text-align: center;\"><a href=\"https:\/\/www.instagram.com\/meteo715__\">Instagram<\/a>\u00a0\u2013\u00a0<a href=\"https:\/\/www.youtube.com\/c\/Meteo715\">Youtube<\/a>\u00a0\u2013\u00a0<a href=\"http:\/\/meteo715.cat\/\">meteo715.cat<\/a><\/p>\n<p style=\"text-align: center;\">#canaldereporters #videoreporters #cultura<\/p>\n","protected":false},"excerpt":{"rendered":"<p>\ud83c\udf3c\ud83c\udf26\ufe0f El cap\u00edtol 7 del Meteo715 ja \u00e9s aqu\u00ed\u2026 i ve carregadet de primavera!<br \/>\nAquesta setmana no nom\u00e9s t\u2019expliquem quin temps far\u00e0, sin\u00f3 que tamb\u00e9 et portem un men\u00fa ben variat:<br \/>\n\ud83c\udf38 A l\u2019agenda:<br \/>\nParlem de l\u2019arribada de la primavera, aquella \u00e8poca en qu\u00e8 el sol surt m\u00e9s,&hellip;  <a href=\"https:\/\/agora.xtec.cat\/colsil\/portada\/temporada-8-capitol-7\/\" title=\"Read Temporada 8 \u2013 Cap\u00edtol 7\">Llegeix m\u00e9s\u00bb<\/a><\/p>\n","protected":false},"author":1,"featured_media":1074,"comment_status":"closed","ping_status":"open","sticky":false,"template":"","format":"standard","meta":{"_bbp_topic_count":0,"_bbp_reply_count":0,"_bbp_total_topic_count":0,"_bbp_total_reply_count":0,"_bbp_voice_count":0,"_bbp_anonymous_reply_count":0,"_bbp_topic_count_hidden":0,"_bbp_reply_count_hidden":0,"_bbp_forum_subforum_count":0,"footnotes":""},"categories":[29,199],"tags":[150,152,153],"class_list":["post-1072","post","type-post","status-publish","format-standard","has-post-thumbnail","hentry","category-portada","category-temporada8","tag-canaldereporters","tag-cultura","tag-videoreporters"],"post_mailing_queue_ids":[],"_links":{"self":[{"href":"https:\/\/agora.xtec.cat\/colsil\/wp-json\/wp\/v2\/posts\/1072","targetHints":{"allow":["GET"]}}],"collection":[{"href":"https:\/\/agora.xtec.cat\/colsil\/wp-json\/wp\/v2\/posts"}],"about":[{"href":"https:\/\/agora.xtec.cat\/colsil\/wp-json\/wp\/v2\/types\/post"}],"author":[{"embeddable":true,"href":"https:\/\/agora.xtec.cat\/colsil\/wp-json\/wp\/v2\/users\/1"}],"replies":[{"embeddable":true,"href":"https:\/\/agora.xtec.cat\/colsil\/wp-json\/wp\/v2\/comments?post=1072"}],"version-history":[{"count":1,"href":"https:\/\/agora.xtec.cat\/colsil\/wp-json\/wp\/v2\/posts\/1072\/revisions"}],"predecessor-version":[{"id":1073,"href":"https:\/\/agora.xtec.cat\/colsil\/wp-json\/wp\/v2\/posts\/1072\/revisions\/1073"}],"wp:featuredmedia":[{"embeddable":true,"href":"https:\/\/agora.xtec.cat\/colsil\/wp-json\/wp\/v2\/media\/1074"}],"wp:attachment":[{"href":"https:\/\/agora.xtec.cat\/colsil\/wp-json\/wp\/v2\/media?parent=1072"}],"wp:term":[{"taxonomy":"category","embeddable":true,"href":"https:\/\/agora.xtec.cat\/colsil\/wp-json\/wp\/v2\/categories?post=1072"},{"taxonomy":"post_tag","embeddable":true,"href":"https:\/\/agora.xtec.cat\/colsil\/wp-json\/wp\/v2\/tags?post=1072"}],"curies":[{"name":"wp","href":"https:\/\/api.w.org\/{rel}","templated":true}]}}