{"id":1069,"date":"2026-03-02T06:00:25","date_gmt":"2026-03-02T05:00:25","guid":{"rendered":"https:\/\/agora.xtec.cat\/colsil\/?p=1069"},"modified":"2026-03-01T20:11:52","modified_gmt":"2026-03-01T19:11:52","slug":"temporada-8-capitol-6","status":"publish","type":"post","link":"https:\/\/agora.xtec.cat\/colsil\/portada\/temporada-8-capitol-6\/","title":{"rendered":"Temporada 8 \u2013 Cap\u00edtol 6"},"content":{"rendered":"<p>\ud83c\udfa5\ud83c\udf26\ufe0f El cap\u00edtol 6 del Meteo715 ja \u00e9s aqu\u00ed i ve carregat de coses bones!<br \/>\nA m\u00e9s de la predicci\u00f3 setmanal per saber si aquesta setmana tocar\u00e0 paraigua, bufanda o ulleres de sol, tamb\u00e9 hi trobareu:<\/p>\n<p>\u2022 A l\u2019agenda, el Dia Internacional de la Dona (8M), perqu\u00e8 cal parlar-ne i celebrar-lo.<br \/>\n\u2022 Als fets i costums, la Ghapama, una sopa tradicional arm\u00e8nia que sembla feta per sobreviure a qualsevol dilluns.<br \/>\n\u2022 I al suplement\u2026 els Sugus. Els m\u00edtics. Els que et fan discutir quin color \u00e9s el millor com si fos una q\u00fcesti\u00f3 de vida o mort.<\/p>\n<p>Un cap\u00edtol que et deixa amb ganes de comentar-lo amb alg\u00fa mentre et menges un Sugus (o dos).<\/p>\n<p style=\"text-align: center;\"><iframe loading=\"lazy\" title=\"YouTube video player\" src=\"\/\/www.youtube.com\/embed\/eisSqjiPc2E?si=wuZxVLAL3ukGGX6X\" width=\"560\" height=\"315\" frameborder=\"0\" allowfullscreen=\"allowfullscreen\"><\/iframe><\/p>\n<p style=\"text-align: center;\"><a href=\"https:\/\/www.instagram.com\/meteo715__\">Instagram<\/a>\u00a0\u2013\u00a0<a href=\"https:\/\/www.youtube.com\/c\/Meteo715\">Youtube<\/a>\u00a0\u2013\u00a0<a href=\"http:\/\/meteo715.cat\/\">meteo715.cat<\/a><\/p>\n<p style=\"text-align: center;\">#canaldereporters #videoreporters #cultura<\/p>\n","protected":false},"excerpt":{"rendered":"<p>\ud83c\udfa5\ud83c\udf26\ufe0f El cap\u00edtol 6 del Meteo715 ja \u00e9s aqu\u00ed i ve carregat de coses bones!<br \/>\nA m\u00e9s de la predicci\u00f3 setmanal per saber si aquesta setmana tocar\u00e0 paraigua, bufanda o ulleres de sol, tamb\u00e9 hi trobareu:<br \/>\n\u2022 A l\u2019agenda, el Dia Internacional de la Dona (8M), perqu\u00e8&hellip;  <a href=\"https:\/\/agora.xtec.cat\/colsil\/portada\/temporada-8-capitol-6\/\" title=\"Read Temporada 8 \u2013 Cap\u00edtol 6\">Llegeix m\u00e9s\u00bb<\/a><\/p>\n","protected":false},"author":1,"featured_media":1070,"comment_status":"closed","ping_status":"open","sticky":false,"template":"","format":"standard","meta":{"_bbp_topic_count":0,"_bbp_reply_count":0,"_bbp_total_topic_count":0,"_bbp_total_reply_count":0,"_bbp_voice_count":0,"_bbp_anonymous_reply_count":0,"_bbp_topic_count_hidden":0,"_bbp_reply_count_hidden":0,"_bbp_forum_subforum_count":0,"footnotes":""},"categories":[29,199],"tags":[150,152,153],"class_list":["post-1069","post","type-post","status-publish","format-standard","has-post-thumbnail","hentry","category-portada","category-temporada8","tag-canaldereporters","tag-cultura","tag-videoreporters"],"post_mailing_queue_ids":[],"_links":{"self":[{"href":"https:\/\/agora.xtec.cat\/colsil\/wp-json\/wp\/v2\/posts\/1069","targetHints":{"allow":["GET"]}}],"collection":[{"href":"https:\/\/agora.xtec.cat\/colsil\/wp-json\/wp\/v2\/posts"}],"about":[{"href":"https:\/\/agora.xtec.cat\/colsil\/wp-json\/wp\/v2\/types\/post"}],"author":[{"embeddable":true,"href":"https:\/\/agora.xtec.cat\/colsil\/wp-json\/wp\/v2\/users\/1"}],"replies":[{"embeddable":true,"href":"https:\/\/agora.xtec.cat\/colsil\/wp-json\/wp\/v2\/comments?post=1069"}],"version-history":[{"count":1,"href":"https:\/\/agora.xtec.cat\/colsil\/wp-json\/wp\/v2\/posts\/1069\/revisions"}],"predecessor-version":[{"id":1071,"href":"https:\/\/agora.xtec.cat\/colsil\/wp-json\/wp\/v2\/posts\/1069\/revisions\/1071"}],"wp:featuredmedia":[{"embeddable":true,"href":"https:\/\/agora.xtec.cat\/colsil\/wp-json\/wp\/v2\/media\/1070"}],"wp:attachment":[{"href":"https:\/\/agora.xtec.cat\/colsil\/wp-json\/wp\/v2\/media?parent=1069"}],"wp:term":[{"taxonomy":"category","embeddable":true,"href":"https:\/\/agora.xtec.cat\/colsil\/wp-json\/wp\/v2\/categories?post=1069"},{"taxonomy":"post_tag","embeddable":true,"href":"https:\/\/agora.xtec.cat\/colsil\/wp-json\/wp\/v2\/tags?post=1069"}],"curies":[{"name":"wp","href":"https:\/\/api.w.org\/{rel}","templated":true}]}}