{"id":1063,"date":"2026-02-02T06:00:44","date_gmt":"2026-02-02T05:00:44","guid":{"rendered":"https:\/\/agora.xtec.cat\/colsil\/?p=1063"},"modified":"2026-02-01T21:20:24","modified_gmt":"2026-02-01T20:20:24","slug":"temporada-8-capitol-4","status":"publish","type":"post","link":"https:\/\/agora.xtec.cat\/colsil\/portada\/temporada-8-capitol-4\/","title":{"rendered":"Temporada 8 \u2013 Cap\u00edtol 4"},"content":{"rendered":"<p>\ud83c\udfa5\u2728 NOU CAP\u00cdTOL DEL METEO715!<br \/>\nAquesta setmana venim carregats de contingut top:<\/p>\n<p>\ud83c\udf26\ufe0f Previsi\u00f3 del temps per no quedar-te amb el paraigua a casa (o s\u00ed\u2026 ja ens coneixem).<br \/>\n\ud83d\udc98 Agenda: alerta, que el 14 arriba Sant Valent\u00ed. Amor, amistat i algun drama estudiantil incl\u00f2s.<br \/>\n\ud83e\udd54 Fets i costums: descobrim els Draniki, una menja t\u00edpica de Bielorr\u00fassia que \u00e9s com una truita de patata\u2026 per\u00f2 amb passaport internacional.<br \/>\n\ud83c\udfad Suplement: tot el que prepararem a l\u2019escola per Carnestoltes. Spoiler: hi haur\u00e0 disbauxa, colors i algun Siset despistat.<\/p>\n<p>Cap\u00edtol complet, variadet i amb bon rotllo.<\/p>\n<p style=\"text-align: center;\"><iframe loading=\"lazy\" title=\"YouTube video player\" src=\"\/\/www.youtube.com\/embed\/hfoDN5-e3zs?si=R2Iz5CoCE43uZCew\" width=\"560\" height=\"315\" frameborder=\"0\" allowfullscreen=\"allowfullscreen\"><\/iframe><\/p>\n<p style=\"text-align: center;\"><a href=\"https:\/\/www.instagram.com\/meteo715__\">Instagram<\/a>\u00a0\u2013\u00a0<a href=\"https:\/\/www.youtube.com\/c\/Meteo715\">Youtube<\/a>\u00a0\u2013\u00a0<a href=\"http:\/\/meteo715.cat\/\">meteo715.cat<\/a><\/p>\n<p style=\"text-align: center;\">#canaldereporters #videoreporters #cultura<\/p>\n","protected":false},"excerpt":{"rendered":"<p>\ud83c\udfa5\u2728 NOU CAP\u00cdTOL DEL METEO715!<br \/>\nAquesta setmana venim carregats de contingut top:<br \/>\n\ud83c\udf26\ufe0f Previsi\u00f3 del temps per no quedar-te amb el paraigua a casa (o s\u00ed\u2026 ja ens coneixem).<br \/>\n\ud83d\udc98 Agenda: alerta, que el 14 arriba Sant Valent\u00ed. Amor, amistat i algun drama estudiantil incl\u00f2s.<br \/>\n\ud83e\udd54 Fets i costums:&hellip;  <a href=\"https:\/\/agora.xtec.cat\/colsil\/portada\/temporada-8-capitol-4\/\" title=\"Read Temporada 8 \u2013 Cap\u00edtol 4\">Llegeix m\u00e9s\u00bb<\/a><\/p>\n","protected":false},"author":1,"featured_media":1064,"comment_status":"closed","ping_status":"open","sticky":false,"template":"","format":"standard","meta":{"_bbp_topic_count":0,"_bbp_reply_count":0,"_bbp_total_topic_count":0,"_bbp_total_reply_count":0,"_bbp_voice_count":0,"_bbp_anonymous_reply_count":0,"_bbp_topic_count_hidden":0,"_bbp_reply_count_hidden":0,"_bbp_forum_subforum_count":0,"footnotes":""},"categories":[29,199],"tags":[150,152,153],"class_list":["post-1063","post","type-post","status-publish","format-standard","has-post-thumbnail","hentry","category-portada","category-temporada8","tag-canaldereporters","tag-cultura","tag-videoreporters"],"post_mailing_queue_ids":[],"_links":{"self":[{"href":"https:\/\/agora.xtec.cat\/colsil\/wp-json\/wp\/v2\/posts\/1063","targetHints":{"allow":["GET"]}}],"collection":[{"href":"https:\/\/agora.xtec.cat\/colsil\/wp-json\/wp\/v2\/posts"}],"about":[{"href":"https:\/\/agora.xtec.cat\/colsil\/wp-json\/wp\/v2\/types\/post"}],"author":[{"embeddable":true,"href":"https:\/\/agora.xtec.cat\/colsil\/wp-json\/wp\/v2\/users\/1"}],"replies":[{"embeddable":true,"href":"https:\/\/agora.xtec.cat\/colsil\/wp-json\/wp\/v2\/comments?post=1063"}],"version-history":[{"count":1,"href":"https:\/\/agora.xtec.cat\/colsil\/wp-json\/wp\/v2\/posts\/1063\/revisions"}],"predecessor-version":[{"id":1065,"href":"https:\/\/agora.xtec.cat\/colsil\/wp-json\/wp\/v2\/posts\/1063\/revisions\/1065"}],"wp:featuredmedia":[{"embeddable":true,"href":"https:\/\/agora.xtec.cat\/colsil\/wp-json\/wp\/v2\/media\/1064"}],"wp:attachment":[{"href":"https:\/\/agora.xtec.cat\/colsil\/wp-json\/wp\/v2\/media?parent=1063"}],"wp:term":[{"taxonomy":"category","embeddable":true,"href":"https:\/\/agora.xtec.cat\/colsil\/wp-json\/wp\/v2\/categories?post=1063"},{"taxonomy":"post_tag","embeddable":true,"href":"https:\/\/agora.xtec.cat\/colsil\/wp-json\/wp\/v2\/tags?post=1063"}],"curies":[{"name":"wp","href":"https:\/\/api.w.org\/{rel}","templated":true}]}}