{"id":1057,"date":"2026-01-19T06:00:56","date_gmt":"2026-01-19T05:00:56","guid":{"rendered":"https:\/\/agora.xtec.cat\/colsil\/?p=1057"},"modified":"2026-01-18T21:00:09","modified_gmt":"2026-01-18T20:00:09","slug":"temporada-8-capitol-3","status":"publish","type":"post","link":"https:\/\/agora.xtec.cat\/colsil\/portada\/temporada-8-capitol-3\/","title":{"rendered":"Temporada 8 \u2013 Cap\u00edtol 3"},"content":{"rendered":"<p>\ud83c\udfa5 Cap\u00edtol 3 del Meteo715 &#8211; el mix inesperat que no sabies que necessitaves.<\/p>\n<p>Aquesta setmana no nom\u00e9s t\u2019expliquem si plour\u00e0, nevar\u00e0 o si haur\u00e0s de sortir de casa amb 14 capes\u2026 sin\u00f3 que venim carregats de curiositats que et deixaran amb cara de\u2026 \u201c- Com??? No ho sabia, aix\u00f2?!\u00a0\u00bb<\/p>\n<p>\ud83d\udcc5 A l\u2019agenda:<br \/>\nCelebrem el Dia de Martin Luther King, un recordatori potent\u00edssim sobre drets civils, igualtat i lluita pac\u00edfica. Un d\u2019aquells dies que val la pena saber per qu\u00e8 existeix.<\/p>\n<p>\ud83c\udf84 Sabies que\u2026?<br \/>\nT\u2019expliquem quin va ser el primer arbre de Nadal del m\u00f3n. I no, no va ser a un centre comercial ni a Pinterest. La hist\u00f2ria \u00e9s molt m\u00e9s \u00e8pica del que sembla.<\/p>\n<p>\ud83e\udd53 I atenci\u00f3:<br \/>\nDescobrir\u00e0s qu\u00e8 \u00e9s la cansalada virada.<br \/>\nS\u00ed, sona a \u201cplat que et faria l\u2019\u00e0via\u201d, per\u00f2 t\u00e9 m\u00e9s hist\u00f2ria i m\u00e9s plot twist del que imagines.<\/p>\n<p style=\"text-align: center;\"><iframe loading=\"lazy\" title=\"YouTube video player\" src=\"\/\/www.youtube.com\/embed\/A2tL6XetSAI?si=8ccVXGf8V8-5AbWk\" width=\"560\" height=\"315\" frameborder=\"0\" allowfullscreen=\"allowfullscreen\"><\/iframe><\/p>\n<p style=\"text-align: center;\"><a href=\"https:\/\/www.instagram.com\/meteo715__\">Instagram<\/a>\u00a0\u2013\u00a0<a href=\"https:\/\/www.youtube.com\/c\/Meteo715\">Youtube<\/a>\u00a0\u2013\u00a0<a href=\"http:\/\/meteo715.cat\/\">meteo715.cat<\/a><\/p>\n<p style=\"text-align: center;\">#canaldereporters #videoreporters #cultura<\/p>\n","protected":false},"excerpt":{"rendered":"<p>\ud83c\udfa5 Cap\u00edtol 3 del Meteo715 &#8211; el mix inesperat que no sabies que necessitaves.<br \/>\nAquesta setmana no nom\u00e9s t\u2019expliquem si plour\u00e0, nevar\u00e0 o si haur\u00e0s de sortir de casa amb 14 capes\u2026 sin\u00f3 que venim carregats de curiositats que et deixaran amb cara de\u2026 \u201c- Com???&hellip;  <a href=\"https:\/\/agora.xtec.cat\/colsil\/portada\/temporada-8-capitol-3\/\" title=\"Read Temporada 8 \u2013 Cap\u00edtol 3\">Llegeix m\u00e9s\u00bb<\/a><\/p>\n","protected":false},"author":1,"featured_media":1058,"comment_status":"closed","ping_status":"open","sticky":false,"template":"","format":"standard","meta":{"_bbp_topic_count":0,"_bbp_reply_count":0,"_bbp_total_topic_count":0,"_bbp_total_reply_count":0,"_bbp_voice_count":0,"_bbp_anonymous_reply_count":0,"_bbp_topic_count_hidden":0,"_bbp_reply_count_hidden":0,"_bbp_forum_subforum_count":0,"footnotes":""},"categories":[29,199],"tags":[150,152,153],"class_list":["post-1057","post","type-post","status-publish","format-standard","has-post-thumbnail","hentry","category-portada","category-temporada8","tag-canaldereporters","tag-cultura","tag-videoreporters"],"post_mailing_queue_ids":[],"_links":{"self":[{"href":"https:\/\/agora.xtec.cat\/colsil\/wp-json\/wp\/v2\/posts\/1057","targetHints":{"allow":["GET"]}}],"collection":[{"href":"https:\/\/agora.xtec.cat\/colsil\/wp-json\/wp\/v2\/posts"}],"about":[{"href":"https:\/\/agora.xtec.cat\/colsil\/wp-json\/wp\/v2\/types\/post"}],"author":[{"embeddable":true,"href":"https:\/\/agora.xtec.cat\/colsil\/wp-json\/wp\/v2\/users\/1"}],"replies":[{"embeddable":true,"href":"https:\/\/agora.xtec.cat\/colsil\/wp-json\/wp\/v2\/comments?post=1057"}],"version-history":[{"count":1,"href":"https:\/\/agora.xtec.cat\/colsil\/wp-json\/wp\/v2\/posts\/1057\/revisions"}],"predecessor-version":[{"id":1059,"href":"https:\/\/agora.xtec.cat\/colsil\/wp-json\/wp\/v2\/posts\/1057\/revisions\/1059"}],"wp:featuredmedia":[{"embeddable":true,"href":"https:\/\/agora.xtec.cat\/colsil\/wp-json\/wp\/v2\/media\/1058"}],"wp:attachment":[{"href":"https:\/\/agora.xtec.cat\/colsil\/wp-json\/wp\/v2\/media?parent=1057"}],"wp:term":[{"taxonomy":"category","embeddable":true,"href":"https:\/\/agora.xtec.cat\/colsil\/wp-json\/wp\/v2\/categories?post=1057"},{"taxonomy":"post_tag","embeddable":true,"href":"https:\/\/agora.xtec.cat\/colsil\/wp-json\/wp\/v2\/tags?post=1057"}],"curies":[{"name":"wp","href":"https:\/\/api.w.org\/{rel}","templated":true}]}}