{"id":1050,"date":"2025-12-01T06:00:40","date_gmt":"2025-12-01T05:00:40","guid":{"rendered":"https:\/\/agora.xtec.cat\/colsil\/?p=1050"},"modified":"2025-11-30T12:48:17","modified_gmt":"2025-11-30T11:48:17","slug":"temporada-8-capitol-1","status":"publish","type":"post","link":"https:\/\/agora.xtec.cat\/colsil\/general\/temporada-8-capitol-1\/","title":{"rendered":"Temporada 8 \u2013 Cap\u00edtol 1"},"content":{"rendered":"<p>\ud83d\ude80\u2728 Temporada 8 activada!<br \/>\nArrenca la nova temporada del Meteo715 i venim carregats d\u2019energia, bon rotllo i sorpreses.<\/p>\n<p>\ud83c\udf26\ufe0f Et portem el temps de la setmana (spoiler: abriga\u2019t, que el fred ja \u00e9s aqu\u00ed).<br \/>\n\ud83d\udcc5 A l\u2019agenda: el Mercat Medieval de Vic (del 6 al 8 de desembre), perfecte per viure hist\u00f2ries de cavallers i princeses en mode real life.<br \/>\n\ud83c\udf0d Als Fets i Costums viatgem fins a la Rep\u00fablica Dominicana per descobrir el Dia Nacional del Larimar, una pedra preciosa tan \u00fanica com aquesta nova temporada.<br \/>\n\ud83c\udf84 I al suplement\u2026 l\u2019encesa dels llums de Nadal que ja enc\u00e9n l\u2019ambient festiu i ens posa en mode playlist nadalenca.<\/p>\n<p>\ud83d\udd25 Tot aix\u00f2 i m\u00e9s al Cap\u00edtol 1 de la Temporada 8.<br \/>\nDona-li al play i deixa\u2019t contagiar pel bon rotllo del Meteo715! \ud83c\udfa7\ud83d\udca5<\/p>\n<p style=\"text-align: center;\"><iframe loading=\"lazy\" title=\"YouTube video player\" src=\"\/\/www.youtube.com\/embed\/bZxF7AAmfaM?si=IfRGM81eI5XmH3h4\" width=\"560\" height=\"315\" frameborder=\"0\" allowfullscreen=\"allowfullscreen\"><\/iframe><\/p>\n<p style=\"text-align: center;\"><a href=\"https:\/\/www.instagram.com\/meteo715__\">Instagram<\/a>\u00a0\u2013\u00a0<a href=\"https:\/\/www.youtube.com\/c\/Meteo715\">Youtube<\/a>\u00a0\u2013\u00a0<a href=\"http:\/\/meteo715.cat\/\">meteo715.cat<\/a><\/p>\n<p style=\"text-align: center;\">#canaldereporters #videoreporters #cultura<\/p>\n","protected":false},"excerpt":{"rendered":"<p>\ud83d\ude80\u2728 Temporada 8 activada!<br \/>\nArrenca la nova temporada del Meteo715 i venim carregats d\u2019energia, bon rotllo i sorpreses.<br \/>\n\ud83c\udf26\ufe0f Et portem el temps de la setmana (spoiler: abriga\u2019t, que el fred ja \u00e9s aqu\u00ed).<br \/>\n\ud83d\udcc5 A l\u2019agenda: el Mercat Medieval de Vic (del 6 al 8 de desembre),&hellip;  <a href=\"https:\/\/agora.xtec.cat\/colsil\/general\/temporada-8-capitol-1\/\" title=\"Read Temporada 8 \u2013 Cap\u00edtol 1\">Llegeix m\u00e9s\u00bb<\/a><\/p>\n","protected":false},"author":1,"featured_media":1051,"comment_status":"closed","ping_status":"closed","sticky":false,"template":"","format":"standard","meta":{"_bbp_topic_count":0,"_bbp_reply_count":0,"_bbp_total_topic_count":0,"_bbp_total_reply_count":0,"_bbp_voice_count":0,"_bbp_anonymous_reply_count":0,"_bbp_topic_count_hidden":0,"_bbp_reply_count_hidden":0,"_bbp_forum_subforum_count":0,"footnotes":""},"categories":[1,29,199],"tags":[150,152,153],"class_list":["post-1050","post","type-post","status-publish","format-standard","has-post-thumbnail","hentry","category-general","category-portada","category-temporada8","tag-canaldereporters","tag-cultura","tag-videoreporters"],"post_mailing_queue_ids":[],"_links":{"self":[{"href":"https:\/\/agora.xtec.cat\/colsil\/wp-json\/wp\/v2\/posts\/1050","targetHints":{"allow":["GET"]}}],"collection":[{"href":"https:\/\/agora.xtec.cat\/colsil\/wp-json\/wp\/v2\/posts"}],"about":[{"href":"https:\/\/agora.xtec.cat\/colsil\/wp-json\/wp\/v2\/types\/post"}],"author":[{"embeddable":true,"href":"https:\/\/agora.xtec.cat\/colsil\/wp-json\/wp\/v2\/users\/1"}],"replies":[{"embeddable":true,"href":"https:\/\/agora.xtec.cat\/colsil\/wp-json\/wp\/v2\/comments?post=1050"}],"version-history":[{"count":1,"href":"https:\/\/agora.xtec.cat\/colsil\/wp-json\/wp\/v2\/posts\/1050\/revisions"}],"predecessor-version":[{"id":1052,"href":"https:\/\/agora.xtec.cat\/colsil\/wp-json\/wp\/v2\/posts\/1050\/revisions\/1052"}],"wp:featuredmedia":[{"embeddable":true,"href":"https:\/\/agora.xtec.cat\/colsil\/wp-json\/wp\/v2\/media\/1051"}],"wp:attachment":[{"href":"https:\/\/agora.xtec.cat\/colsil\/wp-json\/wp\/v2\/media?parent=1050"}],"wp:term":[{"taxonomy":"category","embeddable":true,"href":"https:\/\/agora.xtec.cat\/colsil\/wp-json\/wp\/v2\/categories?post=1050"},{"taxonomy":"post_tag","embeddable":true,"href":"https:\/\/agora.xtec.cat\/colsil\/wp-json\/wp\/v2\/tags?post=1050"}],"curies":[{"name":"wp","href":"https:\/\/api.w.org\/{rel}","templated":true}]}}