{"id":1047,"date":"2025-11-28T11:30:29","date_gmt":"2025-11-28T10:30:29","guid":{"rendered":"https:\/\/agora.xtec.cat\/colsil\/?p=1047"},"modified":"2025-11-23T11:56:43","modified_gmt":"2025-11-23T10:56:43","slug":"inici-de-la-temporada-8-mama-dousha-vitamina-de-lamor","status":"publish","type":"post","link":"https:\/\/agora.xtec.cat\/colsil\/portada\/inici-de-la-temporada-8-mama-dousha-vitamina-de-lamor\/","title":{"rendered":"Inici de la temporada 8 &#8211; Mama Dousha &#8211; Vitamina de l&#8217;Amor"},"content":{"rendered":"<p>\ud83c\udfac\u2728 El moment ha arribat!<br \/>\nEls nouvinguts ens regalen la seva pr\u00f2pia versi\u00f3 de \u201cVitamina de l\u2019amor\u201d \ud83d\udc8a\u2764\ufe0f.<\/p>\n<p>\ud83c\udfb6 La m\u00fasica entra a la vida com una vitamina: et dona energia, et fa somriure i converteix qualsevol divendres en una festa.<br \/>\nAmb auriculars posats, tot t\u00e9 banda sonora\u2026 i avui sona m\u00e9s forta que mai.<\/p>\n<p>\ud83d\ude4f Un agra\u00efment especial a Mama Dousha per deixar-nos versionar la seva can\u00e7\u00f3 i compartir aquesta \u201cvitamina\u201d amb nosaltres.<\/p>\n<p>\ud83d\ude80 I atenci\u00f3: aquest videoclip \u00e9s el tret de sortida de la temporada 8!<br \/>\n\ud83d\udcc5 El cap\u00edtol 1 arribar\u00e0 dilluns 1 de desembre\u2026 prepara\u2019t perqu\u00e8 el viatge comen\u00e7a aqu\u00ed.<\/p>\n<p>\u2728 I ara \u00e9s el moment de pensar: quina \u00e9s la teva vitamina musical per tenir energia?<\/p>\n<p style=\"text-align: center;\"><iframe loading=\"lazy\" title=\"YouTube video player\" src=\"\/\/www.youtube.com\/embed\/buPuEEt6Tbs?si=wi75eVScF2iMEi5i\" width=\"560\" height=\"315\" frameborder=\"0\" allowfullscreen=\"allowfullscreen\"><\/iframe><\/p>\n<p style=\"text-align: center;\"><a href=\"https:\/\/www.instagram.com\/meteo715__\">Instagram<\/a>\u00a0\u2013\u00a0<a href=\"https:\/\/www.youtube.com\/c\/Meteo715\">Youtube<\/a>\u00a0\u2013\u00a0<a href=\"http:\/\/meteo715.cat\/\">meteo715.cat<\/a><\/p>\n<p style=\"text-align: center;\">#canaldereporters #videoreporters #cultura<\/p>\n","protected":false},"excerpt":{"rendered":"<p>\ud83c\udfac\u2728 El moment ha arribat!<br \/>\nEls nouvinguts ens regalen la seva pr\u00f2pia versi\u00f3 de \u201cVitamina de l\u2019amor\u201d \ud83d\udc8a\u2764\ufe0f.<br \/>\n\ud83c\udfb6 La m\u00fasica entra a la vida com una vitamina: et dona energia, et fa somriure i converteix qualsevol divendres en una festa.<br \/>\nAmb auriculars posats, tot t\u00e9 banda sonora\u2026&hellip;  <a href=\"https:\/\/agora.xtec.cat\/colsil\/portada\/inici-de-la-temporada-8-mama-dousha-vitamina-de-lamor\/\" title=\"Read Inici de la temporada 8 &#8211; Mama Dousha &#8211; Vitamina de l&#8217;Amor\">Llegeix m\u00e9s\u00bb<\/a><\/p>\n","protected":false},"author":1,"featured_media":1048,"comment_status":"closed","ping_status":"open","sticky":false,"template":"","format":"standard","meta":{"_bbp_topic_count":0,"_bbp_reply_count":0,"_bbp_total_topic_count":0,"_bbp_total_reply_count":0,"_bbp_voice_count":0,"_bbp_anonymous_reply_count":0,"_bbp_topic_count_hidden":0,"_bbp_reply_count_hidden":0,"_bbp_forum_subforum_count":0,"footnotes":""},"categories":[29,199],"tags":[150,152,153],"class_list":["post-1047","post","type-post","status-publish","format-standard","has-post-thumbnail","hentry","category-portada","category-temporada8","tag-canaldereporters","tag-cultura","tag-videoreporters"],"post_mailing_queue_ids":[],"_links":{"self":[{"href":"https:\/\/agora.xtec.cat\/colsil\/wp-json\/wp\/v2\/posts\/1047","targetHints":{"allow":["GET"]}}],"collection":[{"href":"https:\/\/agora.xtec.cat\/colsil\/wp-json\/wp\/v2\/posts"}],"about":[{"href":"https:\/\/agora.xtec.cat\/colsil\/wp-json\/wp\/v2\/types\/post"}],"author":[{"embeddable":true,"href":"https:\/\/agora.xtec.cat\/colsil\/wp-json\/wp\/v2\/users\/1"}],"replies":[{"embeddable":true,"href":"https:\/\/agora.xtec.cat\/colsil\/wp-json\/wp\/v2\/comments?post=1047"}],"version-history":[{"count":1,"href":"https:\/\/agora.xtec.cat\/colsil\/wp-json\/wp\/v2\/posts\/1047\/revisions"}],"predecessor-version":[{"id":1049,"href":"https:\/\/agora.xtec.cat\/colsil\/wp-json\/wp\/v2\/posts\/1047\/revisions\/1049"}],"wp:featuredmedia":[{"embeddable":true,"href":"https:\/\/agora.xtec.cat\/colsil\/wp-json\/wp\/v2\/media\/1048"}],"wp:attachment":[{"href":"https:\/\/agora.xtec.cat\/colsil\/wp-json\/wp\/v2\/media?parent=1047"}],"wp:term":[{"taxonomy":"category","embeddable":true,"href":"https:\/\/agora.xtec.cat\/colsil\/wp-json\/wp\/v2\/categories?post=1047"},{"taxonomy":"post_tag","embeddable":true,"href":"https:\/\/agora.xtec.cat\/colsil\/wp-json\/wp\/v2\/tags?post=1047"}],"curies":[{"name":"wp","href":"https:\/\/api.w.org\/{rel}","templated":true}]}}