{"id":1043,"date":"2025-06-18T12:00:38","date_gmt":"2025-06-18T10:00:38","guid":{"rendered":"https:\/\/agora.xtec.cat\/colsil\/?p=1043"},"modified":"2025-06-08T11:48:42","modified_gmt":"2025-06-08T09:48:42","slug":"final-de-la-temporada-7-doctor-prats-aerobic","status":"publish","type":"post","link":"https:\/\/agora.xtec.cat\/colsil\/portada\/final-de-la-temporada-7-doctor-prats-aerobic\/","title":{"rendered":"Final de la temporada 7 \u2013 Doctor Prats \u2013 Aer\u00f2bic"},"content":{"rendered":"<p>\ud83c\udf1f Final de curs amb energia i ritme! \ud83c\udf1f<\/p>\n<p>Els Nouvinguts del col\u00b7le dins del projecte Meteo715, tanquen el curs com millor saben fer-ho: amb m\u00fasica, creativitat i molt bon rotllo! \ud83c\udfb6\ud83d\udc83\ud83d\udd7a<\/p>\n<p>A l&#8217;inici del curs ens vam presentar amb una versi\u00f3 d&#8217;un videoclip, i ara, per acomiadar-nos fins al proper any, tornem a fer-ho amb un homenatge a &#8220;Aer\u00f2bic&#8221; de Doctor Prats! \ud83d\udd25\ud83d\udca5<\/p>\n<p>Gr\u00e0cies, Doctor Prats, per deixar-nos versionar la vostra can\u00e7\u00f3 i ser part d&#8217;aquest projecte tan especial. Ha estat un curs ple d&#8217;aprenentatges i emocions, i no hi ha millor manera de celebrar-ho que amb ritme i energia positiva!<\/p>\n<p>Som-hi, que la festa continua! \ud83d\ude80\ud83c\udf89<\/p>\n<p style=\"text-align: center;\"><iframe loading=\"lazy\" title=\"YouTube video player\" src=\"\/\/www.youtube.com\/embed\/661vJGEl_Uk?si=LtrsQQA5BN1AYC7m\" width=\"560\" height=\"315\" frameborder=\"0\" allowfullscreen=\"allowfullscreen\"><\/iframe><\/p>\n<p style=\"text-align: center;\"><a href=\"https:\/\/www.instagram.com\/meteo715__\">Instagram<\/a>\u00a0\u2013\u00a0<a href=\"https:\/\/www.youtube.com\/c\/Meteo715\">Youtube<\/a>\u00a0\u2013\u00a0<a href=\"http:\/\/meteo715.cat\/\">meteo715.cat<\/a><\/p>\n<p style=\"text-align: center;\">#canaldereporters #videoreporters #cultura<\/p>\n<p>&nbsp;<\/p>\n","protected":false},"excerpt":{"rendered":"<p>\ud83c\udf1f Final de curs amb energia i ritme! \ud83c\udf1f<br \/>\nEls Nouvinguts del col\u00b7le dins del projecte Meteo715, tanquen el curs com millor saben fer-ho: amb m\u00fasica, creativitat i molt bon rotllo! \ud83c\udfb6\ud83d\udc83\ud83d\udd7a<br \/>\nA l&#8217;inici del curs ens vam presentar amb una versi\u00f3 d&#8217;un videoclip, i ara, per&hellip;  <a href=\"https:\/\/agora.xtec.cat\/colsil\/portada\/final-de-la-temporada-7-doctor-prats-aerobic\/\" title=\"Read Final de la temporada 7 \u2013 Doctor Prats \u2013 Aer\u00f2bic\">Llegeix m\u00e9s\u00bb<\/a><\/p>\n","protected":false},"author":1,"featured_media":1044,"comment_status":"closed","ping_status":"closed","sticky":false,"template":"","format":"standard","meta":{"_bbp_topic_count":0,"_bbp_reply_count":0,"_bbp_total_topic_count":0,"_bbp_total_reply_count":0,"_bbp_voice_count":0,"_bbp_anonymous_reply_count":0,"_bbp_topic_count_hidden":0,"_bbp_reply_count_hidden":0,"_bbp_forum_subforum_count":0,"footnotes":""},"categories":[29,197],"tags":[150,152,153],"class_list":["post-1043","post","type-post","status-publish","format-standard","has-post-thumbnail","hentry","category-portada","category-temporada7","tag-canaldereporters","tag-cultura","tag-videoreporters"],"post_mailing_queue_ids":[],"_links":{"self":[{"href":"https:\/\/agora.xtec.cat\/colsil\/wp-json\/wp\/v2\/posts\/1043","targetHints":{"allow":["GET"]}}],"collection":[{"href":"https:\/\/agora.xtec.cat\/colsil\/wp-json\/wp\/v2\/posts"}],"about":[{"href":"https:\/\/agora.xtec.cat\/colsil\/wp-json\/wp\/v2\/types\/post"}],"author":[{"embeddable":true,"href":"https:\/\/agora.xtec.cat\/colsil\/wp-json\/wp\/v2\/users\/1"}],"replies":[{"embeddable":true,"href":"https:\/\/agora.xtec.cat\/colsil\/wp-json\/wp\/v2\/comments?post=1043"}],"version-history":[{"count":1,"href":"https:\/\/agora.xtec.cat\/colsil\/wp-json\/wp\/v2\/posts\/1043\/revisions"}],"predecessor-version":[{"id":1045,"href":"https:\/\/agora.xtec.cat\/colsil\/wp-json\/wp\/v2\/posts\/1043\/revisions\/1045"}],"wp:featuredmedia":[{"embeddable":true,"href":"https:\/\/agora.xtec.cat\/colsil\/wp-json\/wp\/v2\/media\/1044"}],"wp:attachment":[{"href":"https:\/\/agora.xtec.cat\/colsil\/wp-json\/wp\/v2\/media?parent=1043"}],"wp:term":[{"taxonomy":"category","embeddable":true,"href":"https:\/\/agora.xtec.cat\/colsil\/wp-json\/wp\/v2\/categories?post=1043"},{"taxonomy":"post_tag","embeddable":true,"href":"https:\/\/agora.xtec.cat\/colsil\/wp-json\/wp\/v2\/tags?post=1043"}],"curies":[{"name":"wp","href":"https:\/\/api.w.org\/{rel}","templated":true}]}}