{"id":1040,"date":"2025-05-12T06:00:24","date_gmt":"2025-05-12T04:00:24","guid":{"rendered":"https:\/\/agora.xtec.cat\/colsil\/?p=1040"},"modified":"2025-05-11T11:51:28","modified_gmt":"2025-05-11T09:51:28","slug":"temporada-7-capitol-10","status":"publish","type":"post","link":"https:\/\/agora.xtec.cat\/colsil\/portada\/temporada-7-capitol-10\/","title":{"rendered":"Temporada 7 \u2013 Cap\u00edtol 10"},"content":{"rendered":"<p>\ud83d\ude80 \u00daltim cap\u00edtol de la temporada! Per\u00f2 no ens acomiadem! \ud83c\udfac<\/p>\n<p>Aquest dilluns arriba el cap\u00edtol 10 de la temporada 7 del Meteo715! \ud83c\udf26\ufe0f\ud83d\udcc5 Com sempre, us portem la previsi\u00f3 setmanal del temps perqu\u00e8 no us agafi cap ruixat per sorpresa. \u2600\ufe0f\ud83c\udf27\ufe0f<\/p>\n<p>A l\u2019agenda, celebrem el Dia Internacional dels Museus (18 de maig) \ud83c\udfdb\ufe0f\u2728, una oportunitat perfecta per descobrir tresors culturals!<\/p>\n<p>Als Fets i Costums, viatgem sota terra per explorar el metro de Moscou, una aut\u00e8ntica obra d\u2019art en moviment! \ud83d\ude87\ud83c\udfa8<\/p>\n<p>I al Suplement, us expliquem per qu\u00e8 aquest \u00e9s el darrer cap\u00edtol de la temporada\u2026 per\u00f2 NO el final de Meteo715! \ud83c\udf89 Seguirem actius a Instagram fins a final de curs, amb contingut exclusiu i una GRAN SORPRESA en format v\u00eddeo musical! \ud83c\udfb6\ud83c\udfa5 No us ho podeu perdre!<\/p>\n<p>Per\u00f2 aix\u00f2 no \u00e9s tot! El curs vinent tornem amb una temporada 8 carregada de novetats i moltes coses ben interessants! \ud83d\udce1\u2728 Aix\u00ed que ja podeu preparar-vos, perqu\u00e8 el Meteo715 no para!<\/p>\n<p style=\"text-align: center;\"><iframe loading=\"lazy\" title=\"YouTube video player\" src=\"\/\/www.youtube.com\/embed\/pXXLq2c0miI?si=RyuVitmCYW1XqNe_\" width=\"560\" height=\"315\" frameborder=\"0\" allowfullscreen=\"allowfullscreen\"><\/iframe><\/p>\n<p style=\"text-align: center;\"><a href=\"https:\/\/www.instagram.com\/meteo715__\">Instagram<\/a>\u00a0\u2013\u00a0<a href=\"https:\/\/www.youtube.com\/c\/Meteo715\">Youtube<\/a>\u00a0\u2013\u00a0<a href=\"http:\/\/meteo715.cat\/\">meteo715.cat<\/a><\/p>\n<p style=\"text-align: center;\">#canaldereporters #videoreporters #cultura<\/p>\n","protected":false},"excerpt":{"rendered":"<p>\ud83d\ude80 \u00daltim cap\u00edtol de la temporada! Per\u00f2 no ens acomiadem! \ud83c\udfac<br \/>\nAquest dilluns arriba el cap\u00edtol 10 de la temporada 7 del Meteo715! \ud83c\udf26\ufe0f\ud83d\udcc5 Com sempre, us portem la previsi\u00f3 setmanal del temps perqu\u00e8 no us agafi cap ruixat per sorpresa. \u2600\ufe0f\ud83c\udf27\ufe0f<br \/>\nA l\u2019agenda, celebrem el Dia&hellip;  <a href=\"https:\/\/agora.xtec.cat\/colsil\/portada\/temporada-7-capitol-10\/\" title=\"Read Temporada 7 \u2013 Cap\u00edtol 10\">Llegeix m\u00e9s\u00bb<\/a><\/p>\n","protected":false},"author":1,"featured_media":1041,"comment_status":"closed","ping_status":"closed","sticky":false,"template":"","format":"standard","meta":{"_bbp_topic_count":0,"_bbp_reply_count":0,"_bbp_total_topic_count":0,"_bbp_total_reply_count":0,"_bbp_voice_count":0,"_bbp_anonymous_reply_count":0,"_bbp_topic_count_hidden":0,"_bbp_reply_count_hidden":0,"_bbp_forum_subforum_count":0,"footnotes":""},"categories":[29,197],"tags":[150,152,153],"class_list":["post-1040","post","type-post","status-publish","format-standard","has-post-thumbnail","hentry","category-portada","category-temporada7","tag-canaldereporters","tag-cultura","tag-videoreporters"],"post_mailing_queue_ids":[],"_links":{"self":[{"href":"https:\/\/agora.xtec.cat\/colsil\/wp-json\/wp\/v2\/posts\/1040","targetHints":{"allow":["GET"]}}],"collection":[{"href":"https:\/\/agora.xtec.cat\/colsil\/wp-json\/wp\/v2\/posts"}],"about":[{"href":"https:\/\/agora.xtec.cat\/colsil\/wp-json\/wp\/v2\/types\/post"}],"author":[{"embeddable":true,"href":"https:\/\/agora.xtec.cat\/colsil\/wp-json\/wp\/v2\/users\/1"}],"replies":[{"embeddable":true,"href":"https:\/\/agora.xtec.cat\/colsil\/wp-json\/wp\/v2\/comments?post=1040"}],"version-history":[{"count":1,"href":"https:\/\/agora.xtec.cat\/colsil\/wp-json\/wp\/v2\/posts\/1040\/revisions"}],"predecessor-version":[{"id":1042,"href":"https:\/\/agora.xtec.cat\/colsil\/wp-json\/wp\/v2\/posts\/1040\/revisions\/1042"}],"wp:featuredmedia":[{"embeddable":true,"href":"https:\/\/agora.xtec.cat\/colsil\/wp-json\/wp\/v2\/media\/1041"}],"wp:attachment":[{"href":"https:\/\/agora.xtec.cat\/colsil\/wp-json\/wp\/v2\/media?parent=1040"}],"wp:term":[{"taxonomy":"category","embeddable":true,"href":"https:\/\/agora.xtec.cat\/colsil\/wp-json\/wp\/v2\/categories?post=1040"},{"taxonomy":"post_tag","embeddable":true,"href":"https:\/\/agora.xtec.cat\/colsil\/wp-json\/wp\/v2\/tags?post=1040"}],"curies":[{"name":"wp","href":"https:\/\/api.w.org\/{rel}","templated":true}]}}