{"id":1037,"date":"2025-04-28T06:00:50","date_gmt":"2025-04-28T04:00:50","guid":{"rendered":"https:\/\/agora.xtec.cat\/colsil\/?p=1037"},"modified":"2025-04-27T19:58:38","modified_gmt":"2025-04-27T17:58:38","slug":"temporada-7-capitol-9","status":"publish","type":"post","link":"https:\/\/agora.xtec.cat\/colsil\/portada\/temporada-7-capitol-9\/","title":{"rendered":"Temporada 7 \u2013 Cap\u00edtol 9"},"content":{"rendered":"<p>\ud83c\udfa5\ud83c\udf1f Cap\u00edtol 9 del Meteo715: Preparats per a una nova setmana? \ud83c\udf1f\ud83c\udfa5<\/p>\n<p>Aquest dilluns arriba el nou cap\u00edtol del Meteo715, i us prometem que ve carregat de coses interessants! \ud83c\udf0d\ud83d\udcda<\/p>\n<p>\ud83d\udcc5 Temps de la setmana: Com sempre, repassarem les previsions meteorol\u00f2giques per tenir-ho tot controlat. \ud83c\udf26\ufe0f\u2600\ufe0f<br \/>\n\ud83d\udcd6 Agenda: Sab\u00edeu que el dia 8 de maig \u00e9s el Dia Internacional del Burro? \ud83d\udc34 Descobrirem curiositats sobre aquests animals tan especials!<br \/>\n\ud83e\udd67 Fets i costums: Viatgem fins a Bulg\u00e0ria per con\u00e8ixer la Banitsa, un plat delici\u00f3s que segur us far\u00e0 salivar. \ud83c\udde7\ud83c\uddec\ud83c\udf74<br \/>\n\ud83c\udf89 Suplement especial: Celebrem el 6\u00e8 aniversari del Meteo715! El passat dia 24 vam fer 6 anyets plens d\u2019aprenentatge, diversi\u00f3 i moments inoblidables. Gr\u00e0cies per ser part d\u2019aquest viatge! \ud83c\udf82\u2728<\/p>\n<p>\ud83d\udc49 No us perdeu el cap\u00edtol complet a YouTube i Instagram! Doneu-li al play, gaudiu i, com sempre, deixeu-nos els vostres comentaris. Ens encanta saber qu\u00e8 us sembla! \ud83d\udcac\ud83d\udc47<\/p>\n<p style=\"text-align: center;\"><iframe loading=\"lazy\" title=\"YouTube video player\" src=\"\/\/www.youtube.com\/embed\/zf1eSXR3ooY?si=XohAD_whAEnV41ZM\" width=\"560\" height=\"315\" frameborder=\"0\" allowfullscreen=\"allowfullscreen\"><\/iframe><\/p>\n<p style=\"text-align: center;\"><a href=\"https:\/\/www.instagram.com\/meteo715__\">Instagram<\/a>\u00a0\u2013\u00a0<a href=\"https:\/\/www.youtube.com\/c\/Meteo715\">Youtube<\/a>\u00a0\u2013\u00a0<a href=\"http:\/\/meteo715.cat\/\">meteo715.cat<\/a><\/p>\n<p style=\"text-align: center;\">#canaldereporters #videoreporters #cultura<\/p>\n<p>&nbsp;<\/p>\n","protected":false},"excerpt":{"rendered":"<p>\ud83c\udfa5\ud83c\udf1f Cap\u00edtol 9 del Meteo715: Preparats per a una nova setmana? \ud83c\udf1f\ud83c\udfa5<br \/>\nAquest dilluns arriba el nou cap\u00edtol del Meteo715, i us prometem que ve carregat de coses interessants! \ud83c\udf0d\ud83d\udcda<br \/>\n\ud83d\udcc5 Temps de la setmana: Com sempre, repassarem les previsions meteorol\u00f2giques per tenir-ho tot controlat. \ud83c\udf26\ufe0f\u2600\ufe0f<br \/>\n\ud83d\udcd6 Agenda:&hellip;  <a href=\"https:\/\/agora.xtec.cat\/colsil\/portada\/temporada-7-capitol-9\/\" title=\"Read Temporada 7 \u2013 Cap\u00edtol 9\">Llegeix m\u00e9s\u00bb<\/a><\/p>\n","protected":false},"author":1,"featured_media":1038,"comment_status":"closed","ping_status":"closed","sticky":false,"template":"","format":"standard","meta":{"_bbp_topic_count":0,"_bbp_reply_count":0,"_bbp_total_topic_count":0,"_bbp_total_reply_count":0,"_bbp_voice_count":0,"_bbp_anonymous_reply_count":0,"_bbp_topic_count_hidden":0,"_bbp_reply_count_hidden":0,"_bbp_forum_subforum_count":0,"footnotes":""},"categories":[29,197],"tags":[150,152,153],"class_list":["post-1037","post","type-post","status-publish","format-standard","has-post-thumbnail","hentry","category-portada","category-temporada7","tag-canaldereporters","tag-cultura","tag-videoreporters"],"post_mailing_queue_ids":[],"_links":{"self":[{"href":"https:\/\/agora.xtec.cat\/colsil\/wp-json\/wp\/v2\/posts\/1037","targetHints":{"allow":["GET"]}}],"collection":[{"href":"https:\/\/agora.xtec.cat\/colsil\/wp-json\/wp\/v2\/posts"}],"about":[{"href":"https:\/\/agora.xtec.cat\/colsil\/wp-json\/wp\/v2\/types\/post"}],"author":[{"embeddable":true,"href":"https:\/\/agora.xtec.cat\/colsil\/wp-json\/wp\/v2\/users\/1"}],"replies":[{"embeddable":true,"href":"https:\/\/agora.xtec.cat\/colsil\/wp-json\/wp\/v2\/comments?post=1037"}],"version-history":[{"count":1,"href":"https:\/\/agora.xtec.cat\/colsil\/wp-json\/wp\/v2\/posts\/1037\/revisions"}],"predecessor-version":[{"id":1039,"href":"https:\/\/agora.xtec.cat\/colsil\/wp-json\/wp\/v2\/posts\/1037\/revisions\/1039"}],"wp:featuredmedia":[{"embeddable":true,"href":"https:\/\/agora.xtec.cat\/colsil\/wp-json\/wp\/v2\/media\/1038"}],"wp:attachment":[{"href":"https:\/\/agora.xtec.cat\/colsil\/wp-json\/wp\/v2\/media?parent=1037"}],"wp:term":[{"taxonomy":"category","embeddable":true,"href":"https:\/\/agora.xtec.cat\/colsil\/wp-json\/wp\/v2\/categories?post=1037"},{"taxonomy":"post_tag","embeddable":true,"href":"https:\/\/agora.xtec.cat\/colsil\/wp-json\/wp\/v2\/tags?post=1037"}],"curies":[{"name":"wp","href":"https:\/\/api.w.org\/{rel}","templated":true}]}}