{"id":1034,"date":"2025-03-31T06:00:20","date_gmt":"2025-03-31T04:00:20","guid":{"rendered":"https:\/\/agora.xtec.cat\/colsil\/?p=1034"},"modified":"2025-03-30T15:30:50","modified_gmt":"2025-03-30T13:30:50","slug":"temporada-7-capitol-8","status":"publish","type":"post","link":"https:\/\/agora.xtec.cat\/colsil\/portada\/temporada-7-capitol-8\/","title":{"rendered":"Temporada 7 \u2013 Cap\u00edtol 8"},"content":{"rendered":"<p>\ud83c\udfa5\ud83c\udf26 Meteo715 T7-C8: Un cap\u00edtol per no perdre&#8217;s! \ud83c\udf26\ud83c\udfa5<\/p>\n<p>Aquest dilluns, els nouvinguts de l&#8217;escola ens porten un nou episodi del Meteo715, el vostre magazine preferit! Prepareu-vos per una dosi de diversi\u00f3, curiositats i, per descomptat, la previsi\u00f3 del temps per a la setmana. \u2600\ufe0f\ud83c\udf27<\/p>\n<p>\ud83d\udcc5 Agenda: Sab\u00edeu que el 12 d&#8217;abril \u00e9s el Dia Mundial de l&#8217;h\u00e0mster? \ud83d\udc39 Descobriu per qu\u00e8 aquests petits rosegadors tenen un dia dedicat nom\u00e9s a ells i com podeu celebrar-lo amb estil!<\/p>\n<p>\ud83c\udf6c Fets i costums: Viatgem fins a l&#8217;\u00cdndia per descobrir el Jalebi, una del\u00edcia dol\u00e7a que us far\u00e0 venir salivera nom\u00e9s de veure-la. Us explicarem com es prepara i per qu\u00e8 \u00e9s tan especial en les celebracions \u00edndies. \ud83c\uddee\ud83c\uddf3<\/p>\n<p>\ud83d\ude34 Suplement: Qu\u00e8 tenen en com\u00fa un h\u00e0mster, un elefant i un dof\u00ed? Les seves hores de son! \ud83d\udc18\ud83d\udc2c\ud83d\udc39 Us sorprendr\u00e0 saber quins animals dormen m\u00e9s i quins gaireb\u00e9 no tanquen els ulls. Spoiler: els h\u00e0msters s\u00f3n uns dormilegues professionals! \ud83d\ude34<\/p>\n<p>No us perdeu aquest cap\u00edtol ple de sorpreses i aprenentatges! \ud83c\udf0d\u2728 Feu clic al v\u00eddeo, deixeu el vostre &#8220;m&#8217;agrada&#8221; i compartiu-lo amb tothom! \ud83d\udcf2\ud83d\udcac<\/p>\n<p style=\"text-align: center;\"><iframe loading=\"lazy\" title=\"YouTube video player\" src=\"\/\/www.youtube.com\/embed\/4kRRcN0a2tY?si=ZrQ_dDtwMcng6n1f\" width=\"560\" height=\"315\" frameborder=\"0\" allowfullscreen=\"allowfullscreen\"><\/iframe><\/p>\n<p style=\"text-align: center;\"><a href=\"https:\/\/www.instagram.com\/meteo715__\">Instagram<\/a>\u00a0\u2013\u00a0<a href=\"https:\/\/www.youtube.com\/c\/Meteo715\">Youtube<\/a>\u00a0\u2013\u00a0<a href=\"http:\/\/meteo715.cat\/\">meteo715.cat<\/a><\/p>\n<p style=\"text-align: center;\">#canaldereporters #videoreporters #cultura<\/p>\n","protected":false},"excerpt":{"rendered":"<p>\ud83c\udfa5\ud83c\udf26 Meteo715 T7-C8: Un cap\u00edtol per no perdre&#8217;s! \ud83c\udf26\ud83c\udfa5<br \/>\nAquest dilluns, els nouvinguts de l&#8217;escola ens porten un nou episodi del Meteo715, el vostre magazine preferit! Prepareu-vos per una dosi de diversi\u00f3, curiositats i, per descomptat, la previsi\u00f3 del temps per a la setmana. \u2600\ufe0f\ud83c\udf27<br \/>\n\ud83d\udcc5 Agenda:&hellip;  <a href=\"https:\/\/agora.xtec.cat\/colsil\/portada\/temporada-7-capitol-8\/\" title=\"Read Temporada 7 \u2013 Cap\u00edtol 8\">Llegeix m\u00e9s\u00bb<\/a><\/p>\n","protected":false},"author":1,"featured_media":1035,"comment_status":"closed","ping_status":"closed","sticky":false,"template":"","format":"standard","meta":{"_bbp_topic_count":0,"_bbp_reply_count":0,"_bbp_total_topic_count":0,"_bbp_total_reply_count":0,"_bbp_voice_count":0,"_bbp_anonymous_reply_count":0,"_bbp_topic_count_hidden":0,"_bbp_reply_count_hidden":0,"_bbp_forum_subforum_count":0,"footnotes":""},"categories":[29,197],"tags":[150,152,153],"class_list":["post-1034","post","type-post","status-publish","format-standard","has-post-thumbnail","hentry","category-portada","category-temporada7","tag-canaldereporters","tag-cultura","tag-videoreporters"],"post_mailing_queue_ids":[],"_links":{"self":[{"href":"https:\/\/agora.xtec.cat\/colsil\/wp-json\/wp\/v2\/posts\/1034","targetHints":{"allow":["GET"]}}],"collection":[{"href":"https:\/\/agora.xtec.cat\/colsil\/wp-json\/wp\/v2\/posts"}],"about":[{"href":"https:\/\/agora.xtec.cat\/colsil\/wp-json\/wp\/v2\/types\/post"}],"author":[{"embeddable":true,"href":"https:\/\/agora.xtec.cat\/colsil\/wp-json\/wp\/v2\/users\/1"}],"replies":[{"embeddable":true,"href":"https:\/\/agora.xtec.cat\/colsil\/wp-json\/wp\/v2\/comments?post=1034"}],"version-history":[{"count":1,"href":"https:\/\/agora.xtec.cat\/colsil\/wp-json\/wp\/v2\/posts\/1034\/revisions"}],"predecessor-version":[{"id":1036,"href":"https:\/\/agora.xtec.cat\/colsil\/wp-json\/wp\/v2\/posts\/1034\/revisions\/1036"}],"wp:featuredmedia":[{"embeddable":true,"href":"https:\/\/agora.xtec.cat\/colsil\/wp-json\/wp\/v2\/media\/1035"}],"wp:attachment":[{"href":"https:\/\/agora.xtec.cat\/colsil\/wp-json\/wp\/v2\/media?parent=1034"}],"wp:term":[{"taxonomy":"category","embeddable":true,"href":"https:\/\/agora.xtec.cat\/colsil\/wp-json\/wp\/v2\/categories?post=1034"},{"taxonomy":"post_tag","embeddable":true,"href":"https:\/\/agora.xtec.cat\/colsil\/wp-json\/wp\/v2\/tags?post=1034"}],"curies":[{"name":"wp","href":"https:\/\/api.w.org\/{rel}","templated":true}]}}