{"id":1031,"date":"2025-03-10T06:00:47","date_gmt":"2025-03-10T05:00:47","guid":{"rendered":"https:\/\/agora.xtec.cat\/colsil\/?p=1031"},"modified":"2025-03-09T15:21:13","modified_gmt":"2025-03-09T14:21:13","slug":"temporada-7-capitol-7","status":"publish","type":"post","link":"https:\/\/agora.xtec.cat\/colsil\/portada\/temporada-7-capitol-7\/","title":{"rendered":"Temporada 7 &#8211; Cap\u00edtol 7"},"content":{"rendered":"<p>\ud83c\udf26\ud83d\udcfa Nou episodi del Meteo715! \ud83d\ude80<\/p>\n<p>Bon dia! Avui \u00e9s dilluns i estem molt emocionats d&#8217;anunciar que ja est\u00e0 disponible el cap\u00edtol 7 de la temporada 7 del Meteo715! \ud83c\udf89 No us el podeu perdre!<\/p>\n<p>En aquest episodi, com sempre, el nostre meteor\u00f2leg de cap\u00e7alera ens far\u00e0 la previsi\u00f3 del temps per a aquesta setmana. \ud83c\udf1e\ud83c\udf27 Per\u00f2 aix\u00f2 no \u00e9s tot, tamb\u00e9 tenim un munt de seccions interessants i divertides per a vosaltres:<\/p>\n<ul>\n<li><strong>Agenda:<\/strong> Sab\u00edeu que el proper 23 de mar\u00e7 \u00e9s el Dia Mundial de l&#8217;Ascensor? \ud83d\udeaa\u2b06\ufe0f\u2b07\ufe0f Celebrarem aquesta jornada parlant de curiositats i an\u00e8cdotes sobre aquest invent que ens porta amunt i avall.<\/li>\n<li><strong>Fets i costums:<\/strong> Avui viatgem fins al Brasil per con\u00e8ixer el guaran\u00e0, una beguda tradicional que segur que us sorprendr\u00e0. \ud83c\udf79\ud83c\udf3f Coneixeu-ne els or\u00edgens i les seves propietats, i qui sap, potser us animeu a tastar-la!<\/li>\n<li><strong>Espai Suplement:<\/strong> Aquest cop, el dediquem a parlar d&#8217;algunes dones cient\u00edfiques que han fet hist\u00f2ria. \ud83d\udc69\u200d\ud83d\udd2c\ud83d\udca1 Inspirem-nos amb els seus descobriments, i reconeguem la seva inestimable aportaci\u00f3 al m\u00f3n de la ci\u00e8ncia.<\/li>\n<\/ul>\n<p>Gaudiu de l\u2019episodi i compartiu-lo amb els vostres amics! \ud83d\udcf2<\/p>\n<p style=\"text-align: center;\"><iframe loading=\"lazy\" title=\"YouTube video player\" src=\"\/\/www.youtube.com\/embed\/8qFVhTMzyAI?si=6baZbvBkqBKv_DC-\" width=\"560\" height=\"315\" frameborder=\"0\" allowfullscreen=\"allowfullscreen\"><\/iframe><\/p>\n<p style=\"text-align: center;\"><a href=\"https:\/\/www.instagram.com\/meteo715__\">Instagram<\/a>\u00a0\u2013\u00a0<a href=\"https:\/\/www.youtube.com\/c\/Meteo715\">Youtube<\/a>\u00a0\u2013\u00a0<a href=\"http:\/\/meteo715.cat\/\">meteo715.cat<\/a><\/p>\n<p style=\"text-align: center;\">#canaldereporters #videoreporters #cultura<\/p>\n","protected":false},"excerpt":{"rendered":"<p>\ud83c\udf26\ud83d\udcfa Nou episodi del Meteo715! \ud83d\ude80<br \/>\nBon dia! Avui \u00e9s dilluns i estem molt emocionats d&#8217;anunciar que ja est\u00e0 disponible el cap\u00edtol 7 de la temporada 7 del Meteo715! \ud83c\udf89 No us el podeu perdre!<br \/>\nEn aquest episodi, com sempre, el nostre meteor\u00f2leg de cap\u00e7alera ens far\u00e0&hellip;  <a href=\"https:\/\/agora.xtec.cat\/colsil\/portada\/temporada-7-capitol-7\/\" title=\"Read Temporada 7 &#8211; Cap\u00edtol 7\">Llegeix m\u00e9s\u00bb<\/a><\/p>\n","protected":false},"author":1,"featured_media":1032,"comment_status":"closed","ping_status":"closed","sticky":false,"template":"","format":"standard","meta":{"_bbp_topic_count":0,"_bbp_reply_count":0,"_bbp_total_topic_count":0,"_bbp_total_reply_count":0,"_bbp_voice_count":0,"_bbp_anonymous_reply_count":0,"_bbp_topic_count_hidden":0,"_bbp_reply_count_hidden":0,"_bbp_forum_subforum_count":0,"footnotes":""},"categories":[29,197],"tags":[150,152,153],"class_list":["post-1031","post","type-post","status-publish","format-standard","has-post-thumbnail","hentry","category-portada","category-temporada7","tag-canaldereporters","tag-cultura","tag-videoreporters"],"post_mailing_queue_ids":[],"_links":{"self":[{"href":"https:\/\/agora.xtec.cat\/colsil\/wp-json\/wp\/v2\/posts\/1031","targetHints":{"allow":["GET"]}}],"collection":[{"href":"https:\/\/agora.xtec.cat\/colsil\/wp-json\/wp\/v2\/posts"}],"about":[{"href":"https:\/\/agora.xtec.cat\/colsil\/wp-json\/wp\/v2\/types\/post"}],"author":[{"embeddable":true,"href":"https:\/\/agora.xtec.cat\/colsil\/wp-json\/wp\/v2\/users\/1"}],"replies":[{"embeddable":true,"href":"https:\/\/agora.xtec.cat\/colsil\/wp-json\/wp\/v2\/comments?post=1031"}],"version-history":[{"count":1,"href":"https:\/\/agora.xtec.cat\/colsil\/wp-json\/wp\/v2\/posts\/1031\/revisions"}],"predecessor-version":[{"id":1033,"href":"https:\/\/agora.xtec.cat\/colsil\/wp-json\/wp\/v2\/posts\/1031\/revisions\/1033"}],"wp:featuredmedia":[{"embeddable":true,"href":"https:\/\/agora.xtec.cat\/colsil\/wp-json\/wp\/v2\/media\/1032"}],"wp:attachment":[{"href":"https:\/\/agora.xtec.cat\/colsil\/wp-json\/wp\/v2\/media?parent=1031"}],"wp:term":[{"taxonomy":"category","embeddable":true,"href":"https:\/\/agora.xtec.cat\/colsil\/wp-json\/wp\/v2\/categories?post=1031"},{"taxonomy":"post_tag","embeddable":true,"href":"https:\/\/agora.xtec.cat\/colsil\/wp-json\/wp\/v2\/tags?post=1031"}],"curies":[{"name":"wp","href":"https:\/\/api.w.org\/{rel}","templated":true}]}}