{"id":1025,"date":"2025-02-10T06:00:21","date_gmt":"2025-02-10T05:00:21","guid":{"rendered":"https:\/\/agora.xtec.cat\/colsil\/?p=1025"},"modified":"2025-02-09T15:14:20","modified_gmt":"2025-02-09T14:14:20","slug":"temporada-7-capitol-6","status":"publish","type":"post","link":"https:\/\/agora.xtec.cat\/colsil\/portada\/temporada-7-capitol-6\/","title":{"rendered":"Temporada 7 \u2013 Cap\u00edtol 6"},"content":{"rendered":"<p>Hola a tothom! \ud83c\udf1f Avui teniu un nou cap\u00edtol del Meteo715 i hem canviat el format del v\u00eddeo a vertical 9:16 perqu\u00e8 sigui m\u00e9s f\u00e0cil de veure als tel\u00e8fons! \ud83d\udcf1<\/p>\n<p><strong>El Temps:<\/strong><br \/>\nAquesta setmana, el temps ens reserva una previsi\u00f3 interessant amb temperatures moderades i alguna mica de pluja. Assegureu-vos de portar el paraigua quan sortiu!<\/p>\n<p><strong>L&#8217;Agenda:<\/strong><br \/>\nNo us oblideu que el Dia Mundial del Pangol\u00ed \u00e9s el 15 de febrer! Aquesta incre\u00efble criatura \u00e9s coneguda per la seva pell plena de plaques i \u00e9s el m\u00e9s antic dels mam\u00edfers. \ud83e\udd94<\/p>\n<p><strong>Els Fets i Costums:<\/strong><br \/>\nAvui parlem de la Maslenitsa, una festa tradicional russa que marca la transici\u00f3 de l&#8217;hivern a la primavera. Durant aquesta setmana, la gent celebra amb blinis (crepes), festes i fogueres els primers dies de la primavera.<\/p>\n<p><strong>El Suplement:<\/strong><br \/>\nI finalment, una curiositat: per qu\u00e8 el febrer t\u00e9 menys dies?<\/p>\n<p>Esperem que gaudiu del nou format i que aquest cap\u00edtol us faci riure i aprendre alhora! \ud83d\udcda\ud83d\ude04<\/p>\n<p style=\"text-align: center;\">\ud83d\udce2 No oblideu compartir aquest v\u00eddeo amb els vostres amics, fam\u00edlia i companys de classe! Junts podem aprendre i gaudir de totes aquestes curiositats! \ud83c\udf0d\ud83d\udcac<\/p>\n<p style=\"text-align: center;\"><iframe loading=\"lazy\" title=\"YouTube video player\" src=\"\/\/www.youtube.com\/embed\/FC32f-7lmwM?si=aKhULhFttaUXeptF\" width=\"560\" height=\"315\" frameborder=\"0\" allowfullscreen=\"allowfullscreen\"><\/iframe><\/p>\n<p style=\"text-align: center;\"><a href=\"https:\/\/www.instagram.com\/meteo715__\">Instagram<\/a>\u00a0\u2013\u00a0<a href=\"https:\/\/www.youtube.com\/c\/Meteo715\">Youtube<\/a>\u00a0\u2013\u00a0<a href=\"http:\/\/meteo715.cat\/\">meteo715.cat<\/a><\/p>\n<p style=\"text-align: center;\">#canaldereporters #videoreporters #cultura<\/p>\n<p>&nbsp;<\/p>\n","protected":false},"excerpt":{"rendered":"<p>Hola a tothom! \ud83c\udf1f Avui teniu un nou cap\u00edtol del Meteo715 i hem canviat el format del v\u00eddeo a vertical 9:16 perqu\u00e8 sigui m\u00e9s f\u00e0cil de veure als tel\u00e8fons! \ud83d\udcf1<br \/>\nEl Temps:<br \/>\nAquesta setmana, el temps ens reserva una previsi\u00f3 interessant amb temperatures moderades i alguna mica&hellip;  <a href=\"https:\/\/agora.xtec.cat\/colsil\/portada\/temporada-7-capitol-6\/\" title=\"Read Temporada 7 \u2013 Cap\u00edtol 6\">Llegeix m\u00e9s\u00bb<\/a><\/p>\n","protected":false},"author":1,"featured_media":1026,"comment_status":"closed","ping_status":"closed","sticky":false,"template":"","format":"standard","meta":{"_bbp_topic_count":0,"_bbp_reply_count":0,"_bbp_total_topic_count":0,"_bbp_total_reply_count":0,"_bbp_voice_count":0,"_bbp_anonymous_reply_count":0,"_bbp_topic_count_hidden":0,"_bbp_reply_count_hidden":0,"_bbp_forum_subforum_count":0,"footnotes":""},"categories":[29,197],"tags":[150,152,153],"class_list":["post-1025","post","type-post","status-publish","format-standard","has-post-thumbnail","hentry","category-portada","category-temporada7","tag-canaldereporters","tag-cultura","tag-videoreporters"],"post_mailing_queue_ids":[],"_links":{"self":[{"href":"https:\/\/agora.xtec.cat\/colsil\/wp-json\/wp\/v2\/posts\/1025","targetHints":{"allow":["GET"]}}],"collection":[{"href":"https:\/\/agora.xtec.cat\/colsil\/wp-json\/wp\/v2\/posts"}],"about":[{"href":"https:\/\/agora.xtec.cat\/colsil\/wp-json\/wp\/v2\/types\/post"}],"author":[{"embeddable":true,"href":"https:\/\/agora.xtec.cat\/colsil\/wp-json\/wp\/v2\/users\/1"}],"replies":[{"embeddable":true,"href":"https:\/\/agora.xtec.cat\/colsil\/wp-json\/wp\/v2\/comments?post=1025"}],"version-history":[{"count":1,"href":"https:\/\/agora.xtec.cat\/colsil\/wp-json\/wp\/v2\/posts\/1025\/revisions"}],"predecessor-version":[{"id":1027,"href":"https:\/\/agora.xtec.cat\/colsil\/wp-json\/wp\/v2\/posts\/1025\/revisions\/1027"}],"wp:featuredmedia":[{"embeddable":true,"href":"https:\/\/agora.xtec.cat\/colsil\/wp-json\/wp\/v2\/media\/1026"}],"wp:attachment":[{"href":"https:\/\/agora.xtec.cat\/colsil\/wp-json\/wp\/v2\/media?parent=1025"}],"wp:term":[{"taxonomy":"category","embeddable":true,"href":"https:\/\/agora.xtec.cat\/colsil\/wp-json\/wp\/v2\/categories?post=1025"},{"taxonomy":"post_tag","embeddable":true,"href":"https:\/\/agora.xtec.cat\/colsil\/wp-json\/wp\/v2\/tags?post=1025"}],"curies":[{"name":"wp","href":"https:\/\/api.w.org\/{rel}","templated":true}]}}