{"id":1009,"date":"2025-01-27T06:00:13","date_gmt":"2025-01-27T05:00:13","guid":{"rendered":"https:\/\/agora.xtec.cat\/colsil\/?p=1009"},"modified":"2025-01-26T14:58:18","modified_gmt":"2025-01-26T13:58:18","slug":"temporada-7-capitol-5","status":"publish","type":"post","link":"https:\/\/agora.xtec.cat\/colsil\/portada\/temporada-7-capitol-5\/","title":{"rendered":"Temporada 7 \u2013 Cap\u00edtol 5"},"content":{"rendered":"<p>\ud83c\udf1f Benvinguts al cap\u00edtol 5 de la temporada 7 del Meteo715! \ud83c\udf1f<\/p>\n<p>Avui tenim un programa que ho t\u00e9 tot! Comencem amb la previsi\u00f3 del temps de la setmana i, a l&#8217;espai Agenda, celebrem el Dia Mundial del Trencaclosques el 29 de gener. \ud83e\udde9\ud83c\udf89 Qu\u00e8 millor que desafiar la nostra ment mentre ens divertim? I qui sap, potser mentre feu encaixar les peces, us vindran ganes de provar una nova recepta!<\/p>\n<p>Aqu\u00ed \u00e9s on entra l&#8217;espai Fets i Costums, amb una deliciosa recepta xinesa: l&#8217;\u00c0nec Pequin\u00e8s. \ud83c\udf57\ud83e\udd62 Un plat que us far\u00e0 viatjar ben lluny mentre esperem que el sol torni a brillar. Un cop menjat, per qu\u00e8 no pair-lo amb una bona pel\u00b7l\u00edcula?<\/p>\n<p>Al Suplement, us portem les pel\u00b7l\u00edcules m\u00e9s taquilleres de la hist\u00f2ria. \ud83c\udfac\ud83c\udf7f Ja sigui mentre espereu que els puzles us desafi\u00efn o mentre deixeu reposar l&#8217;\u00c0nec Pequin\u00e8s a l&#8217;est\u00f3mac, penseu en quina \u00e9s la pel\u00b7l\u00edcula m\u00e9s taquillera. Sabeu quina \u00e9s?<\/p>\n<p>No us perdeu cap detall d&#8217;aquest emocionant cap\u00edtol i compartiu-lo amb amics i familiars perqu\u00e8 tothom en gaudeixi!<\/p>\n<p style=\"text-align: center;\"><iframe loading=\"lazy\" title=\"YouTube video player\" src=\"\/\/www.youtube.com\/embed\/_M6gGMmZ2AE?si=CvqTrsp2hR71Q2Rf\" width=\"560\" height=\"315\" frameborder=\"0\" allowfullscreen=\"allowfullscreen\"><\/iframe><\/p>\n<p style=\"text-align: center;\"><a href=\"https:\/\/www.instagram.com\/meteo715__\">Instagram<\/a>\u00a0\u2013\u00a0<a href=\"https:\/\/www.youtube.com\/c\/Meteo715\">Youtube<\/a>\u00a0\u2013\u00a0<a href=\"http:\/\/meteo715.cat\/\">meteo715.cat<\/a><\/p>\n<p style=\"text-align: center;\">#canaldereporters #videoreporters #cultura<\/p>\n","protected":false},"excerpt":{"rendered":"<p>\ud83c\udf1f Benvinguts al cap\u00edtol 5 de la temporada 7 del Meteo715! \ud83c\udf1f<br \/>\nAvui tenim un programa que ho t\u00e9 tot! Comencem amb la previsi\u00f3 del temps de la setmana i, a l&#8217;espai Agenda, celebrem el Dia Mundial del Trencaclosques el 29 de gener. \ud83e\udde9\ud83c\udf89 Qu\u00e8 millor&hellip;  <a href=\"https:\/\/agora.xtec.cat\/colsil\/portada\/temporada-7-capitol-5\/\" title=\"Read Temporada 7 \u2013 Cap\u00edtol 5\">Llegeix m\u00e9s\u00bb<\/a><\/p>\n","protected":false},"author":1,"featured_media":1011,"comment_status":"closed","ping_status":"closed","sticky":false,"template":"","format":"standard","meta":{"_bbp_topic_count":0,"_bbp_reply_count":0,"_bbp_total_topic_count":0,"_bbp_total_reply_count":0,"_bbp_voice_count":0,"_bbp_anonymous_reply_count":0,"_bbp_topic_count_hidden":0,"_bbp_reply_count_hidden":0,"_bbp_forum_subforum_count":0,"footnotes":""},"categories":[29,197],"tags":[150,152,153],"class_list":["post-1009","post","type-post","status-publish","format-standard","has-post-thumbnail","hentry","category-portada","category-temporada7","tag-canaldereporters","tag-cultura","tag-videoreporters"],"post_mailing_queue_ids":[],"_links":{"self":[{"href":"https:\/\/agora.xtec.cat\/colsil\/wp-json\/wp\/v2\/posts\/1009","targetHints":{"allow":["GET"]}}],"collection":[{"href":"https:\/\/agora.xtec.cat\/colsil\/wp-json\/wp\/v2\/posts"}],"about":[{"href":"https:\/\/agora.xtec.cat\/colsil\/wp-json\/wp\/v2\/types\/post"}],"author":[{"embeddable":true,"href":"https:\/\/agora.xtec.cat\/colsil\/wp-json\/wp\/v2\/users\/1"}],"replies":[{"embeddable":true,"href":"https:\/\/agora.xtec.cat\/colsil\/wp-json\/wp\/v2\/comments?post=1009"}],"version-history":[{"count":1,"href":"https:\/\/agora.xtec.cat\/colsil\/wp-json\/wp\/v2\/posts\/1009\/revisions"}],"predecessor-version":[{"id":1010,"href":"https:\/\/agora.xtec.cat\/colsil\/wp-json\/wp\/v2\/posts\/1009\/revisions\/1010"}],"wp:featuredmedia":[{"embeddable":true,"href":"https:\/\/agora.xtec.cat\/colsil\/wp-json\/wp\/v2\/media\/1011"}],"wp:attachment":[{"href":"https:\/\/agora.xtec.cat\/colsil\/wp-json\/wp\/v2\/media?parent=1009"}],"wp:term":[{"taxonomy":"category","embeddable":true,"href":"https:\/\/agora.xtec.cat\/colsil\/wp-json\/wp\/v2\/categories?post=1009"},{"taxonomy":"post_tag","embeddable":true,"href":"https:\/\/agora.xtec.cat\/colsil\/wp-json\/wp\/v2\/tags?post=1009"}],"curies":[{"name":"wp","href":"https:\/\/api.w.org\/{rel}","templated":true}]}}