{"id":1002,"date":"2024-12-09T07:00:23","date_gmt":"2024-12-09T06:00:23","guid":{"rendered":"https:\/\/agora.xtec.cat\/colsil\/?p=1002"},"modified":"2024-12-08T19:34:53","modified_gmt":"2024-12-08T18:34:53","slug":"temporada-7-capitol-3","status":"publish","type":"post","link":"https:\/\/agora.xtec.cat\/colsil\/general\/temporada-7-capitol-3\/","title":{"rendered":"Temporada 7 \u2013 Cap\u00edtol 3"},"content":{"rendered":"<p>\ud83c\udf1f\ud83d\udcfa<strong> Arriba el tercer cap\u00edtol de la setena temporada<\/strong> del nostre programa quinzenal fet pels alumnes nouvinguts! \ud83c\udf89\ud83d\udcab No us perdeu aquesta entrega que est\u00e0 plena de sorpreses i continguts fascinants!<br \/>\n\ud83c\udf99\ufe0f En aquest cap\u00edtol descobrirem:<\/p>\n<ul>\n<li>\ud83d\udcc5 <strong>El temps de la setmana:<\/strong> Abrigueu-vos o agafeu el paraigua, que us tenim informats!<\/li>\n<li>\ud83c\udf0d <strong>Creaci\u00f3 de la UNICEF<\/strong> (11 de desembre de 1946): Descobrim com aquesta organitzaci\u00f3 est\u00e0 lluitant per canviar el m\u00f3n des de fa 78 anys.<\/li>\n<li>\ud83c\udde8\ud83c\uddf1 <strong>La nit del 24 de desembre a Xile:<\/strong> Explorem com celebren la nit de Nadal a l\u2019altre costat del m\u00f3n.<\/li>\n<li>\ud83c\udf6a <strong>Les neules:<\/strong> I per descomptat, no podien faltar les nostres del\u00edcies tradicionals!<\/li>\n<\/ul>\n<p>Aquest dilluns no us perdeu aquesta barreja de previsions meteorol\u00f2giques, hist\u00f2ria, tradicions nadalenques a Xile i dol\u00e7os deliciosos! Una combinaci\u00f3 que us far\u00e0 somriure, pensar i, qui sap, potser aprendre alguna cosa nova. \ud83d\udcda\u2728<br \/>\n\ud83d\udcf2 Mira el v\u00eddeo i comparteix-lo amb els teus amics!<\/p>\n<p style=\"text-align: center;\"><iframe loading=\"lazy\" title=\"YouTube video player\" src=\"\/\/www.youtube.com\/embed\/dhx5eKFSKeg?si=waOszGfOb0pJqXLb\" width=\"560\" height=\"315\" frameborder=\"0\" allowfullscreen=\"allowfullscreen\"><\/iframe><\/p>\n<p style=\"text-align: center;\"><a href=\"https:\/\/www.instagram.com\/meteo715__\">Instagram<\/a>\u00a0\u2013\u00a0<a href=\"https:\/\/www.youtube.com\/c\/Meteo715\">Youtube<\/a>\u00a0\u2013\u00a0<a href=\"http:\/\/meteo715.cat\/\">meteo715.cat<\/a><\/p>\n<p style=\"text-align: center;\">#canaldereporters #videoreporters #cultura<\/p>\n","protected":false},"excerpt":{"rendered":"<p>\ud83c\udf1f\ud83d\udcfa Arriba el tercer cap\u00edtol de la setena temporada del nostre programa quinzenal fet pels alumnes nouvinguts! \ud83c\udf89\ud83d\udcab No us perdeu aquesta entrega que est\u00e0 plena de sorpreses i continguts fascinants!<br \/>\n\ud83c\udf99\ufe0f En aquest cap\u00edtol descobrirem:<\/p>\n<ul>\n<li>\ud83d\udcc5 El temps de la setmana: Abrigueu-vos o agafeu el paraigua,&hellip;  <a href=\"https:\/\/agora.xtec.cat\/colsil\/general\/temporada-7-capitol-3\/\" title=\"Read Temporada 7 \u2013 Cap\u00edtol 3\">Llegeix m\u00e9s\u00bb<\/a><br \/>\n","protected":false},"author":1,"featured_media":1003,"comment_status":"closed","ping_status":"closed","sticky":false,"template":"","format":"standard","meta":{"_bbp_topic_count":0,"_bbp_reply_count":0,"_bbp_total_topic_count":0,"_bbp_total_reply_count":0,"_bbp_voice_count":0,"_bbp_anonymous_reply_count":0,"_bbp_topic_count_hidden":0,"_bbp_reply_count_hidden":0,"_bbp_forum_subforum_count":0,"footnotes":""},"categories":[1,29,197],"tags":[150,152,153],"class_list":["post-1002","post","type-post","status-publish","format-standard","has-post-thumbnail","hentry","category-general","category-portada","category-temporada7","tag-canaldereporters","tag-cultura","tag-videoreporters"],"post_mailing_queue_ids":[],"_links":{"self":[{"href":"https:\/\/agora.xtec.cat\/colsil\/wp-json\/wp\/v2\/posts\/1002","targetHints":{"allow":["GET"]}}],"collection":[{"href":"https:\/\/agora.xtec.cat\/colsil\/wp-json\/wp\/v2\/posts"}],"about":[{"href":"https:\/\/agora.xtec.cat\/colsil\/wp-json\/wp\/v2\/types\/post"}],"author":[{"embeddable":true,"href":"https:\/\/agora.xtec.cat\/colsil\/wp-json\/wp\/v2\/users\/1"}],"replies":[{"embeddable":true,"href":"https:\/\/agora.xtec.cat\/colsil\/wp-json\/wp\/v2\/comments?post=1002"}],"version-history":[{"count":1,"href":"https:\/\/agora.xtec.cat\/colsil\/wp-json\/wp\/v2\/posts\/1002\/revisions"}],"predecessor-version":[{"id":1004,"href":"https:\/\/agora.xtec.cat\/colsil\/wp-json\/wp\/v2\/posts\/1002\/revisions\/1004"}],"wp:featuredmedia":[{"embeddable":true,"href":"https:\/\/agora.xtec.cat\/colsil\/wp-json\/wp\/v2\/media\/1003"}],"wp:attachment":[{"href":"https:\/\/agora.xtec.cat\/colsil\/wp-json\/wp\/v2\/media?parent=1002"}],"wp:term":[{"taxonomy":"category","embeddable":true,"href":"https:\/\/agora.xtec.cat\/colsil\/wp-json\/wp\/v2\/categories?post=1002"},{"taxonomy":"post_tag","embeddable":true,"href":"https:\/\/agora.xtec.cat\/colsil\/wp-json\/wp\/v2\/tags?post=1002"}],"curies":[{"name":"wp","href":"https:\/\/api.w.org\/{rel}","templated":true}]}}