{"id":961,"date":"2016-11-04T08:10:18","date_gmt":"2016-11-04T07:10:18","guid":{"rendered":"http:\/\/agora.xtec.cat\/colsagradafamilia-larapita\/?p=961"},"modified":"2016-11-29T23:15:41","modified_gmt":"2016-11-29T22:15:41","slug":"les-classes-extraescolars-dangles","status":"publish","type":"post","link":"https:\/\/agora.xtec.cat\/colsagradafamilia-larapita\/general\/les-classes-extraescolars-dangles\/","title":{"rendered":"Les extraescolars d&#8217;angl\u00e8s"},"content":{"rendered":"<p style=\"text-align: justify;\">Un cop iniciat el curs, volem donar les gr\u00e0cies a les fam\u00edlies que durant molt de temps estan dipositant la confian\u00e7a en les classes extraescolars de llengua anglesa.<\/p>\n<p style=\"text-align: justify;\">El nostre col\u00b7legi imparteix, des de fa molts anys, la llengua anglesa \u00a0des de les edats m\u00e9s petites, iniciant primer un treball de llengua oral per despr\u00e9s aprofundir en la llengua escrita, comprensi\u00f3 i\u00a0 lectura. Per tots \u00e9s sabut que els nens en aquestes edats es troben en l\u2019edat d\u2019or per aprendre una nova llengua, i \u00e9s per aix\u00f2 que nosaltres, com a escola multiling\u00fce, reforcem aquesta llengua per tal que els nostres alumnes puguin complir el m\u00e0xim objectiu: ser capa\u00e7os de comunicar-se en llengua anglesa en acabar l\u2019ESO. D\u2019aquesta manera els estem obrint les portes a un batxillerat i a unes carreres universit\u00e0ries on tenir el B1 i B2 ser\u00e0 la\u00a0 condici\u00f3 indispensable per accedir al m\u00f3n laboral.<\/p>\n<p style=\"text-align: justify;\">Aquest any, amb la gran demanda d\u2019alumnes que hem tingut, ens hem vist obligats a desdoblar algunes de les classes per nivells d\u2019acord al pla establert per Cambridge University. Aix\u00ed doncs, ens hem trobat amb un grup d\u2019alumnes\u00a0 de P3, P4 i P5, un grup del nivell d\u2019<em>starters<\/em> de 1r i 2n , un altre grup de <em>movers<\/em> per a 3r i 4t de prim\u00e0ria, un de <em>flyers<\/em> per a 5\u00e8 i 6\u00e8 de prim\u00e0ria i el grup dels alumnes d\u2019ESO que es preparen per al KET i el PET.<\/p>\n<p style=\"text-align: justify;\">Des d\u2019aquestes l\u00ednies, us seguim encoratjant a seguir confiant amb el nostre pla de lleng\u00fces d\u2019escola multiling\u00fce i a no deixar d\u2019assistir any rere any a les classes extraescolars, ja que el refor\u00e7 sempre esdev\u00e9 un avan\u00e7.<\/p>\n<p style=\"text-align: justify;\">Gr\u00e0cies.<\/p>\n<p style=\"text-align: center;\"><a href=\"http:\/\/agora.xtec.cat\/colsagradafamilia-larapita\/wp-content\/uploads\/usu1161\/2016\/11\/Angl\u00e8s-Extraescolar1.jpg\"><img loading=\"lazy\" decoding=\"async\" class=\"aligncenter size-full wp-image-962\" src=\"http:\/\/agora.xtec.cat\/colsagradafamilia-larapita\/wp-content\/uploads\/usu1161\/2016\/11\/Angl\u00e8s-Extraescolar.jpg\" alt=\"angles-extraescolar\" width=\"550\" height=\"413\" srcset=\"https:\/\/agora.xtec.cat\/colsagradafamilia-larapita\/wp-content\/uploads\/usu1161\/2016\/11\/Angl\u00e8s-Extraescolar.jpg 550w, https:\/\/agora.xtec.cat\/colsagradafamilia-larapita\/wp-content\/uploads\/usu1161\/2016\/11\/Angl\u00e8s-Extraescolar-300x225.jpg 300w, https:\/\/agora.xtec.cat\/colsagradafamilia-larapita\/wp-content\/uploads\/usu1161\/2016\/11\/Angl\u00e8s-Extraescolar-200x150.jpg 200w\" sizes=\"auto, (max-width: 550px) 100vw, 550px\" \/><\/a><\/p>\n<p style=\"text-align: center;\"><a href=\"http:\/\/agora.xtec.cat\/colsagradafamilia-larapita\/wp-content\/uploads\/usu1161\/2016\/11\/Angl\u00e8s-Extraescolar2.jpg\"><img loading=\"lazy\" decoding=\"async\" class=\"aligncenter size-full wp-image-963\" src=\"http:\/\/agora.xtec.cat\/colsagradafamilia-larapita\/wp-content\/uploads\/usu1161\/2016\/11\/Angl\u00e8s-Extraescolar1.jpg\" alt=\"angles-extraescolar1\" width=\"550\" height=\"413\" srcset=\"https:\/\/agora.xtec.cat\/colsagradafamilia-larapita\/wp-content\/uploads\/usu1161\/2016\/11\/Angl\u00e8s-Extraescolar1.jpg 550w, https:\/\/agora.xtec.cat\/colsagradafamilia-larapita\/wp-content\/uploads\/usu1161\/2016\/11\/Angl\u00e8s-Extraescolar1-300x225.jpg 300w, https:\/\/agora.xtec.cat\/colsagradafamilia-larapita\/wp-content\/uploads\/usu1161\/2016\/11\/Angl\u00e8s-Extraescolar1-200x150.jpg 200w\" sizes=\"auto, (max-width: 550px) 100vw, 550px\" \/><\/a><\/p>\n<p style=\"text-align: center;\"><a href=\"http:\/\/agora.xtec.cat\/colsagradafamilia-larapita\/wp-content\/uploads\/usu1161\/2016\/11\/Angl\u00e8s-Extraescolar3.jpg\"><img loading=\"lazy\" decoding=\"async\" class=\"aligncenter size-full wp-image-964\" src=\"http:\/\/agora.xtec.cat\/colsagradafamilia-larapita\/wp-content\/uploads\/usu1161\/2016\/11\/Angl\u00e8s-Extraescolar2.jpg\" alt=\"angles-extraescolar2\" width=\"550\" height=\"733\" srcset=\"https:\/\/agora.xtec.cat\/colsagradafamilia-larapita\/wp-content\/uploads\/usu1161\/2016\/11\/Angl\u00e8s-Extraescolar2.jpg 550w, https:\/\/agora.xtec.cat\/colsagradafamilia-larapita\/wp-content\/uploads\/usu1161\/2016\/11\/Angl\u00e8s-Extraescolar2-225x300.jpg 225w\" sizes=\"auto, (max-width: 550px) 100vw, 550px\" \/><\/a><\/p>\n<p style=\"text-align: center;\"><a href=\"http:\/\/agora.xtec.cat\/colsagradafamilia-larapita\/wp-content\/uploads\/usu1161\/2016\/11\/Angl\u00e8s-Extraescolar3.jpg\"><img loading=\"lazy\" decoding=\"async\" class=\"aligncenter size-full wp-image-965\" src=\"http:\/\/agora.xtec.cat\/colsagradafamilia-larapita\/wp-content\/uploads\/usu1161\/2016\/11\/Angl\u00e8s-Extraescolar3.jpg\" alt=\"angles-extraescolar3\" width=\"550\" height=\"413\" srcset=\"https:\/\/agora.xtec.cat\/colsagradafamilia-larapita\/wp-content\/uploads\/usu1161\/2016\/11\/Angl\u00e8s-Extraescolar3.jpg 550w, https:\/\/agora.xtec.cat\/colsagradafamilia-larapita\/wp-content\/uploads\/usu1161\/2016\/11\/Angl\u00e8s-Extraescolar3-300x225.jpg 300w, https:\/\/agora.xtec.cat\/colsagradafamilia-larapita\/wp-content\/uploads\/usu1161\/2016\/11\/Angl\u00e8s-Extraescolar3-200x150.jpg 200w\" sizes=\"auto, (max-width: 550px) 100vw, 550px\" \/><\/a><\/p>\n<p style=\"text-align: center;\"><a href=\"http:\/\/agora.xtec.cat\/colsagradafamilia-larapita\/wp-content\/uploads\/usu1161\/2016\/11\/Angl\u00e8s-Extraescolar4.jpg\"><img loading=\"lazy\" decoding=\"async\" class=\"aligncenter size-full wp-image-966\" src=\"http:\/\/agora.xtec.cat\/colsagradafamilia-larapita\/wp-content\/uploads\/usu1161\/2016\/11\/Angl\u00e8s-Extraescolar4.jpg\" alt=\"angles-extraescolar4\" width=\"550\" height=\"413\" srcset=\"https:\/\/agora.xtec.cat\/colsagradafamilia-larapita\/wp-content\/uploads\/usu1161\/2016\/11\/Angl\u00e8s-Extraescolar4.jpg 550w, https:\/\/agora.xtec.cat\/colsagradafamilia-larapita\/wp-content\/uploads\/usu1161\/2016\/11\/Angl\u00e8s-Extraescolar4-300x225.jpg 300w, https:\/\/agora.xtec.cat\/colsagradafamilia-larapita\/wp-content\/uploads\/usu1161\/2016\/11\/Angl\u00e8s-Extraescolar4-200x150.jpg 200w\" sizes=\"auto, (max-width: 550px) 100vw, 550px\" \/><\/a><\/p>\n<p style=\"text-align: center;\">\n","protected":false},"excerpt":{"rendered":"<p>Un cop iniciat el curs, volem donar les gr\u00e0cies a les fam\u00edlies que durant molt de temps estan dipositant la confian\u00e7a en les classes extraescolars de llengua anglesa.<br \/>\nEl nostre col\u00b7legi imparteix, des de fa molts anys, la llengua anglesa \u00a0des de les edats m\u00e9s petites,&hellip;  <a href=\"https:\/\/agora.xtec.cat\/colsagradafamilia-larapita\/general\/les-classes-extraescolars-dangles\/\" title=\"Read Les extraescolars d&#8217;angl\u00e8s\">Llegeix m\u00e9s\u00bb<\/a><\/p>\n","protected":false},"author":1,"featured_media":962,"comment_status":"open","ping_status":"open","sticky":false,"template":"","format":"standard","meta":{"_bbp_topic_count":0,"_bbp_reply_count":0,"_bbp_total_topic_count":0,"_bbp_total_reply_count":0,"_bbp_voice_count":0,"_bbp_anonymous_reply_count":0,"_bbp_topic_count_hidden":0,"_bbp_reply_count_hidden":0,"_bbp_forum_subforum_count":0,"footnotes":""},"categories":[96,103,1,29],"tags":[],"class_list":["post-961","post","type-post","status-publish","format-standard","has-post-thumbnail","hentry","category-educacioprimaria","category-educaciosecundaria","category-general","category-portada"],"post_mailing_queue_ids":[],"_links":{"self":[{"href":"https:\/\/agora.xtec.cat\/colsagradafamilia-larapita\/wp-json\/wp\/v2\/posts\/961","targetHints":{"allow":["GET"]}}],"collection":[{"href":"https:\/\/agora.xtec.cat\/colsagradafamilia-larapita\/wp-json\/wp\/v2\/posts"}],"about":[{"href":"https:\/\/agora.xtec.cat\/colsagradafamilia-larapita\/wp-json\/wp\/v2\/types\/post"}],"author":[{"embeddable":true,"href":"https:\/\/agora.xtec.cat\/colsagradafamilia-larapita\/wp-json\/wp\/v2\/users\/1"}],"replies":[{"embeddable":true,"href":"https:\/\/agora.xtec.cat\/colsagradafamilia-larapita\/wp-json\/wp\/v2\/comments?post=961"}],"version-history":[{"count":2,"href":"https:\/\/agora.xtec.cat\/colsagradafamilia-larapita\/wp-json\/wp\/v2\/posts\/961\/revisions"}],"predecessor-version":[{"id":968,"href":"https:\/\/agora.xtec.cat\/colsagradafamilia-larapita\/wp-json\/wp\/v2\/posts\/961\/revisions\/968"}],"wp:featuredmedia":[{"embeddable":true,"href":"https:\/\/agora.xtec.cat\/colsagradafamilia-larapita\/wp-json\/wp\/v2\/media\/962"}],"wp:attachment":[{"href":"https:\/\/agora.xtec.cat\/colsagradafamilia-larapita\/wp-json\/wp\/v2\/media?parent=961"}],"wp:term":[{"taxonomy":"category","embeddable":true,"href":"https:\/\/agora.xtec.cat\/colsagradafamilia-larapita\/wp-json\/wp\/v2\/categories?post=961"},{"taxonomy":"post_tag","embeddable":true,"href":"https:\/\/agora.xtec.cat\/colsagradafamilia-larapita\/wp-json\/wp\/v2\/tags?post=961"}],"curies":[{"name":"wp","href":"https:\/\/api.w.org\/{rel}","templated":true}]}}