{"id":7263,"date":"2026-09-02T13:52:00","date_gmt":"2026-09-02T11:52:00","guid":{"rendered":"https:\/\/agora.xtec.cat\/colsagradafamilia-larapita\/?p=7263"},"modified":"2026-09-02T13:52:53","modified_gmt":"2026-09-02T11:52:53","slug":"la-tasca-deducas-a-gikore","status":"publish","type":"post","link":"https:\/\/agora.xtec.cat\/colsagradafamilia-larapita\/general\/la-tasca-deducas-a-gikore\/","title":{"rendered":"La tasca d&#8217;Educas a Gikore"},"content":{"rendered":"<p style=\"text-align: center;\"><iframe loading=\"lazy\" src=\"https:\/\/drive.google.com\/file\/d\/1S1kmAyGZIPBi38vloz3RYB_cuiLbltT1\/preview\" width=\"640\" height=\"480\"><\/iframe><\/p>\n<p style=\"text-align: justify;\" data-path-to-node=\"1\">Volem compartir amb tots vosaltres un v\u00eddeo sobre la tasca de la nostra ONGD, vinculada a les Germanes Carmelites Missioneres Teresianes.<\/p>\n<p style=\"text-align: justify;\" data-path-to-node=\"2\">Aprofitem l&#8217;ocasi\u00f3 per agrair sincerament a la germana Jeanne D&#8217;Arc, responsable del projecte d&#8217;Educas a Gikore, tota la informaci\u00f3 i el material facilitats, que ens permeten apropar-nos millor a aquesta realitat i con\u00e8ixer de primera m\u00e0 l&#8217;impacte de la feina que s&#8217;hi desenvolupa. Aix\u00ed mateix, agra\u00efm al professor Manuel Jover el temps, la dedicaci\u00f3 i l&#8217;excel\u00b7lent treball realitzat en l&#8217;elaboraci\u00f3 d&#8217;aquest v\u00eddeo.<\/p>\n<p style=\"text-align: justify;\" data-path-to-node=\"3\">Al document audiovisual hi trobareu informaci\u00f3 sobre el projecte de Gikore, aix\u00ed com el testimoni de la Raquel, directora del col\u00b7legi de Paterna, que comparteix la seva experi\u00e8ncia de col\u00b7laboraci\u00f3 i servei.<\/p>\n","protected":false},"excerpt":{"rendered":"<p>Volem compartir amb tots vosaltres un v\u00eddeo sobre la tasca de la nostra ONGD, vinculada a les Germanes Carmelites Missioneres Teresianes.<br \/>\nAprofitem l&#8217;ocasi\u00f3 per agrair sincerament a la germana Jeanne D&#8217;Arc, responsable del projecte d&#8217;Educas a Gikore, tota la informaci\u00f3 i el material facilitats, que ens&hellip;  <a href=\"https:\/\/agora.xtec.cat\/colsagradafamilia-larapita\/general\/la-tasca-deducas-a-gikore\/\" title=\"Read La tasca d&#8217;Educas a Gikore\">Llegeix m\u00e9s\u00bb<\/a><\/p>\n","protected":false},"author":1,"featured_media":0,"comment_status":"open","ping_status":"open","sticky":false,"template":"","format":"standard","meta":{"_bbp_topic_count":0,"_bbp_reply_count":0,"_bbp_total_topic_count":0,"_bbp_total_reply_count":0,"_bbp_voice_count":0,"_bbp_anonymous_reply_count":0,"_bbp_topic_count_hidden":0,"_bbp_reply_count_hidden":0,"_bbp_forum_subforum_count":0,"footnotes":""},"categories":[1,29],"tags":[],"class_list":["post-7263","post","type-post","status-publish","format-standard","hentry","category-general","category-portada"],"post_mailing_queue_ids":[],"_links":{"self":[{"href":"https:\/\/agora.xtec.cat\/colsagradafamilia-larapita\/wp-json\/wp\/v2\/posts\/7263","targetHints":{"allow":["GET"]}}],"collection":[{"href":"https:\/\/agora.xtec.cat\/colsagradafamilia-larapita\/wp-json\/wp\/v2\/posts"}],"about":[{"href":"https:\/\/agora.xtec.cat\/colsagradafamilia-larapita\/wp-json\/wp\/v2\/types\/post"}],"author":[{"embeddable":true,"href":"https:\/\/agora.xtec.cat\/colsagradafamilia-larapita\/wp-json\/wp\/v2\/users\/1"}],"replies":[{"embeddable":true,"href":"https:\/\/agora.xtec.cat\/colsagradafamilia-larapita\/wp-json\/wp\/v2\/comments?post=7263"}],"version-history":[{"count":1,"href":"https:\/\/agora.xtec.cat\/colsagradafamilia-larapita\/wp-json\/wp\/v2\/posts\/7263\/revisions"}],"predecessor-version":[{"id":7264,"href":"https:\/\/agora.xtec.cat\/colsagradafamilia-larapita\/wp-json\/wp\/v2\/posts\/7263\/revisions\/7264"}],"wp:attachment":[{"href":"https:\/\/agora.xtec.cat\/colsagradafamilia-larapita\/wp-json\/wp\/v2\/media?parent=7263"}],"wp:term":[{"taxonomy":"category","embeddable":true,"href":"https:\/\/agora.xtec.cat\/colsagradafamilia-larapita\/wp-json\/wp\/v2\/categories?post=7263"},{"taxonomy":"post_tag","embeddable":true,"href":"https:\/\/agora.xtec.cat\/colsagradafamilia-larapita\/wp-json\/wp\/v2\/tags?post=7263"}],"curies":[{"name":"wp","href":"https:\/\/api.w.org\/{rel}","templated":true}]}}