{"id":7115,"date":"2026-05-01T09:28:43","date_gmt":"2026-05-01T07:28:43","guid":{"rendered":"https:\/\/agora.xtec.cat\/colsagradafamilia-larapita\/?p=7115"},"modified":"2026-05-01T09:29:34","modified_gmt":"2026-05-01T07:29:34","slug":"formacio-en-carisma-palautia-tres-dies-de-convivencia-i-creixement-a-madrid","status":"publish","type":"post","link":"https:\/\/agora.xtec.cat\/colsagradafamilia-larapita\/general\/formacio-en-carisma-palautia-tres-dies-de-convivencia-i-creixement-a-madrid\/","title":{"rendered":"Formaci\u00f3 en Carisma Palauti\u00e0: tres dies de conviv\u00e8ncia i creixement a Madrid"},"content":{"rendered":"<p style=\"text-align: center;\" data-start=\"960\" data-end=\"1136\" data-is-last-node=\"\" data-is-only-node=\"\"><a href=\"https:\/\/agora.xtec.cat\/colsagradafamilia-larapita\/wp-content\/uploads\/usu1161\/2026\/05\/IMG-20260430-WA0013.jpg\"><img loading=\"lazy\" decoding=\"async\" class=\"aligncenter size-full wp-image-7116\" src=\"https:\/\/agora.xtec.cat\/colsagradafamilia-larapita\/wp-content\/uploads\/usu1161\/2026\/05\/IMG-20260430-WA0013.jpg\" alt=\"\" width=\"550\" height=\"413\" srcset=\"https:\/\/agora.xtec.cat\/colsagradafamilia-larapita\/wp-content\/uploads\/usu1161\/2026\/05\/IMG-20260430-WA0013.jpg 550w, https:\/\/agora.xtec.cat\/colsagradafamilia-larapita\/wp-content\/uploads\/usu1161\/2026\/05\/IMG-20260430-WA0013-300x225.jpg 300w, https:\/\/agora.xtec.cat\/colsagradafamilia-larapita\/wp-content\/uploads\/usu1161\/2026\/05\/IMG-20260430-WA0013-200x150.jpg 200w\" sizes=\"auto, (max-width: 550px) 100vw, 550px\" \/><\/a><\/p>\n<p data-start=\"0\" data-end=\"289\">Aquesta setmana s\u2019ha celebrat a <span class=\"hover:entity-accent entity-underline inline cursor-pointer align-baseline\"><span class=\"whitespace-normal\">Madrid<\/span><\/span> una formaci\u00f3 de carisma palauti\u00e0 adre\u00e7ada als docents de nova incorporaci\u00f3. Aquesta trobada ha estat una oportunitat molt valuosa per aprofundir en la identitat, els valors i l\u2019estil educatiu propis del nostre projecte.<\/p>\n<p data-start=\"291\" data-end=\"733\">Durant tres dies intensos, mestres i professors procedents de diferents centres de la <span class=\"hover:entity-accent entity-underline inline cursor-pointer align-baseline\"><span class=\"whitespace-normal\">Fundaci\u00f3n Educativa CMT<\/span><\/span> han compartit experi\u00e8ncies, reflexions i espais de conviv\u00e8ncia que han contribu\u00eft a refor\u00e7ar el sentiment de pertinen\u00e7a i la vocaci\u00f3 educativa.<\/p>\n<p data-start=\"735\" data-end=\"958\">La formaci\u00f3 no nom\u00e9s ha estat un espai d\u2019aprenentatge, sin\u00f3 tamb\u00e9 una experi\u00e8ncia enriquidora a nivell personal, que ha perm\u00e8s establir vincles entre docents de diferents escoles i crear una xarxa de suport i col\u00b7laboraci\u00f3.<\/p>\n<p data-start=\"960\" data-end=\"1136\" data-is-last-node=\"\" data-is-only-node=\"\">Sens dubte, han estat tres dies plens d\u2019aprenentatges, creixement i il\u00b7lusi\u00f3 que contribuiran a continuar oferint una educaci\u00f3 de qualitat, fidel als valors que ens defineixen.<\/p>\n","protected":false},"excerpt":{"rendered":"<p><a href=\"https:\/\/agora.xtec.cat\/colsagradafamilia-larapita\/wp-content\/uploads\/usu1161\/2026\/05\/IMG-20260430-WA0013.jpg\"><\/a><br \/>\nAquesta setmana s\u2019ha celebrat a Madrid una formaci\u00f3 de carisma palauti\u00e0 adre\u00e7ada als docents de nova incorporaci\u00f3. Aquesta trobada ha estat una oportunitat molt valuosa per aprofundir en la identitat, els valors i l\u2019estil educatiu propis del nostre projecte.<br \/>\nDurant tres dies intensos, mestres i&hellip;  <a href=\"https:\/\/agora.xtec.cat\/colsagradafamilia-larapita\/general\/formacio-en-carisma-palautia-tres-dies-de-convivencia-i-creixement-a-madrid\/\" title=\"Read Formaci\u00f3 en Carisma Palauti\u00e0: tres dies de conviv\u00e8ncia i creixement a Madrid\">Llegeix m\u00e9s\u00bb<\/a><\/p>\n","protected":false},"author":1,"featured_media":7116,"comment_status":"open","ping_status":"open","sticky":false,"template":"","format":"standard","meta":{"_bbp_topic_count":0,"_bbp_reply_count":0,"_bbp_total_topic_count":0,"_bbp_total_reply_count":0,"_bbp_voice_count":0,"_bbp_anonymous_reply_count":0,"_bbp_topic_count_hidden":0,"_bbp_reply_count_hidden":0,"_bbp_forum_subforum_count":0,"footnotes":""},"categories":[1,29],"tags":[],"class_list":["post-7115","post","type-post","status-publish","format-standard","has-post-thumbnail","hentry","category-general","category-portada"],"post_mailing_queue_ids":[],"_links":{"self":[{"href":"https:\/\/agora.xtec.cat\/colsagradafamilia-larapita\/wp-json\/wp\/v2\/posts\/7115","targetHints":{"allow":["GET"]}}],"collection":[{"href":"https:\/\/agora.xtec.cat\/colsagradafamilia-larapita\/wp-json\/wp\/v2\/posts"}],"about":[{"href":"https:\/\/agora.xtec.cat\/colsagradafamilia-larapita\/wp-json\/wp\/v2\/types\/post"}],"author":[{"embeddable":true,"href":"https:\/\/agora.xtec.cat\/colsagradafamilia-larapita\/wp-json\/wp\/v2\/users\/1"}],"replies":[{"embeddable":true,"href":"https:\/\/agora.xtec.cat\/colsagradafamilia-larapita\/wp-json\/wp\/v2\/comments?post=7115"}],"version-history":[{"count":4,"href":"https:\/\/agora.xtec.cat\/colsagradafamilia-larapita\/wp-json\/wp\/v2\/posts\/7115\/revisions"}],"predecessor-version":[{"id":7120,"href":"https:\/\/agora.xtec.cat\/colsagradafamilia-larapita\/wp-json\/wp\/v2\/posts\/7115\/revisions\/7120"}],"wp:featuredmedia":[{"embeddable":true,"href":"https:\/\/agora.xtec.cat\/colsagradafamilia-larapita\/wp-json\/wp\/v2\/media\/7116"}],"wp:attachment":[{"href":"https:\/\/agora.xtec.cat\/colsagradafamilia-larapita\/wp-json\/wp\/v2\/media?parent=7115"}],"wp:term":[{"taxonomy":"category","embeddable":true,"href":"https:\/\/agora.xtec.cat\/colsagradafamilia-larapita\/wp-json\/wp\/v2\/categories?post=7115"},{"taxonomy":"post_tag","embeddable":true,"href":"https:\/\/agora.xtec.cat\/colsagradafamilia-larapita\/wp-json\/wp\/v2\/tags?post=7115"}],"curies":[{"name":"wp","href":"https:\/\/api.w.org\/{rel}","templated":true}]}}