{"id":7085,"date":"2026-04-15T17:48:53","date_gmt":"2026-04-15T15:48:53","guid":{"rendered":"https:\/\/agora.xtec.cat\/colsagradafamilia-larapita\/?p=7085"},"modified":"2026-04-15T17:53:30","modified_gmt":"2026-04-15T15:53:30","slug":"aprenem-lempatia-des-de-lexperiencia","status":"publish","type":"post","link":"https:\/\/agora.xtec.cat\/colsagradafamilia-larapita\/general\/aprenem-lempatia-des-de-lexperiencia\/","title":{"rendered":"Aprenem l\u2019empatia des de l\u2019experi\u00e8ncia"},"content":{"rendered":"<p class=\"isSelectedEnd\">El passat dia 12 d\u2019abril, amb motiu del Dia Mundial de les Persones amb Extremitats Diferents, l\u2019alumnat de 1r de Prim\u00e0ria va participar en una activitat molt especial.<\/p>\n<p class=\"isSelectedEnd\">Amb l\u2019objectiu de treballar l\u2019empatia i la inclusi\u00f3, els nens i nenes van crear un mural col\u00b7laboratiu pintant sense utilitzar les mans, sostenint els pinzells amb la boca. Aquesta experi\u00e8ncia els va permetre apropar-se a altres realitats i reflexionar sobre la diversitat funcional.<\/p>\n<p class=\"isSelectedEnd\">Ha estat una activitat molt enriquidora que ens recorda que, amb esfor\u00e7 i actitud, tot \u00e9s possible.<\/p>\n<p>Des del col\u00b7legi, continuem treballant per educar en valors, promovent experi\u00e8ncies que ajudin els nostres alumnes a cr\u00e9ixer com a persones respectuoses, emp\u00e0tiques i compromeses amb el m\u00f3n que els envolta.<\/p>\n<p>&nbsp;<\/p>\n<p style=\"text-align: center;\"><a href=\"https:\/\/agora.xtec.cat\/colsagradafamilia-larapita\/wp-content\/uploads\/usu1161\/2026\/04\/Dia-12-dabril.jpg\"><img loading=\"lazy\" decoding=\"async\" class=\"aligncenter size-full wp-image-7087\" src=\"https:\/\/agora.xtec.cat\/colsagradafamilia-larapita\/wp-content\/uploads\/usu1161\/2026\/04\/Dia-12-dabril.jpg\" alt=\"\" width=\"550\" height=\"647\" srcset=\"https:\/\/agora.xtec.cat\/colsagradafamilia-larapita\/wp-content\/uploads\/usu1161\/2026\/04\/Dia-12-dabril.jpg 550w, https:\/\/agora.xtec.cat\/colsagradafamilia-larapita\/wp-content\/uploads\/usu1161\/2026\/04\/Dia-12-dabril-255x300.jpg 255w\" sizes=\"auto, (max-width: 550px) 100vw, 550px\" \/><\/a><\/p>\n<p style=\"text-align: center;\"><a href=\"https:\/\/agora.xtec.cat\/colsagradafamilia-larapita\/wp-content\/uploads\/usu1161\/2026\/04\/Extremitats-diferents.jpg\"><img loading=\"lazy\" decoding=\"async\" class=\"aligncenter size-full wp-image-7089\" src=\"https:\/\/agora.xtec.cat\/colsagradafamilia-larapita\/wp-content\/uploads\/usu1161\/2026\/04\/Extremitats-diferents.jpg\" alt=\"\" width=\"550\" height=\"797\" srcset=\"https:\/\/agora.xtec.cat\/colsagradafamilia-larapita\/wp-content\/uploads\/usu1161\/2026\/04\/Extremitats-diferents.jpg 550w, https:\/\/agora.xtec.cat\/colsagradafamilia-larapita\/wp-content\/uploads\/usu1161\/2026\/04\/Extremitats-diferents-207x300.jpg 207w\" sizes=\"auto, (max-width: 550px) 100vw, 550px\" \/><\/a><\/p>\n<p>&nbsp;<\/p>\n","protected":false},"excerpt":{"rendered":"<p>El passat dia 12 d\u2019abril, amb motiu del Dia Mundial de les Persones amb Extremitats Diferents, l\u2019alumnat de 1r de Prim\u00e0ria va participar en una activitat molt especial.<br \/>\nAmb l\u2019objectiu de treballar l\u2019empatia i la inclusi\u00f3, els nens i nenes van crear un mural col\u00b7laboratiu pintant&hellip;  <a href=\"https:\/\/agora.xtec.cat\/colsagradafamilia-larapita\/general\/aprenem-lempatia-des-de-lexperiencia\/\" title=\"Read Aprenem l\u2019empatia des de l\u2019experi\u00e8ncia\">Llegeix m\u00e9s\u00bb<\/a><\/p>\n","protected":false},"author":1,"featured_media":7087,"comment_status":"open","ping_status":"open","sticky":false,"template":"","format":"standard","meta":{"_bbp_topic_count":0,"_bbp_reply_count":0,"_bbp_total_topic_count":0,"_bbp_total_reply_count":0,"_bbp_voice_count":0,"_bbp_anonymous_reply_count":0,"_bbp_topic_count_hidden":0,"_bbp_reply_count_hidden":0,"_bbp_forum_subforum_count":0,"footnotes":""},"categories":[1,29],"tags":[],"class_list":["post-7085","post","type-post","status-publish","format-standard","has-post-thumbnail","hentry","category-general","category-portada"],"post_mailing_queue_ids":[],"_links":{"self":[{"href":"https:\/\/agora.xtec.cat\/colsagradafamilia-larapita\/wp-json\/wp\/v2\/posts\/7085","targetHints":{"allow":["GET"]}}],"collection":[{"href":"https:\/\/agora.xtec.cat\/colsagradafamilia-larapita\/wp-json\/wp\/v2\/posts"}],"about":[{"href":"https:\/\/agora.xtec.cat\/colsagradafamilia-larapita\/wp-json\/wp\/v2\/types\/post"}],"author":[{"embeddable":true,"href":"https:\/\/agora.xtec.cat\/colsagradafamilia-larapita\/wp-json\/wp\/v2\/users\/1"}],"replies":[{"embeddable":true,"href":"https:\/\/agora.xtec.cat\/colsagradafamilia-larapita\/wp-json\/wp\/v2\/comments?post=7085"}],"version-history":[{"count":3,"href":"https:\/\/agora.xtec.cat\/colsagradafamilia-larapita\/wp-json\/wp\/v2\/posts\/7085\/revisions"}],"predecessor-version":[{"id":7090,"href":"https:\/\/agora.xtec.cat\/colsagradafamilia-larapita\/wp-json\/wp\/v2\/posts\/7085\/revisions\/7090"}],"wp:featuredmedia":[{"embeddable":true,"href":"https:\/\/agora.xtec.cat\/colsagradafamilia-larapita\/wp-json\/wp\/v2\/media\/7087"}],"wp:attachment":[{"href":"https:\/\/agora.xtec.cat\/colsagradafamilia-larapita\/wp-json\/wp\/v2\/media?parent=7085"}],"wp:term":[{"taxonomy":"category","embeddable":true,"href":"https:\/\/agora.xtec.cat\/colsagradafamilia-larapita\/wp-json\/wp\/v2\/categories?post=7085"},{"taxonomy":"post_tag","embeddable":true,"href":"https:\/\/agora.xtec.cat\/colsagradafamilia-larapita\/wp-json\/wp\/v2\/tags?post=7085"}],"curies":[{"name":"wp","href":"https:\/\/api.w.org\/{rel}","templated":true}]}}