{"id":6879,"date":"2026-01-14T16:59:07","date_gmt":"2026-01-14T15:59:07","guid":{"rendered":"https:\/\/agora.xtec.cat\/colsagradafamilia-larapita\/?p=6879"},"modified":"2026-01-14T18:09:39","modified_gmt":"2026-01-14T17:09:39","slug":"recollida-daliments-de-primera-necessitat","status":"publish","type":"post","link":"https:\/\/agora.xtec.cat\/colsagradafamilia-larapita\/general\/recollida-daliments-de-primera-necessitat\/","title":{"rendered":"Recollida d&#8217;aliments de primera necessitat"},"content":{"rendered":"<p><a href=\"https:\/\/agora.xtec.cat\/colsagradafamilia-larapita\/wp-content\/uploads\/usu1161\/2026\/01\/WhatsApp-Image-2026-01-13-at-18.48.41.jpeg\"><img loading=\"lazy\" decoding=\"async\" class=\"aligncenter size-full wp-image-6880\" src=\"https:\/\/agora.xtec.cat\/colsagradafamilia-larapita\/wp-content\/uploads\/usu1161\/2026\/01\/WhatsApp-Image-2026-01-13-at-18.48.41.jpeg\" alt=\"\" width=\"550\" height=\"550\" srcset=\"https:\/\/agora.xtec.cat\/colsagradafamilia-larapita\/wp-content\/uploads\/usu1161\/2026\/01\/WhatsApp-Image-2026-01-13-at-18.48.41.jpeg 550w, https:\/\/agora.xtec.cat\/colsagradafamilia-larapita\/wp-content\/uploads\/usu1161\/2026\/01\/WhatsApp-Image-2026-01-13-at-18.48.41-300x300.jpeg 300w, https:\/\/agora.xtec.cat\/colsagradafamilia-larapita\/wp-content\/uploads\/usu1161\/2026\/01\/WhatsApp-Image-2026-01-13-at-18.48.41-150x150.jpeg 150w\" sizes=\"auto, (max-width: 550px) 100vw, 550px\" \/><\/a><\/p>\n<p style=\"text-align: justify;\" data-start=\"259\" data-end=\"491\">El nostre centre educatiu posa en marxa la recollida d\u2019aliments de primera necessitat en col\u00b7laboraci\u00f3 amb C\u00e0ritas La R\u00e0pita, amb l\u2019objectiu de donar suport a les fam\u00edlies que es troben en situaci\u00f3 de vulnerabilitat al nostre entorn.<\/p>\n<p style=\"text-align: justify;\" data-start=\"493\" data-end=\"704\">Aquesta iniciativa solid\u00e0ria vol fomentar entre la comunitat educativa valors d\u2019empatia i comprom\u00eds social, alhora que contribu\u00efm de manera directa a una causa molt necess\u00e0ria.<\/p>\n<p>&nbsp;<\/p>\n<p>&nbsp;<\/p>\n","protected":false},"excerpt":{"rendered":"<p><a href=\"https:\/\/agora.xtec.cat\/colsagradafamilia-larapita\/wp-content\/uploads\/usu1161\/2026\/01\/WhatsApp-Image-2026-01-13-at-18.48.41.jpeg\"><\/a><br \/>\nEl nostre centre educatiu posa en marxa la recollida d\u2019aliments de primera necessitat en col\u00b7laboraci\u00f3 amb C\u00e0ritas La R\u00e0pita, amb l\u2019objectiu de donar suport a les fam\u00edlies que es troben en situaci\u00f3 de vulnerabilitat al nostre entorn.<br \/>\nAquesta iniciativa solid\u00e0ria vol fomentar entre la comunitat&hellip;  <a href=\"https:\/\/agora.xtec.cat\/colsagradafamilia-larapita\/general\/recollida-daliments-de-primera-necessitat\/\" title=\"Read Recollida d&#8217;aliments de primera necessitat\">Llegeix m\u00e9s\u00bb<\/a><\/p>\n","protected":false},"author":1,"featured_media":6880,"comment_status":"open","ping_status":"open","sticky":false,"template":"","format":"standard","meta":{"_bbp_topic_count":0,"_bbp_reply_count":0,"_bbp_total_topic_count":0,"_bbp_total_reply_count":0,"_bbp_voice_count":0,"_bbp_anonymous_reply_count":0,"_bbp_topic_count_hidden":0,"_bbp_reply_count_hidden":0,"_bbp_forum_subforum_count":0,"footnotes":""},"categories":[1,29],"tags":[],"class_list":["post-6879","post","type-post","status-publish","format-standard","has-post-thumbnail","hentry","category-general","category-portada"],"post_mailing_queue_ids":[],"_links":{"self":[{"href":"https:\/\/agora.xtec.cat\/colsagradafamilia-larapita\/wp-json\/wp\/v2\/posts\/6879","targetHints":{"allow":["GET"]}}],"collection":[{"href":"https:\/\/agora.xtec.cat\/colsagradafamilia-larapita\/wp-json\/wp\/v2\/posts"}],"about":[{"href":"https:\/\/agora.xtec.cat\/colsagradafamilia-larapita\/wp-json\/wp\/v2\/types\/post"}],"author":[{"embeddable":true,"href":"https:\/\/agora.xtec.cat\/colsagradafamilia-larapita\/wp-json\/wp\/v2\/users\/1"}],"replies":[{"embeddable":true,"href":"https:\/\/agora.xtec.cat\/colsagradafamilia-larapita\/wp-json\/wp\/v2\/comments?post=6879"}],"version-history":[{"count":2,"href":"https:\/\/agora.xtec.cat\/colsagradafamilia-larapita\/wp-json\/wp\/v2\/posts\/6879\/revisions"}],"predecessor-version":[{"id":6882,"href":"https:\/\/agora.xtec.cat\/colsagradafamilia-larapita\/wp-json\/wp\/v2\/posts\/6879\/revisions\/6882"}],"wp:featuredmedia":[{"embeddable":true,"href":"https:\/\/agora.xtec.cat\/colsagradafamilia-larapita\/wp-json\/wp\/v2\/media\/6880"}],"wp:attachment":[{"href":"https:\/\/agora.xtec.cat\/colsagradafamilia-larapita\/wp-json\/wp\/v2\/media?parent=6879"}],"wp:term":[{"taxonomy":"category","embeddable":true,"href":"https:\/\/agora.xtec.cat\/colsagradafamilia-larapita\/wp-json\/wp\/v2\/categories?post=6879"},{"taxonomy":"post_tag","embeddable":true,"href":"https:\/\/agora.xtec.cat\/colsagradafamilia-larapita\/wp-json\/wp\/v2\/tags?post=6879"}],"curies":[{"name":"wp","href":"https:\/\/api.w.org\/{rel}","templated":true}]}}