{"id":6787,"date":"2025-10-31T15:19:35","date_gmt":"2025-10-31T14:19:35","guid":{"rendered":"https:\/\/agora.xtec.cat\/colsagradafamilia-larapita\/?p=6787"},"modified":"2025-10-31T15:19:35","modified_gmt":"2025-10-31T14:19:35","slug":"racons-de-halloween-a-infantil","status":"publish","type":"post","link":"https:\/\/agora.xtec.cat\/colsagradafamilia-larapita\/general\/racons-de-halloween-a-infantil\/","title":{"rendered":"Racons de Halloween a Infantil"},"content":{"rendered":"<p style=\"text-align: center;\"><iframe loading=\"lazy\" src=\"https:\/\/drive.google.com\/file\/d\/1XsmFaVD7YsS8iAFRzZyPyGyIUpsNF5U1\/preview\" width=\"640\" height=\"480\"><\/iframe><\/p>\n<p data-start=\"186\" data-end=\"318\">Aquesta setmana, l\u2019alumnat d\u2019Educaci\u00f3 Infantil ha gaudit d\u2019una activitat molt especial: racons amb materials de Halloween!<\/p>\n<p data-start=\"320\" data-end=\"567\">Les aules s\u2019han omplert de colors, textures i elements t\u00edpics d\u2019aquesta festa tan divertida. Els infants han pogut experimentar, crear i jugar amb materials sensorials i propostes l\u00fadiques relacionades amb Halloween.<\/p>\n<p data-start=\"569\" data-end=\"719\">Amb aquestes activitats, fomentem la creativitat, la motricitat fina i el treball cooperatiu, tot gaudint d\u2019un ambient festiu i engrescador.<\/p>\n<p data-start=\"721\" data-end=\"797\">Ha estat una experi\u00e8ncia plena de m\u00e0gia, aprenentatge i diversi\u00f3!<\/p>\n","protected":false},"excerpt":{"rendered":"<p>Aquesta setmana, l\u2019alumnat d\u2019Educaci\u00f3 Infantil ha gaudit d\u2019una activitat molt especial: racons amb materials de Halloween!<br \/>\nLes aules s\u2019han omplert de colors, textures i elements t\u00edpics d\u2019aquesta festa tan divertida. Els infants han pogut experimentar, crear i jugar amb materials sensorials i propostes l\u00fadiques relacionades amb&hellip;  <a href=\"https:\/\/agora.xtec.cat\/colsagradafamilia-larapita\/general\/racons-de-halloween-a-infantil\/\" title=\"Read Racons de Halloween a Infantil\">Llegeix m\u00e9s\u00bb<\/a><\/p>\n","protected":false},"author":1,"featured_media":6793,"comment_status":"open","ping_status":"open","sticky":false,"template":"","format":"standard","meta":{"_bbp_topic_count":0,"_bbp_reply_count":0,"_bbp_total_topic_count":0,"_bbp_total_reply_count":0,"_bbp_voice_count":0,"_bbp_anonymous_reply_count":0,"_bbp_topic_count_hidden":0,"_bbp_reply_count_hidden":0,"_bbp_forum_subforum_count":0,"footnotes":""},"categories":[1,29],"tags":[],"class_list":["post-6787","post","type-post","status-publish","format-standard","has-post-thumbnail","hentry","category-general","category-portada"],"post_mailing_queue_ids":[],"_links":{"self":[{"href":"https:\/\/agora.xtec.cat\/colsagradafamilia-larapita\/wp-json\/wp\/v2\/posts\/6787","targetHints":{"allow":["GET"]}}],"collection":[{"href":"https:\/\/agora.xtec.cat\/colsagradafamilia-larapita\/wp-json\/wp\/v2\/posts"}],"about":[{"href":"https:\/\/agora.xtec.cat\/colsagradafamilia-larapita\/wp-json\/wp\/v2\/types\/post"}],"author":[{"embeddable":true,"href":"https:\/\/agora.xtec.cat\/colsagradafamilia-larapita\/wp-json\/wp\/v2\/users\/1"}],"replies":[{"embeddable":true,"href":"https:\/\/agora.xtec.cat\/colsagradafamilia-larapita\/wp-json\/wp\/v2\/comments?post=6787"}],"version-history":[{"count":2,"href":"https:\/\/agora.xtec.cat\/colsagradafamilia-larapita\/wp-json\/wp\/v2\/posts\/6787\/revisions"}],"predecessor-version":[{"id":6792,"href":"https:\/\/agora.xtec.cat\/colsagradafamilia-larapita\/wp-json\/wp\/v2\/posts\/6787\/revisions\/6792"}],"wp:featuredmedia":[{"embeddable":true,"href":"https:\/\/agora.xtec.cat\/colsagradafamilia-larapita\/wp-json\/wp\/v2\/media\/6793"}],"wp:attachment":[{"href":"https:\/\/agora.xtec.cat\/colsagradafamilia-larapita\/wp-json\/wp\/v2\/media?parent=6787"}],"wp:term":[{"taxonomy":"category","embeddable":true,"href":"https:\/\/agora.xtec.cat\/colsagradafamilia-larapita\/wp-json\/wp\/v2\/categories?post=6787"},{"taxonomy":"post_tag","embeddable":true,"href":"https:\/\/agora.xtec.cat\/colsagradafamilia-larapita\/wp-json\/wp\/v2\/tags?post=6787"}],"curies":[{"name":"wp","href":"https:\/\/api.w.org\/{rel}","templated":true}]}}