{"id":6757,"date":"2025-10-21T17:56:28","date_gmt":"2025-10-21T15:56:28","guid":{"rendered":"https:\/\/agora.xtec.cat\/colsagradafamilia-larapita\/?p=6757"},"modified":"2025-10-22T08:57:59","modified_gmt":"2025-10-22T06:57:59","slug":"formacio-equips-directius-fundacio-cmt","status":"publish","type":"post","link":"https:\/\/agora.xtec.cat\/colsagradafamilia-larapita\/general\/formacio-equips-directius-fundacio-cmt\/","title":{"rendered":"Formaci\u00f3 en \u201cEscolta i acompanyament\u201d amb Juan Bellido Equips Directius Fundaci\u00f3 CMT"},"content":{"rendered":"<p style=\"text-align: justify;\">Aquest dilluns, <strong>l<\/strong>\u2019equip directiu del nostre centre, juntament amb els equips directius dels centres CMT d\u2019Amorebieta, Irun, Vendrell, Tarragona, Amposta, Paterna, Elx, Novelda, Crevillent i Callosa de Segura, vam participar en una jornada de formaci\u00f3 a Val\u00e8ncia sobre <em>\u201cEscolta i acompanyament\u201d<\/em>, condu\u00efda per Juan Bellido.<\/p>\n<p style=\"text-align: justify;\">Va ser una experi\u00e8ncia molt enriquidora, divertida i inspiradora, que ens va permetre aturar-nos, compartir, reflexionar i continuar creixent com a equip. Al llarg de la sessi\u00f3, vam aprofundir en la import\u00e0ncia de l\u2019escolta activa, l\u2019empatia i la pres\u00e8ncia com a eines essencials per acompanyar les persones amb qui treballem cada dia.<\/p>\n<p style=\"text-align: justify;\">A m\u00e9s, vam tenir l\u2019oportunitat de rebre un obsequi molt especial: el llibre de Juan Bellido <em>\u201cLas 12 claves del bienestar. Lo que la psicolog\u00eda ya sabe\u201d<\/em>, que ens vam endur signat.<\/p>\n<h3>Sobre Juan Bellido<\/h3>\n<p style=\"text-align: justify;\"><strong>Juan Bellido<\/strong> \u00e9s <strong>coach professional, formador, enginyer i psic\u00f2leg<\/strong>, especialitzat en desenvolupament personal i organitzacional. Tamb\u00e9 \u00e9s professor de secund\u00e0ria, universitat i m\u00e0ster. \u00c9s autor de diversos llibres relacionats amb la psicologia i el benestar.<\/p>\n<p><a href=\"https:\/\/agora.xtec.cat\/colsagradafamilia-larapita\/wp-content\/uploads\/usu1161\/2025\/10\/IMG-20251020-WA0013.jpg\"><img loading=\"lazy\" decoding=\"async\" class=\"aligncenter size-full wp-image-6758\" src=\"https:\/\/agora.xtec.cat\/colsagradafamilia-larapita\/wp-content\/uploads\/usu1161\/2025\/10\/IMG-20251020-WA0013.jpg\" alt=\"\" width=\"550\" height=\"413\" srcset=\"https:\/\/agora.xtec.cat\/colsagradafamilia-larapita\/wp-content\/uploads\/usu1161\/2025\/10\/IMG-20251020-WA0013.jpg 550w, https:\/\/agora.xtec.cat\/colsagradafamilia-larapita\/wp-content\/uploads\/usu1161\/2025\/10\/IMG-20251020-WA0013-300x225.jpg 300w, https:\/\/agora.xtec.cat\/colsagradafamilia-larapita\/wp-content\/uploads\/usu1161\/2025\/10\/IMG-20251020-WA0013-200x150.jpg 200w\" sizes=\"auto, (max-width: 550px) 100vw, 550px\" \/><\/a><\/p>\n<p style=\"text-align: center;\"><a href=\"https:\/\/agora.xtec.cat\/colsagradafamilia-larapita\/wp-content\/uploads\/usu1161\/2025\/10\/20251020_163538.jpg\"><img loading=\"lazy\" decoding=\"async\" class=\"aligncenter size-full wp-image-6759\" src=\"https:\/\/agora.xtec.cat\/colsagradafamilia-larapita\/wp-content\/uploads\/usu1161\/2025\/10\/20251020_163538.jpg\" alt=\"\" width=\"550\" height=\"310\" srcset=\"https:\/\/agora.xtec.cat\/colsagradafamilia-larapita\/wp-content\/uploads\/usu1161\/2025\/10\/20251020_163538.jpg 550w, https:\/\/agora.xtec.cat\/colsagradafamilia-larapita\/wp-content\/uploads\/usu1161\/2025\/10\/20251020_163538-300x169.jpg 300w\" sizes=\"auto, (max-width: 550px) 100vw, 550px\" \/><\/a><\/p>\n","protected":false},"excerpt":{"rendered":"<p>Aquest dilluns, l\u2019equip directiu del nostre centre, juntament amb els equips directius dels centres CMT d\u2019Amorebieta, Irun, Vendrell, Tarragona, Amposta, Paterna, Elx, Novelda, Crevillent i Callosa de Segura, vam participar en una jornada de formaci\u00f3 a Val\u00e8ncia sobre \u201cEscolta i acompanyament\u201d, condu\u00efda per Juan Bellido.<br \/>\nVa&hellip;  <a href=\"https:\/\/agora.xtec.cat\/colsagradafamilia-larapita\/general\/formacio-equips-directius-fundacio-cmt\/\" title=\"Read Formaci\u00f3 en \u201cEscolta i acompanyament\u201d amb Juan Bellido Equips Directius Fundaci\u00f3 CMT\">Llegeix m\u00e9s\u00bb<\/a><\/p>\n","protected":false},"author":1,"featured_media":6758,"comment_status":"open","ping_status":"open","sticky":false,"template":"","format":"standard","meta":{"_bbp_topic_count":0,"_bbp_reply_count":0,"_bbp_total_topic_count":0,"_bbp_total_reply_count":0,"_bbp_voice_count":0,"_bbp_anonymous_reply_count":0,"_bbp_topic_count_hidden":0,"_bbp_reply_count_hidden":0,"_bbp_forum_subforum_count":0,"footnotes":""},"categories":[1,29],"tags":[],"class_list":["post-6757","post","type-post","status-publish","format-standard","has-post-thumbnail","hentry","category-general","category-portada"],"post_mailing_queue_ids":[],"_links":{"self":[{"href":"https:\/\/agora.xtec.cat\/colsagradafamilia-larapita\/wp-json\/wp\/v2\/posts\/6757","targetHints":{"allow":["GET"]}}],"collection":[{"href":"https:\/\/agora.xtec.cat\/colsagradafamilia-larapita\/wp-json\/wp\/v2\/posts"}],"about":[{"href":"https:\/\/agora.xtec.cat\/colsagradafamilia-larapita\/wp-json\/wp\/v2\/types\/post"}],"author":[{"embeddable":true,"href":"https:\/\/agora.xtec.cat\/colsagradafamilia-larapita\/wp-json\/wp\/v2\/users\/1"}],"replies":[{"embeddable":true,"href":"https:\/\/agora.xtec.cat\/colsagradafamilia-larapita\/wp-json\/wp\/v2\/comments?post=6757"}],"version-history":[{"count":5,"href":"https:\/\/agora.xtec.cat\/colsagradafamilia-larapita\/wp-json\/wp\/v2\/posts\/6757\/revisions"}],"predecessor-version":[{"id":6764,"href":"https:\/\/agora.xtec.cat\/colsagradafamilia-larapita\/wp-json\/wp\/v2\/posts\/6757\/revisions\/6764"}],"wp:featuredmedia":[{"embeddable":true,"href":"https:\/\/agora.xtec.cat\/colsagradafamilia-larapita\/wp-json\/wp\/v2\/media\/6758"}],"wp:attachment":[{"href":"https:\/\/agora.xtec.cat\/colsagradafamilia-larapita\/wp-json\/wp\/v2\/media?parent=6757"}],"wp:term":[{"taxonomy":"category","embeddable":true,"href":"https:\/\/agora.xtec.cat\/colsagradafamilia-larapita\/wp-json\/wp\/v2\/categories?post=6757"},{"taxonomy":"post_tag","embeddable":true,"href":"https:\/\/agora.xtec.cat\/colsagradafamilia-larapita\/wp-json\/wp\/v2\/tags?post=6757"}],"curies":[{"name":"wp","href":"https:\/\/api.w.org\/{rel}","templated":true}]}}