{"id":6689,"date":"2025-10-19T12:24:35","date_gmt":"2025-10-19T10:24:35","guid":{"rendered":"https:\/\/agora.xtec.cat\/colsagradafamilia-larapita\/?p=6689"},"modified":"2025-10-19T12:40:46","modified_gmt":"2025-10-19T10:40:46","slug":"setmana-dorigens-al-collegi","status":"publish","type":"post","link":"https:\/\/agora.xtec.cat\/colsagradafamilia-larapita\/general\/setmana-dorigens-al-collegi\/","title":{"rendered":"Setmana d\u2019Or\u00edgens al col\u00b7legi"},"content":{"rendered":"<p data-start=\"193\" data-end=\"634\">El cap de setmana del 10 al 12 d\u2019octubre es va celebrar, com cada any, la Festa d\u2019Or\u00edgens a la nostra localitat. Durant la setmana pr\u00e8via, a l\u2019escola vam preparar moltes activitats amb la intenci\u00f3 d\u2019apropar el nostre alumnat a aquesta celebraci\u00f3 i ajudar-los a descobrir m\u00e9s coses sobre les nostres arrels i tradicions. Les activitats van ser organitzades pel centre, per diverses associacions locals i tamb\u00e9 per l\u2019Ajuntament de la R\u00e0pita.<\/p>\n<p data-start=\"636\" data-end=\"850\">Dins les activitats de la Setmana d\u2019Or\u00edgens, els alumnes de cicle inicial van participar en un taller de jota, una experi\u00e8ncia que van gaudir ballant i compartint moments de diversi\u00f3 amb els companys i companyes.<\/p>\n<p data-start=\"852\" data-end=\"1074\">L\u2019alumnat de cicle superior de prim\u00e0ria i d\u2019ESO va visitar el Museu de la Mar de l\u2019Ebre, on va poder descobrir tant l\u2019exposici\u00f3 permanent com la temporal <em data-start=\"1006\" data-end=\"1035\">Postals de la mar de l\u2019Ebre<\/em>, en el marc de la Setmana d\u2019Or\u00edgens.<\/p>\n<p data-start=\"1076\" data-end=\"1449\">Els infants de cicle inicial tamb\u00e9 van visitar les exposicions de Juanito Cartes. La Cristina els va explicar moltes coses interessants sobre la R\u00e0pita d\u2019anys enrere. Els nens i nenes van fer moltes preguntes i cadascun va rebre un petit detall en marxar. Moltes gr\u00e0cies, Cristina i Juanito, per la vostra dedicaci\u00f3 i per compartir els vostres coneixements amb nosaltres.<\/p>\n<p data-start=\"1451\" data-end=\"1822\">Els alumnes d\u2019I5 i de cicle inicial van fer una excursi\u00f3 al Parc de Garb\u00ed per veure la ballada dels Gegants i gegantons del nostre poble. Per la seva banda, els de cicle superior van viure una experi\u00e8ncia molt especial visitant la llotja de peix del municipi, on van poder descobrir com funciona la subhasta i con\u00e8ixer de prop les esp\u00e8cies m\u00e9s comunes de la nostra mar.<\/p>\n<p data-start=\"1824\" data-end=\"2210\">L\u2019alumnat de cicle mitj\u00e0 va participar en un taller de sardanes al pati de l\u2019escola, passant una tarda divertida aprenent un dels balls tradicionals m\u00e9s representatius dels nostres or\u00edgens. Els nens i nenes d\u2019Infantil\u00a0 tamb\u00e9 van gaudir d\u2019una jornada de jocs tradicionals al pavell\u00f3 de l\u2019escola, una activitat organitzada amb molta il\u00b7lusi\u00f3 per l\u2019alumnat de 3r d\u2019ESO.<\/p>\n<p data-start=\"2212\" data-end=\"2552\">Els alumnes de 4t d\u2019EP van elaborar una manualitat amb sal, en homenatge a les Salines de la Trinitat, eix tem\u00e0tic de l\u2019edici\u00f3 d\u2019enguany de la Festa d\u2019Or\u00edgens. Tamb\u00e9 es va dur a terme un taller de morra amb l\u2019alumnat d\u2019ESO, que va despertar molt d\u2019inter\u00e8s i va permetre con\u00e8ixer millor aquest joc tradicional tan arrelat a la nostra zona.<\/p>\n<p data-start=\"2554\" data-end=\"2762\">El divendres 10 d\u2019octubre, tota la comunitat educativa ens vam vestir de pagesos i pescadors, posant el punt final a uns dies plens d\u2019activitats, emocions i aprenentatges sobre la nostra hist\u00f2ria i cultura.<\/p>\n<p data-start=\"2764\" data-end=\"3133\">Finalment, vam rebre una visita molt especial al pati de l\u2019escola: el Sebastianet va fer la seva entrada i tots vam quedar fascinats. Moltes gr\u00e0cies a la fam\u00edlia per venir a explicar-nos la vida del gegant\u00f3 i oferir-nos una preciosa ballada. Va ser un moment molt emotiu que va posar un magn\u00edfic punt final a una setmana plena de tradici\u00f3, aprenentatge i conviv\u00e8ncia.<\/p>\n<p data-start=\"3135\" data-end=\"3294\">Han estat uns dies molt intensos per gaudir del nostre passat i de les nostres tradicions. Moltes gr\u00e0cies a tots els qui heu fet possible aquesta celebraci\u00f3!<\/p>\n<p style=\"text-align: center;\" data-start=\"296\" data-end=\"744\"><a href=\"https:\/\/agora.xtec.cat\/colsagradafamilia-larapita\/wp-content\/uploads\/usu1161\/2025\/10\/Jota-CI-1.jpg\"><img loading=\"lazy\" decoding=\"async\" class=\"aligncenter size-full wp-image-6712\" src=\"https:\/\/agora.xtec.cat\/colsagradafamilia-larapita\/wp-content\/uploads\/usu1161\/2025\/10\/Jota-CI-1.jpg\" alt=\"\" width=\"550\" height=\"413\" srcset=\"https:\/\/agora.xtec.cat\/colsagradafamilia-larapita\/wp-content\/uploads\/usu1161\/2025\/10\/Jota-CI-1.jpg 550w, https:\/\/agora.xtec.cat\/colsagradafamilia-larapita\/wp-content\/uploads\/usu1161\/2025\/10\/Jota-CI-1-300x225.jpg 300w, https:\/\/agora.xtec.cat\/colsagradafamilia-larapita\/wp-content\/uploads\/usu1161\/2025\/10\/Jota-CI-1-200x150.jpg 200w\" sizes=\"auto, (max-width: 550px) 100vw, 550px\" \/><\/a><\/p>\n<p style=\"text-align: center;\" data-start=\"296\" data-end=\"744\"><a href=\"https:\/\/agora.xtec.cat\/colsagradafamilia-larapita\/wp-content\/uploads\/usu1161\/2025\/10\/Visita-museu-1r-ESO.jpg\"><img loading=\"lazy\" decoding=\"async\" class=\"aligncenter size-full wp-image-6713\" src=\"https:\/\/agora.xtec.cat\/colsagradafamilia-larapita\/wp-content\/uploads\/usu1161\/2025\/10\/Visita-museu-1r-ESO.jpg\" alt=\"\" width=\"550\" height=\"413\" srcset=\"https:\/\/agora.xtec.cat\/colsagradafamilia-larapita\/wp-content\/uploads\/usu1161\/2025\/10\/Visita-museu-1r-ESO.jpg 550w, https:\/\/agora.xtec.cat\/colsagradafamilia-larapita\/wp-content\/uploads\/usu1161\/2025\/10\/Visita-museu-1r-ESO-300x225.jpg 300w, https:\/\/agora.xtec.cat\/colsagradafamilia-larapita\/wp-content\/uploads\/usu1161\/2025\/10\/Visita-museu-1r-ESO-200x150.jpg 200w\" sizes=\"auto, (max-width: 550px) 100vw, 550px\" \/><\/a><\/p>\n<p style=\"text-align: center;\" data-start=\"296\" data-end=\"744\"><a href=\"https:\/\/agora.xtec.cat\/colsagradafamilia-larapita\/wp-content\/uploads\/usu1161\/2025\/10\/Visita-Museu-2n-ESO.jpg\"><img loading=\"lazy\" decoding=\"async\" class=\"aligncenter size-full wp-image-6714\" src=\"https:\/\/agora.xtec.cat\/colsagradafamilia-larapita\/wp-content\/uploads\/usu1161\/2025\/10\/Visita-Museu-2n-ESO.jpg\" alt=\"\" width=\"550\" height=\"413\" srcset=\"https:\/\/agora.xtec.cat\/colsagradafamilia-larapita\/wp-content\/uploads\/usu1161\/2025\/10\/Visita-Museu-2n-ESO.jpg 550w, https:\/\/agora.xtec.cat\/colsagradafamilia-larapita\/wp-content\/uploads\/usu1161\/2025\/10\/Visita-Museu-2n-ESO-300x225.jpg 300w, https:\/\/agora.xtec.cat\/colsagradafamilia-larapita\/wp-content\/uploads\/usu1161\/2025\/10\/Visita-Museu-2n-ESO-200x150.jpg 200w\" sizes=\"auto, (max-width: 550px) 100vw, 550px\" \/><\/a><\/p>\n<p style=\"text-align: center;\" data-start=\"296\" data-end=\"744\"><a href=\"https:\/\/agora.xtec.cat\/colsagradafamilia-larapita\/wp-content\/uploads\/usu1161\/2025\/10\/Museu-ESO.jpg\"><img loading=\"lazy\" decoding=\"async\" class=\"aligncenter size-full wp-image-6715\" src=\"https:\/\/agora.xtec.cat\/colsagradafamilia-larapita\/wp-content\/uploads\/usu1161\/2025\/10\/Museu-ESO.jpg\" alt=\"\" width=\"550\" height=\"413\" srcset=\"https:\/\/agora.xtec.cat\/colsagradafamilia-larapita\/wp-content\/uploads\/usu1161\/2025\/10\/Museu-ESO.jpg 550w, https:\/\/agora.xtec.cat\/colsagradafamilia-larapita\/wp-content\/uploads\/usu1161\/2025\/10\/Museu-ESO-300x225.jpg 300w, https:\/\/agora.xtec.cat\/colsagradafamilia-larapita\/wp-content\/uploads\/usu1161\/2025\/10\/Museu-ESO-200x150.jpg 200w\" sizes=\"auto, (max-width: 550px) 100vw, 550px\" \/><\/a><\/p>\n<p style=\"text-align: center;\" data-start=\"296\" data-end=\"744\"><a href=\"https:\/\/agora.xtec.cat\/colsagradafamilia-larapita\/wp-content\/uploads\/usu1161\/2025\/10\/Exposicio-Juanito-CI.jpg\"><img loading=\"lazy\" decoding=\"async\" class=\"aligncenter size-full wp-image-6716\" src=\"https:\/\/agora.xtec.cat\/colsagradafamilia-larapita\/wp-content\/uploads\/usu1161\/2025\/10\/Exposicio-Juanito-CI.jpg\" alt=\"\" width=\"550\" height=\"413\" srcset=\"https:\/\/agora.xtec.cat\/colsagradafamilia-larapita\/wp-content\/uploads\/usu1161\/2025\/10\/Exposicio-Juanito-CI.jpg 550w, https:\/\/agora.xtec.cat\/colsagradafamilia-larapita\/wp-content\/uploads\/usu1161\/2025\/10\/Exposicio-Juanito-CI-300x225.jpg 300w, https:\/\/agora.xtec.cat\/colsagradafamilia-larapita\/wp-content\/uploads\/usu1161\/2025\/10\/Exposicio-Juanito-CI-200x150.jpg 200w\" sizes=\"auto, (max-width: 550px) 100vw, 550px\" \/><\/a><\/p>\n<p data-start=\"296\" data-end=\"744\"><a href=\"https:\/\/agora.xtec.cat\/colsagradafamilia-larapita\/wp-content\/uploads\/usu1161\/2025\/10\/Visita-gegants-I5.jpg\"><img loading=\"lazy\" decoding=\"async\" class=\"aligncenter size-full wp-image-6718\" src=\"https:\/\/agora.xtec.cat\/colsagradafamilia-larapita\/wp-content\/uploads\/usu1161\/2025\/10\/Visita-gegants-I5.jpg\" alt=\"\" width=\"550\" height=\"430\" srcset=\"https:\/\/agora.xtec.cat\/colsagradafamilia-larapita\/wp-content\/uploads\/usu1161\/2025\/10\/Visita-gegants-I5.jpg 550w, https:\/\/agora.xtec.cat\/colsagradafamilia-larapita\/wp-content\/uploads\/usu1161\/2025\/10\/Visita-gegants-I5-300x235.jpg 300w\" sizes=\"auto, (max-width: 550px) 100vw, 550px\" \/><\/a><\/p>\n<p style=\"text-align: center;\" data-start=\"296\" data-end=\"744\"><a href=\"https:\/\/agora.xtec.cat\/colsagradafamilia-larapita\/wp-content\/uploads\/usu1161\/2025\/10\/Visita-gegants-1r-EP.jpg\"><img loading=\"lazy\" decoding=\"async\" class=\"aligncenter size-full wp-image-6717\" src=\"https:\/\/agora.xtec.cat\/colsagradafamilia-larapita\/wp-content\/uploads\/usu1161\/2025\/10\/Visita-gegants-1r-EP.jpg\" alt=\"\" width=\"550\" height=\"433\" srcset=\"https:\/\/agora.xtec.cat\/colsagradafamilia-larapita\/wp-content\/uploads\/usu1161\/2025\/10\/Visita-gegants-1r-EP.jpg 550w, https:\/\/agora.xtec.cat\/colsagradafamilia-larapita\/wp-content\/uploads\/usu1161\/2025\/10\/Visita-gegants-1r-EP-300x236.jpg 300w\" sizes=\"auto, (max-width: 550px) 100vw, 550px\" \/><\/a><\/p>\n<p style=\"text-align: center;\" data-start=\"296\" data-end=\"744\"><a href=\"https:\/\/agora.xtec.cat\/colsagradafamilia-larapita\/wp-content\/uploads\/usu1161\/2025\/10\/Visita-gegants-2n-EP.jpg\"><img loading=\"lazy\" decoding=\"async\" class=\"aligncenter size-full wp-image-6720\" src=\"https:\/\/agora.xtec.cat\/colsagradafamilia-larapita\/wp-content\/uploads\/usu1161\/2025\/10\/Visita-gegants-2n-EP.jpg\" alt=\"\" width=\"550\" height=\"413\" srcset=\"https:\/\/agora.xtec.cat\/colsagradafamilia-larapita\/wp-content\/uploads\/usu1161\/2025\/10\/Visita-gegants-2n-EP.jpg 550w, https:\/\/agora.xtec.cat\/colsagradafamilia-larapita\/wp-content\/uploads\/usu1161\/2025\/10\/Visita-gegants-2n-EP-300x225.jpg 300w, https:\/\/agora.xtec.cat\/colsagradafamilia-larapita\/wp-content\/uploads\/usu1161\/2025\/10\/Visita-gegants-2n-EP-200x150.jpg 200w\" sizes=\"auto, (max-width: 550px) 100vw, 550px\" \/><\/a><\/p>\n<p style=\"text-align: center;\" data-start=\"296\" data-end=\"744\"><a href=\"https:\/\/agora.xtec.cat\/colsagradafamilia-larapita\/wp-content\/uploads\/usu1161\/2025\/10\/Visita-gegants-CI.jpg\"><img loading=\"lazy\" decoding=\"async\" class=\"aligncenter size-full wp-image-6721\" src=\"https:\/\/agora.xtec.cat\/colsagradafamilia-larapita\/wp-content\/uploads\/usu1161\/2025\/10\/Visita-gegants-CI.jpg\" alt=\"\" width=\"550\" height=\"413\" srcset=\"https:\/\/agora.xtec.cat\/colsagradafamilia-larapita\/wp-content\/uploads\/usu1161\/2025\/10\/Visita-gegants-CI.jpg 550w, https:\/\/agora.xtec.cat\/colsagradafamilia-larapita\/wp-content\/uploads\/usu1161\/2025\/10\/Visita-gegants-CI-300x225.jpg 300w, https:\/\/agora.xtec.cat\/colsagradafamilia-larapita\/wp-content\/uploads\/usu1161\/2025\/10\/Visita-gegants-CI-200x150.jpg 200w\" sizes=\"auto, (max-width: 550px) 100vw, 550px\" \/><\/a><\/p>\n<p style=\"text-align: center;\" data-start=\"296\" data-end=\"744\"><a href=\"https:\/\/agora.xtec.cat\/colsagradafamilia-larapita\/wp-content\/uploads\/usu1161\/2025\/10\/Llotja-CS.jpg\"><img loading=\"lazy\" decoding=\"async\" class=\"aligncenter size-full wp-image-6723\" src=\"https:\/\/agora.xtec.cat\/colsagradafamilia-larapita\/wp-content\/uploads\/usu1161\/2025\/10\/Llotja-CS.jpg\" alt=\"\" width=\"550\" height=\"413\" srcset=\"https:\/\/agora.xtec.cat\/colsagradafamilia-larapita\/wp-content\/uploads\/usu1161\/2025\/10\/Llotja-CS.jpg 550w, https:\/\/agora.xtec.cat\/colsagradafamilia-larapita\/wp-content\/uploads\/usu1161\/2025\/10\/Llotja-CS-300x225.jpg 300w, https:\/\/agora.xtec.cat\/colsagradafamilia-larapita\/wp-content\/uploads\/usu1161\/2025\/10\/Llotja-CS-200x150.jpg 200w\" sizes=\"auto, (max-width: 550px) 100vw, 550px\" \/><\/a><\/p>\n<p style=\"text-align: center;\" data-start=\"296\" data-end=\"744\"><a href=\"https:\/\/agora.xtec.cat\/colsagradafamilia-larapita\/wp-content\/uploads\/usu1161\/2025\/10\/LLotja-1-CS.jpg\"><img loading=\"lazy\" decoding=\"async\" class=\"aligncenter size-full wp-image-6724\" src=\"https:\/\/agora.xtec.cat\/colsagradafamilia-larapita\/wp-content\/uploads\/usu1161\/2025\/10\/LLotja-1-CS.jpg\" alt=\"\" width=\"550\" height=\"413\" srcset=\"https:\/\/agora.xtec.cat\/colsagradafamilia-larapita\/wp-content\/uploads\/usu1161\/2025\/10\/LLotja-1-CS.jpg 550w, https:\/\/agora.xtec.cat\/colsagradafamilia-larapita\/wp-content\/uploads\/usu1161\/2025\/10\/LLotja-1-CS-300x225.jpg 300w, https:\/\/agora.xtec.cat\/colsagradafamilia-larapita\/wp-content\/uploads\/usu1161\/2025\/10\/LLotja-1-CS-200x150.jpg 200w\" sizes=\"auto, (max-width: 550px) 100vw, 550px\" \/><\/a><\/p>\n<p style=\"text-align: center;\" data-start=\"296\" data-end=\"744\"><a href=\"https:\/\/agora.xtec.cat\/colsagradafamilia-larapita\/wp-content\/uploads\/usu1161\/2025\/10\/Sardanes-CM.jpg\"><img loading=\"lazy\" decoding=\"async\" class=\"aligncenter size-full wp-image-6725\" src=\"https:\/\/agora.xtec.cat\/colsagradafamilia-larapita\/wp-content\/uploads\/usu1161\/2025\/10\/Sardanes-CM.jpg\" alt=\"\" width=\"550\" height=\"732\" srcset=\"https:\/\/agora.xtec.cat\/colsagradafamilia-larapita\/wp-content\/uploads\/usu1161\/2025\/10\/Sardanes-CM.jpg 550w, https:\/\/agora.xtec.cat\/colsagradafamilia-larapita\/wp-content\/uploads\/usu1161\/2025\/10\/Sardanes-CM-225x300.jpg 225w\" sizes=\"auto, (max-width: 550px) 100vw, 550px\" \/><\/a><\/p>\n<p style=\"text-align: center;\" data-start=\"296\" data-end=\"744\"><a href=\"https:\/\/agora.xtec.cat\/colsagradafamilia-larapita\/wp-content\/uploads\/usu1161\/2025\/10\/Jocs-ESO-INFANTIL-1.jpg\"><img loading=\"lazy\" decoding=\"async\" class=\"aligncenter size-full wp-image-6726\" src=\"https:\/\/agora.xtec.cat\/colsagradafamilia-larapita\/wp-content\/uploads\/usu1161\/2025\/10\/Jocs-ESO-INFANTIL-1.jpg\" alt=\"\" width=\"550\" height=\"454\" srcset=\"https:\/\/agora.xtec.cat\/colsagradafamilia-larapita\/wp-content\/uploads\/usu1161\/2025\/10\/Jocs-ESO-INFANTIL-1.jpg 550w, https:\/\/agora.xtec.cat\/colsagradafamilia-larapita\/wp-content\/uploads\/usu1161\/2025\/10\/Jocs-ESO-INFANTIL-1-300x248.jpg 300w\" sizes=\"auto, (max-width: 550px) 100vw, 550px\" \/><\/a><\/p>\n<p style=\"text-align: center;\" data-start=\"296\" data-end=\"744\"><a href=\"https:\/\/agora.xtec.cat\/colsagradafamilia-larapita\/wp-content\/uploads\/usu1161\/2025\/10\/Jocs-ESO-INFANTIL.jpg\"><img loading=\"lazy\" decoding=\"async\" class=\"aligncenter size-full wp-image-6727\" src=\"https:\/\/agora.xtec.cat\/colsagradafamilia-larapita\/wp-content\/uploads\/usu1161\/2025\/10\/Jocs-ESO-INFANTIL.jpg\" alt=\"\" width=\"550\" height=\"733\" srcset=\"https:\/\/agora.xtec.cat\/colsagradafamilia-larapita\/wp-content\/uploads\/usu1161\/2025\/10\/Jocs-ESO-INFANTIL.jpg 550w, https:\/\/agora.xtec.cat\/colsagradafamilia-larapita\/wp-content\/uploads\/usu1161\/2025\/10\/Jocs-ESO-INFANTIL-225x300.jpg 225w\" sizes=\"auto, (max-width: 550px) 100vw, 550px\" \/><\/a><\/p>\n<p style=\"text-align: center;\" data-start=\"296\" data-end=\"744\"><a href=\"https:\/\/agora.xtec.cat\/colsagradafamilia-larapita\/wp-content\/uploads\/usu1161\/2025\/10\/Manualitat-sal.jpg\"><img loading=\"lazy\" decoding=\"async\" class=\"aligncenter size-full wp-image-6728\" src=\"https:\/\/agora.xtec.cat\/colsagradafamilia-larapita\/wp-content\/uploads\/usu1161\/2025\/10\/Manualitat-sal.jpg\" alt=\"\" width=\"550\" height=\"772\" srcset=\"https:\/\/agora.xtec.cat\/colsagradafamilia-larapita\/wp-content\/uploads\/usu1161\/2025\/10\/Manualitat-sal.jpg 550w, https:\/\/agora.xtec.cat\/colsagradafamilia-larapita\/wp-content\/uploads\/usu1161\/2025\/10\/Manualitat-sal-214x300.jpg 214w\" sizes=\"auto, (max-width: 550px) 100vw, 550px\" \/><\/a><\/p>\n<p data-start=\"296\" data-end=\"744\"><a href=\"https:\/\/agora.xtec.cat\/colsagradafamilia-larapita\/wp-content\/uploads\/usu1161\/2025\/10\/Foto-grup-I3.jpg\"><img loading=\"lazy\" decoding=\"async\" class=\"aligncenter size-full wp-image-6751\" src=\"https:\/\/agora.xtec.cat\/colsagradafamilia-larapita\/wp-content\/uploads\/usu1161\/2025\/10\/Foto-grup-I3.jpg\" alt=\"\" width=\"550\" height=\"413\" srcset=\"https:\/\/agora.xtec.cat\/colsagradafamilia-larapita\/wp-content\/uploads\/usu1161\/2025\/10\/Foto-grup-I3.jpg 550w, https:\/\/agora.xtec.cat\/colsagradafamilia-larapita\/wp-content\/uploads\/usu1161\/2025\/10\/Foto-grup-I3-300x225.jpg 300w, https:\/\/agora.xtec.cat\/colsagradafamilia-larapita\/wp-content\/uploads\/usu1161\/2025\/10\/Foto-grup-I3-200x150.jpg 200w\" sizes=\"auto, (max-width: 550px) 100vw, 550px\" \/><\/a><\/p>\n<p style=\"text-align: center;\" data-start=\"296\" data-end=\"744\"><a href=\"https:\/\/agora.xtec.cat\/colsagradafamilia-larapita\/wp-content\/uploads\/usu1161\/2025\/10\/Foto-grup-I4.jpg\"><img loading=\"lazy\" decoding=\"async\" class=\"aligncenter size-full wp-image-6729\" src=\"https:\/\/agora.xtec.cat\/colsagradafamilia-larapita\/wp-content\/uploads\/usu1161\/2025\/10\/Foto-grup-I4.jpg\" alt=\"\" width=\"550\" height=\"282\" srcset=\"https:\/\/agora.xtec.cat\/colsagradafamilia-larapita\/wp-content\/uploads\/usu1161\/2025\/10\/Foto-grup-I4.jpg 550w, https:\/\/agora.xtec.cat\/colsagradafamilia-larapita\/wp-content\/uploads\/usu1161\/2025\/10\/Foto-grup-I4-300x154.jpg 300w\" sizes=\"auto, (max-width: 550px) 100vw, 550px\" \/><\/a><\/p>\n<p style=\"text-align: center;\" data-start=\"296\" data-end=\"744\"><a href=\"https:\/\/agora.xtec.cat\/colsagradafamilia-larapita\/wp-content\/uploads\/usu1161\/2025\/10\/Foto-grup-I5.jpg\"><img loading=\"lazy\" decoding=\"async\" class=\"aligncenter size-full wp-image-6731\" src=\"https:\/\/agora.xtec.cat\/colsagradafamilia-larapita\/wp-content\/uploads\/usu1161\/2025\/10\/Foto-grup-I5.jpg\" alt=\"\" width=\"550\" height=\"413\" srcset=\"https:\/\/agora.xtec.cat\/colsagradafamilia-larapita\/wp-content\/uploads\/usu1161\/2025\/10\/Foto-grup-I5.jpg 550w, https:\/\/agora.xtec.cat\/colsagradafamilia-larapita\/wp-content\/uploads\/usu1161\/2025\/10\/Foto-grup-I5-300x225.jpg 300w, https:\/\/agora.xtec.cat\/colsagradafamilia-larapita\/wp-content\/uploads\/usu1161\/2025\/10\/Foto-grup-I5-200x150.jpg 200w\" sizes=\"auto, (max-width: 550px) 100vw, 550px\" \/><\/a><\/p>\n<p style=\"text-align: center;\" data-start=\"296\" data-end=\"744\"><a href=\"https:\/\/agora.xtec.cat\/colsagradafamilia-larapita\/wp-content\/uploads\/usu1161\/2025\/10\/Foto-grup-1r-EP.jpg\"><img loading=\"lazy\" decoding=\"async\" class=\"aligncenter size-full wp-image-6732\" src=\"https:\/\/agora.xtec.cat\/colsagradafamilia-larapita\/wp-content\/uploads\/usu1161\/2025\/10\/Foto-grup-1r-EP.jpg\" alt=\"\" width=\"550\" height=\"413\" srcset=\"https:\/\/agora.xtec.cat\/colsagradafamilia-larapita\/wp-content\/uploads\/usu1161\/2025\/10\/Foto-grup-1r-EP.jpg 550w, https:\/\/agora.xtec.cat\/colsagradafamilia-larapita\/wp-content\/uploads\/usu1161\/2025\/10\/Foto-grup-1r-EP-300x225.jpg 300w, https:\/\/agora.xtec.cat\/colsagradafamilia-larapita\/wp-content\/uploads\/usu1161\/2025\/10\/Foto-grup-1r-EP-200x150.jpg 200w\" sizes=\"auto, (max-width: 550px) 100vw, 550px\" \/><\/a><\/p>\n<p style=\"text-align: center;\" data-start=\"296\" data-end=\"744\"><a href=\"https:\/\/agora.xtec.cat\/colsagradafamilia-larapita\/wp-content\/uploads\/usu1161\/2025\/10\/Grup-2n-EP-1.jpg\"><img loading=\"lazy\" decoding=\"async\" class=\"aligncenter size-full wp-image-6733\" src=\"https:\/\/agora.xtec.cat\/colsagradafamilia-larapita\/wp-content\/uploads\/usu1161\/2025\/10\/Grup-2n-EP-1.jpg\" alt=\"\" width=\"550\" height=\"413\" srcset=\"https:\/\/agora.xtec.cat\/colsagradafamilia-larapita\/wp-content\/uploads\/usu1161\/2025\/10\/Grup-2n-EP-1.jpg 550w, https:\/\/agora.xtec.cat\/colsagradafamilia-larapita\/wp-content\/uploads\/usu1161\/2025\/10\/Grup-2n-EP-1-300x225.jpg 300w, https:\/\/agora.xtec.cat\/colsagradafamilia-larapita\/wp-content\/uploads\/usu1161\/2025\/10\/Grup-2n-EP-1-200x150.jpg 200w\" sizes=\"auto, (max-width: 550px) 100vw, 550px\" \/><\/a><\/p>\n<p style=\"text-align: center;\" data-start=\"296\" data-end=\"744\"><a href=\"https:\/\/agora.xtec.cat\/colsagradafamilia-larapita\/wp-content\/uploads\/usu1161\/2025\/10\/Foto-grup-3r-EP.jpg\"><img loading=\"lazy\" decoding=\"async\" class=\"aligncenter size-full wp-image-6734\" src=\"https:\/\/agora.xtec.cat\/colsagradafamilia-larapita\/wp-content\/uploads\/usu1161\/2025\/10\/Foto-grup-3r-EP.jpg\" alt=\"\" width=\"550\" height=\"413\" srcset=\"https:\/\/agora.xtec.cat\/colsagradafamilia-larapita\/wp-content\/uploads\/usu1161\/2025\/10\/Foto-grup-3r-EP.jpg 550w, https:\/\/agora.xtec.cat\/colsagradafamilia-larapita\/wp-content\/uploads\/usu1161\/2025\/10\/Foto-grup-3r-EP-300x225.jpg 300w, https:\/\/agora.xtec.cat\/colsagradafamilia-larapita\/wp-content\/uploads\/usu1161\/2025\/10\/Foto-grup-3r-EP-200x150.jpg 200w\" sizes=\"auto, (max-width: 550px) 100vw, 550px\" \/><\/a><\/p>\n<p style=\"text-align: center;\" data-start=\"296\" data-end=\"744\"><a href=\"https:\/\/agora.xtec.cat\/colsagradafamilia-larapita\/wp-content\/uploads\/usu1161\/2025\/10\/Foto-grup-4t-EP.jpg\"><img loading=\"lazy\" decoding=\"async\" class=\"aligncenter size-full wp-image-6735\" src=\"https:\/\/agora.xtec.cat\/colsagradafamilia-larapita\/wp-content\/uploads\/usu1161\/2025\/10\/Foto-grup-4t-EP.jpg\" alt=\"\" width=\"550\" height=\"413\" srcset=\"https:\/\/agora.xtec.cat\/colsagradafamilia-larapita\/wp-content\/uploads\/usu1161\/2025\/10\/Foto-grup-4t-EP.jpg 550w, https:\/\/agora.xtec.cat\/colsagradafamilia-larapita\/wp-content\/uploads\/usu1161\/2025\/10\/Foto-grup-4t-EP-300x225.jpg 300w, https:\/\/agora.xtec.cat\/colsagradafamilia-larapita\/wp-content\/uploads\/usu1161\/2025\/10\/Foto-grup-4t-EP-200x150.jpg 200w\" sizes=\"auto, (max-width: 550px) 100vw, 550px\" \/><\/a><\/p>\n<p style=\"text-align: center;\" data-start=\"296\" data-end=\"744\"><a href=\"https:\/\/agora.xtec.cat\/colsagradafamilia-larapita\/wp-content\/uploads\/usu1161\/2025\/10\/Foto-grup-5e-EP.jpg\"><img loading=\"lazy\" decoding=\"async\" class=\"aligncenter size-full wp-image-6736\" src=\"https:\/\/agora.xtec.cat\/colsagradafamilia-larapita\/wp-content\/uploads\/usu1161\/2025\/10\/Foto-grup-5e-EP.jpg\" alt=\"\" width=\"550\" height=\"331\" srcset=\"https:\/\/agora.xtec.cat\/colsagradafamilia-larapita\/wp-content\/uploads\/usu1161\/2025\/10\/Foto-grup-5e-EP.jpg 550w, https:\/\/agora.xtec.cat\/colsagradafamilia-larapita\/wp-content\/uploads\/usu1161\/2025\/10\/Foto-grup-5e-EP-300x181.jpg 300w\" sizes=\"auto, (max-width: 550px) 100vw, 550px\" \/><\/a><\/p>\n<p style=\"text-align: center;\" data-start=\"296\" data-end=\"744\"><a href=\"https:\/\/agora.xtec.cat\/colsagradafamilia-larapita\/wp-content\/uploads\/usu1161\/2025\/10\/Foto-grup-6e-EP.jpg\"><img loading=\"lazy\" decoding=\"async\" class=\"aligncenter size-full wp-image-6737\" src=\"https:\/\/agora.xtec.cat\/colsagradafamilia-larapita\/wp-content\/uploads\/usu1161\/2025\/10\/Foto-grup-6e-EP.jpg\" alt=\"\" width=\"550\" height=\"413\" srcset=\"https:\/\/agora.xtec.cat\/colsagradafamilia-larapita\/wp-content\/uploads\/usu1161\/2025\/10\/Foto-grup-6e-EP.jpg 550w, https:\/\/agora.xtec.cat\/colsagradafamilia-larapita\/wp-content\/uploads\/usu1161\/2025\/10\/Foto-grup-6e-EP-300x225.jpg 300w, https:\/\/agora.xtec.cat\/colsagradafamilia-larapita\/wp-content\/uploads\/usu1161\/2025\/10\/Foto-grup-6e-EP-200x150.jpg 200w\" sizes=\"auto, (max-width: 550px) 100vw, 550px\" \/><\/a><\/p>\n<p style=\"text-align: center;\" data-start=\"296\" data-end=\"744\"><a href=\"https:\/\/agora.xtec.cat\/colsagradafamilia-larapita\/wp-content\/uploads\/usu1161\/2025\/10\/Foto-grup-1r-ESO.jpg\"><img loading=\"lazy\" decoding=\"async\" class=\"aligncenter size-full wp-image-6739\" src=\"https:\/\/agora.xtec.cat\/colsagradafamilia-larapita\/wp-content\/uploads\/usu1161\/2025\/10\/Foto-grup-1r-ESO.jpg\" alt=\"\" width=\"550\" height=\"309\" srcset=\"https:\/\/agora.xtec.cat\/colsagradafamilia-larapita\/wp-content\/uploads\/usu1161\/2025\/10\/Foto-grup-1r-ESO.jpg 550w, https:\/\/agora.xtec.cat\/colsagradafamilia-larapita\/wp-content\/uploads\/usu1161\/2025\/10\/Foto-grup-1r-ESO-300x169.jpg 300w\" sizes=\"auto, (max-width: 550px) 100vw, 550px\" \/><\/a><\/p>\n<p style=\"text-align: center;\" data-start=\"296\" data-end=\"744\"><a href=\"https:\/\/agora.xtec.cat\/colsagradafamilia-larapita\/wp-content\/uploads\/usu1161\/2025\/10\/Foto-grup-3r-ESO.jpg\"><img loading=\"lazy\" decoding=\"async\" class=\"aligncenter size-full wp-image-6740\" src=\"https:\/\/agora.xtec.cat\/colsagradafamilia-larapita\/wp-content\/uploads\/usu1161\/2025\/10\/Foto-grup-3r-ESO.jpg\" alt=\"\" width=\"550\" height=\"331\" srcset=\"https:\/\/agora.xtec.cat\/colsagradafamilia-larapita\/wp-content\/uploads\/usu1161\/2025\/10\/Foto-grup-3r-ESO.jpg 550w, https:\/\/agora.xtec.cat\/colsagradafamilia-larapita\/wp-content\/uploads\/usu1161\/2025\/10\/Foto-grup-3r-ESO-300x181.jpg 300w\" sizes=\"auto, (max-width: 550px) 100vw, 550px\" \/><\/a><\/p>\n<p style=\"text-align: center;\" data-start=\"296\" data-end=\"744\"><a href=\"https:\/\/agora.xtec.cat\/colsagradafamilia-larapita\/wp-content\/uploads\/usu1161\/2025\/10\/Foto-grup-4t-ESO.jpg\"><img loading=\"lazy\" decoding=\"async\" class=\"aligncenter size-full wp-image-6741\" src=\"https:\/\/agora.xtec.cat\/colsagradafamilia-larapita\/wp-content\/uploads\/usu1161\/2025\/10\/Foto-grup-4t-ESO.jpg\" alt=\"\" width=\"550\" height=\"413\" srcset=\"https:\/\/agora.xtec.cat\/colsagradafamilia-larapita\/wp-content\/uploads\/usu1161\/2025\/10\/Foto-grup-4t-ESO.jpg 550w, https:\/\/agora.xtec.cat\/colsagradafamilia-larapita\/wp-content\/uploads\/usu1161\/2025\/10\/Foto-grup-4t-ESO-300x225.jpg 300w, https:\/\/agora.xtec.cat\/colsagradafamilia-larapita\/wp-content\/uploads\/usu1161\/2025\/10\/Foto-grup-4t-ESO-200x150.jpg 200w\" sizes=\"auto, (max-width: 550px) 100vw, 550px\" \/><\/a><\/p>\n<p data-start=\"296\" data-end=\"744\"><a href=\"https:\/\/agora.xtec.cat\/colsagradafamilia-larapita\/wp-content\/uploads\/usu1161\/2025\/10\/Sebastianet-infantil.jpg\"><img loading=\"lazy\" decoding=\"async\" class=\"aligncenter size-full wp-image-6743\" src=\"https:\/\/agora.xtec.cat\/colsagradafamilia-larapita\/wp-content\/uploads\/usu1161\/2025\/10\/Sebastianet-infantil.jpg\" alt=\"\" width=\"550\" height=\"413\" srcset=\"https:\/\/agora.xtec.cat\/colsagradafamilia-larapita\/wp-content\/uploads\/usu1161\/2025\/10\/Sebastianet-infantil.jpg 550w, https:\/\/agora.xtec.cat\/colsagradafamilia-larapita\/wp-content\/uploads\/usu1161\/2025\/10\/Sebastianet-infantil-300x225.jpg 300w, https:\/\/agora.xtec.cat\/colsagradafamilia-larapita\/wp-content\/uploads\/usu1161\/2025\/10\/Sebastianet-infantil-200x150.jpg 200w\" sizes=\"auto, (max-width: 550px) 100vw, 550px\" \/><\/a><\/p>\n<p style=\"text-align: center;\" data-start=\"3135\" data-end=\"3294\"><a href=\"https:\/\/agora.xtec.cat\/colsagradafamilia-larapita\/wp-content\/uploads\/usu1161\/2025\/10\/Sin-titulo.jpg\"><img loading=\"lazy\" decoding=\"async\" class=\"aligncenter size-full wp-image-6747\" src=\"https:\/\/agora.xtec.cat\/colsagradafamilia-larapita\/wp-content\/uploads\/usu1161\/2025\/10\/Sin-titulo.jpg\" alt=\"\" width=\"550\" height=\"733\" srcset=\"https:\/\/agora.xtec.cat\/colsagradafamilia-larapita\/wp-content\/uploads\/usu1161\/2025\/10\/Sin-titulo.jpg 550w, https:\/\/agora.xtec.cat\/colsagradafamilia-larapita\/wp-content\/uploads\/usu1161\/2025\/10\/Sin-titulo-225x300.jpg 225w\" sizes=\"auto, (max-width: 550px) 100vw, 550px\" \/><\/a><\/p>\n","protected":false},"excerpt":{"rendered":"<p>El cap de setmana del 10 al 12 d\u2019octubre es va celebrar, com cada any, la Festa d\u2019Or\u00edgens a la nostra localitat. Durant la setmana pr\u00e8via, a l\u2019escola vam preparar moltes activitats amb la intenci\u00f3 d\u2019apropar el nostre alumnat a aquesta celebraci\u00f3 i ajudar-los a&hellip;  <a href=\"https:\/\/agora.xtec.cat\/colsagradafamilia-larapita\/general\/setmana-dorigens-al-collegi\/\" title=\"Read Setmana d\u2019Or\u00edgens al col\u00b7legi\">Llegeix m\u00e9s\u00bb<\/a><\/p>\n","protected":false},"author":1,"featured_media":6751,"comment_status":"open","ping_status":"open","sticky":false,"template":"","format":"standard","meta":{"_bbp_topic_count":0,"_bbp_reply_count":0,"_bbp_total_topic_count":0,"_bbp_total_reply_count":0,"_bbp_voice_count":0,"_bbp_anonymous_reply_count":0,"_bbp_topic_count_hidden":0,"_bbp_reply_count_hidden":0,"_bbp_forum_subforum_count":0,"footnotes":""},"categories":[1,29],"tags":[],"class_list":["post-6689","post","type-post","status-publish","format-standard","has-post-thumbnail","hentry","category-general","category-portada"],"post_mailing_queue_ids":[],"_links":{"self":[{"href":"https:\/\/agora.xtec.cat\/colsagradafamilia-larapita\/wp-json\/wp\/v2\/posts\/6689","targetHints":{"allow":["GET"]}}],"collection":[{"href":"https:\/\/agora.xtec.cat\/colsagradafamilia-larapita\/wp-json\/wp\/v2\/posts"}],"about":[{"href":"https:\/\/agora.xtec.cat\/colsagradafamilia-larapita\/wp-json\/wp\/v2\/types\/post"}],"author":[{"embeddable":true,"href":"https:\/\/agora.xtec.cat\/colsagradafamilia-larapita\/wp-json\/wp\/v2\/users\/1"}],"replies":[{"embeddable":true,"href":"https:\/\/agora.xtec.cat\/colsagradafamilia-larapita\/wp-json\/wp\/v2\/comments?post=6689"}],"version-history":[{"count":6,"href":"https:\/\/agora.xtec.cat\/colsagradafamilia-larapita\/wp-json\/wp\/v2\/posts\/6689\/revisions"}],"predecessor-version":[{"id":6752,"href":"https:\/\/agora.xtec.cat\/colsagradafamilia-larapita\/wp-json\/wp\/v2\/posts\/6689\/revisions\/6752"}],"wp:featuredmedia":[{"embeddable":true,"href":"https:\/\/agora.xtec.cat\/colsagradafamilia-larapita\/wp-json\/wp\/v2\/media\/6751"}],"wp:attachment":[{"href":"https:\/\/agora.xtec.cat\/colsagradafamilia-larapita\/wp-json\/wp\/v2\/media?parent=6689"}],"wp:term":[{"taxonomy":"category","embeddable":true,"href":"https:\/\/agora.xtec.cat\/colsagradafamilia-larapita\/wp-json\/wp\/v2\/categories?post=6689"},{"taxonomy":"post_tag","embeddable":true,"href":"https:\/\/agora.xtec.cat\/colsagradafamilia-larapita\/wp-json\/wp\/v2\/tags?post=6689"}],"curies":[{"name":"wp","href":"https:\/\/api.w.org\/{rel}","templated":true}]}}