{"id":6532,"date":"2025-06-02T18:03:21","date_gmt":"2025-06-02T16:03:21","guid":{"rendered":"https:\/\/agora.xtec.cat\/colsagradafamilia-larapita\/?p=6532"},"modified":"2025-06-02T18:03:21","modified_gmt":"2025-06-02T16:03:21","slug":"compromesos-amb-la-convivencia-formacio-en-practiques-restauratives","status":"publish","type":"post","link":"https:\/\/agora.xtec.cat\/colsagradafamilia-larapita\/general\/compromesos-amb-la-convivencia-formacio-en-practiques-restauratives\/","title":{"rendered":"Compromesos amb la conviv\u00e8ncia: Formaci\u00f3 en pr\u00e0ctiques restauratives"},"content":{"rendered":"<p style=\"text-align: center;\"><a href=\"https:\/\/agora.xtec.cat\/colsagradafamilia-larapita\/wp-content\/uploads\/usu1161\/2025\/06\/Formacio-1.jpg\"><img loading=\"lazy\" decoding=\"async\" class=\"aligncenter size-full wp-image-6533\" src=\"https:\/\/agora.xtec.cat\/colsagradafamilia-larapita\/wp-content\/uploads\/usu1161\/2025\/06\/Formacio-1.jpg\" alt=\"\" width=\"550\" height=\"310\" srcset=\"https:\/\/agora.xtec.cat\/colsagradafamilia-larapita\/wp-content\/uploads\/usu1161\/2025\/06\/Formacio-1.jpg 550w, https:\/\/agora.xtec.cat\/colsagradafamilia-larapita\/wp-content\/uploads\/usu1161\/2025\/06\/Formacio-1-300x169.jpg 300w\" sizes=\"auto, (max-width: 550px) 100vw, 550px\" \/><\/a><\/p>\n<p style=\"text-align: center;\"><a href=\"https:\/\/agora.xtec.cat\/colsagradafamilia-larapita\/wp-content\/uploads\/usu1161\/2025\/06\/Formacio.jpg\"><img loading=\"lazy\" decoding=\"async\" class=\"aligncenter size-full wp-image-6535\" src=\"https:\/\/agora.xtec.cat\/colsagradafamilia-larapita\/wp-content\/uploads\/usu1161\/2025\/06\/Formacio.jpg\" alt=\"\" width=\"550\" height=\"309\" srcset=\"https:\/\/agora.xtec.cat\/colsagradafamilia-larapita\/wp-content\/uploads\/usu1161\/2025\/06\/Formacio.jpg 550w, https:\/\/agora.xtec.cat\/colsagradafamilia-larapita\/wp-content\/uploads\/usu1161\/2025\/06\/Formacio-300x169.jpg 300w\" sizes=\"auto, (max-width: 550px) 100vw, 550px\" \/><\/a><\/p>\n<p style=\"text-align: justify;\" data-start=\"246\" data-end=\"499\">Durant aquest curs escolar, el claustre del col\u00b7legi ha participat en una formaci\u00f3 espec\u00edfica sobre pr\u00e0ctiques restauratives, amb l&#8217;objectiu de continuar avan\u00e7ant cap a un model de conviv\u00e8ncia positiva i inclusiva dins la nostra comunitat educativa.<\/p>\n<p style=\"text-align: justify;\" data-start=\"501\" data-end=\"894\">Les pr\u00e0ctiques restauratives s\u00f3n eines i enfocaments que promouen el di\u00e0leg, la responsabilitat compartida i la resoluci\u00f3 pac\u00edfica dels conflictes. A trav\u00e9s d\u2019aquesta formaci\u00f3, l\u2019equip docent ha aprofundit en estrat\u00e8gies per fomentar un clima escolar m\u00e9s just, acollidor i respectu\u00f3s, on es valori la veu de l\u2019alumnat i es reforcin els vincles entre tots els membres de la comunitat educativa.<\/p>\n<p style=\"text-align: justify;\" data-start=\"896\" data-end=\"1311\">La formaci\u00f3 ha estat pr\u00e0ctica i vivencial, permetent al professorat experimentar de primera m\u00e0 din\u00e0miques com els cercles restauratius, les converses de reparaci\u00f3 i altres recursos per prevenir i gestionar els conflictes de manera emp\u00e0tica i constructiva. Aquesta experi\u00e8ncia ha estat molt enriquidora i ens ha proporcionat eines concretes per continuar educant des del respecte mutu i la responsabilitat emocional.<\/p>\n<p style=\"text-align: justify;\" data-start=\"1313\" data-end=\"1531\">Amb aquesta formaci\u00f3, el nostre centre fa un pas ferm cap a una educaci\u00f3 que no nom\u00e9s transmet coneixements, sin\u00f3 que tamb\u00e9 educa en valors, cuidant les relacions i promovent una cultura de pau i benestar per a tothom.<\/p>\n","protected":false},"excerpt":{"rendered":"<p><a href=\"https:\/\/agora.xtec.cat\/colsagradafamilia-larapita\/wp-content\/uploads\/usu1161\/2025\/06\/Formacio-1.jpg\"><\/a><br \/>\n<a href=\"https:\/\/agora.xtec.cat\/colsagradafamilia-larapita\/wp-content\/uploads\/usu1161\/2025\/06\/Formacio.jpg\"><\/a><br \/>\nDurant aquest curs escolar, el claustre del col\u00b7legi ha participat en una formaci\u00f3 espec\u00edfica sobre pr\u00e0ctiques restauratives, amb l&#8217;objectiu de continuar avan\u00e7ant cap a un model de conviv\u00e8ncia positiva i inclusiva dins la nostra comunitat educativa.<br \/>\nLes pr\u00e0ctiques restauratives s\u00f3n eines i enfocaments que&hellip;  <a href=\"https:\/\/agora.xtec.cat\/colsagradafamilia-larapita\/general\/compromesos-amb-la-convivencia-formacio-en-practiques-restauratives\/\" title=\"Read Compromesos amb la conviv\u00e8ncia: Formaci\u00f3 en pr\u00e0ctiques restauratives\">Llegeix m\u00e9s\u00bb<\/a><\/p>\n","protected":false},"author":1,"featured_media":6534,"comment_status":"open","ping_status":"closed","sticky":false,"template":"","format":"standard","meta":{"_bbp_topic_count":0,"_bbp_reply_count":0,"_bbp_total_topic_count":0,"_bbp_total_reply_count":0,"_bbp_voice_count":0,"_bbp_anonymous_reply_count":0,"_bbp_topic_count_hidden":0,"_bbp_reply_count_hidden":0,"_bbp_forum_subforum_count":0,"footnotes":""},"categories":[1,29],"tags":[],"class_list":["post-6532","post","type-post","status-publish","format-standard","has-post-thumbnail","hentry","category-general","category-portada"],"post_mailing_queue_ids":[],"_links":{"self":[{"href":"https:\/\/agora.xtec.cat\/colsagradafamilia-larapita\/wp-json\/wp\/v2\/posts\/6532","targetHints":{"allow":["GET"]}}],"collection":[{"href":"https:\/\/agora.xtec.cat\/colsagradafamilia-larapita\/wp-json\/wp\/v2\/posts"}],"about":[{"href":"https:\/\/agora.xtec.cat\/colsagradafamilia-larapita\/wp-json\/wp\/v2\/types\/post"}],"author":[{"embeddable":true,"href":"https:\/\/agora.xtec.cat\/colsagradafamilia-larapita\/wp-json\/wp\/v2\/users\/1"}],"replies":[{"embeddable":true,"href":"https:\/\/agora.xtec.cat\/colsagradafamilia-larapita\/wp-json\/wp\/v2\/comments?post=6532"}],"version-history":[{"count":1,"href":"https:\/\/agora.xtec.cat\/colsagradafamilia-larapita\/wp-json\/wp\/v2\/posts\/6532\/revisions"}],"predecessor-version":[{"id":6536,"href":"https:\/\/agora.xtec.cat\/colsagradafamilia-larapita\/wp-json\/wp\/v2\/posts\/6532\/revisions\/6536"}],"wp:featuredmedia":[{"embeddable":true,"href":"https:\/\/agora.xtec.cat\/colsagradafamilia-larapita\/wp-json\/wp\/v2\/media\/6534"}],"wp:attachment":[{"href":"https:\/\/agora.xtec.cat\/colsagradafamilia-larapita\/wp-json\/wp\/v2\/media?parent=6532"}],"wp:term":[{"taxonomy":"category","embeddable":true,"href":"https:\/\/agora.xtec.cat\/colsagradafamilia-larapita\/wp-json\/wp\/v2\/categories?post=6532"},{"taxonomy":"post_tag","embeddable":true,"href":"https:\/\/agora.xtec.cat\/colsagradafamilia-larapita\/wp-json\/wp\/v2\/tags?post=6532"}],"curies":[{"name":"wp","href":"https:\/\/api.w.org\/{rel}","templated":true}]}}