{"id":6332,"date":"2025-03-27T17:14:49","date_gmt":"2025-03-27T16:14:49","guid":{"rendered":"https:\/\/agora.xtec.cat\/colsagradafamilia-larapita\/?p=6332"},"modified":"2025-03-27T17:15:19","modified_gmt":"2025-03-27T16:15:19","slug":"prova-cangur-2025","status":"publish","type":"post","link":"https:\/\/agora.xtec.cat\/colsagradafamilia-larapita\/general\/prova-cangur-2025\/","title":{"rendered":"Prova Cangur 2025"},"content":{"rendered":"<p class=\"\" style=\"text-align: justify;\" data-start=\"145\" data-end=\"415\">El passat 20 de mar\u00e7 90 alumnes del nostre centre van participar en la Prova Cangur 2025, una competici\u00f3 matem\u00e0tica que posa a prova el raonament, la l\u00f2gica i la creativitat dels estudiants. Ha estat una jornada plena de reptes estimulants i un gran ambient de motivaci\u00f3 i companyonia. Aquesta prova, organitzada per la Societat Catalana de Matem\u00e0tiques (SCM), s\u2019ha convertit en un referent en el foment del pensament matem\u00e0tic entre els joves.<\/p>\n<p style=\"text-align: justify;\" data-start=\"145\" data-end=\"415\">A trav\u00e9s dels diferents nivells de la prova, des dels m\u00e9s petits, 5\u00e8 EP,\u00a0 fins als estudiants de cursos superiors, 4t d&#8217;ESO, s\u2019han afrontat reptes que han posat a prova no nom\u00e9s els coneixements matem\u00e0tics, sin\u00f3 tamb\u00e9 l&#8217;enginy i la capacitat de raonament. L\u2019objectiu principal de la Prova Cangur no \u00e9s nom\u00e9s mesurar el nivell matem\u00e0tic dels estudiants, sin\u00f3 tamb\u00e9 fomentar el gust per aquesta disciplina i demostrar que les matem\u00e0tiques poden ser apassionants i divertides. Per aix\u00f2, cada problema plantejat no nom\u00e9s requereix c\u00e0lculs, sin\u00f3 tamb\u00e9 estrat\u00e8gia, imaginaci\u00f3 i una bona dosi de perseveran\u00e7a.<\/p>\n<p class=\"\" style=\"text-align: justify;\" data-start=\"417\" data-end=\"726\">Aix\u00ed per tant, volem donar l&#8217;enhorabona a\u00a0tots els participants pel seu esfor\u00e7 i implicaci\u00f3. Independentment dels resultats, el simple fet d\u2019afrontar aquest repte ja \u00e9s tot un \u00e8xit.<\/p>\n<p class=\"\" style=\"text-align: justify;\" data-start=\"728\" data-end=\"823\">Els resultats oficials es publicaran pr\u00f2ximament.<\/p>\n<p data-start=\"728\" data-end=\"823\"><a href=\"https:\/\/agora.xtec.cat\/colsagradafamilia-larapita\/wp-content\/uploads\/usu1161\/2025\/03\/WhatsApp-Image-2025-03-20-at-10.56.33.jpeg\"><img loading=\"lazy\" decoding=\"async\" class=\"aligncenter wp-image-6333\" src=\"https:\/\/agora.xtec.cat\/colsagradafamilia-larapita\/wp-content\/uploads\/usu1161\/2025\/03\/WhatsApp-Image-2025-03-20-at-10.56.33.jpeg\" alt=\"\" width=\"600\" height=\"800\" srcset=\"https:\/\/agora.xtec.cat\/colsagradafamilia-larapita\/wp-content\/uploads\/usu1161\/2025\/03\/WhatsApp-Image-2025-03-20-at-10.56.33.jpeg 1200w, https:\/\/agora.xtec.cat\/colsagradafamilia-larapita\/wp-content\/uploads\/usu1161\/2025\/03\/WhatsApp-Image-2025-03-20-at-10.56.33-225x300.jpeg 225w, https:\/\/agora.xtec.cat\/colsagradafamilia-larapita\/wp-content\/uploads\/usu1161\/2025\/03\/WhatsApp-Image-2025-03-20-at-10.56.33-768x1024.jpeg 768w, https:\/\/agora.xtec.cat\/colsagradafamilia-larapita\/wp-content\/uploads\/usu1161\/2025\/03\/WhatsApp-Image-2025-03-20-at-10.56.33-1152x1536.jpeg 1152w\" sizes=\"auto, (max-width: 600px) 100vw, 600px\" \/><\/a><\/p>\n<p data-start=\"728\" data-end=\"823\"><a href=\"https:\/\/agora.xtec.cat\/colsagradafamilia-larapita\/wp-content\/uploads\/usu1161\/2025\/03\/WhatsApp-Image-2025-03-22-at-11.14.11.jpeg\"><img loading=\"lazy\" decoding=\"async\" class=\"aligncenter wp-image-6334\" src=\"https:\/\/agora.xtec.cat\/colsagradafamilia-larapita\/wp-content\/uploads\/usu1161\/2025\/03\/WhatsApp-Image-2025-03-22-at-11.14.11.jpeg\" alt=\"\" width=\"600\" height=\"450\" srcset=\"https:\/\/agora.xtec.cat\/colsagradafamilia-larapita\/wp-content\/uploads\/usu1161\/2025\/03\/WhatsApp-Image-2025-03-22-at-11.14.11.jpeg 1600w, https:\/\/agora.xtec.cat\/colsagradafamilia-larapita\/wp-content\/uploads\/usu1161\/2025\/03\/WhatsApp-Image-2025-03-22-at-11.14.11-300x225.jpeg 300w, https:\/\/agora.xtec.cat\/colsagradafamilia-larapita\/wp-content\/uploads\/usu1161\/2025\/03\/WhatsApp-Image-2025-03-22-at-11.14.11-1024x768.jpeg 1024w, https:\/\/agora.xtec.cat\/colsagradafamilia-larapita\/wp-content\/uploads\/usu1161\/2025\/03\/WhatsApp-Image-2025-03-22-at-11.14.11-768x576.jpeg 768w, https:\/\/agora.xtec.cat\/colsagradafamilia-larapita\/wp-content\/uploads\/usu1161\/2025\/03\/WhatsApp-Image-2025-03-22-at-11.14.11-1536x1152.jpeg 1536w, https:\/\/agora.xtec.cat\/colsagradafamilia-larapita\/wp-content\/uploads\/usu1161\/2025\/03\/WhatsApp-Image-2025-03-22-at-11.14.11-200x150.jpeg 200w\" sizes=\"auto, (max-width: 600px) 100vw, 600px\" \/><\/a><\/p>\n<p data-start=\"728\" data-end=\"823\"><a href=\"https:\/\/agora.xtec.cat\/colsagradafamilia-larapita\/wp-content\/uploads\/usu1161\/2025\/03\/WhatsApp-Image-2025-03-22-at-11.14.10.jpeg\"><img loading=\"lazy\" decoding=\"async\" class=\"aligncenter wp-image-6335\" src=\"https:\/\/agora.xtec.cat\/colsagradafamilia-larapita\/wp-content\/uploads\/usu1161\/2025\/03\/WhatsApp-Image-2025-03-22-at-11.14.10.jpeg\" alt=\"\" width=\"600\" height=\"450\" srcset=\"https:\/\/agora.xtec.cat\/colsagradafamilia-larapita\/wp-content\/uploads\/usu1161\/2025\/03\/WhatsApp-Image-2025-03-22-at-11.14.10.jpeg 1600w, https:\/\/agora.xtec.cat\/colsagradafamilia-larapita\/wp-content\/uploads\/usu1161\/2025\/03\/WhatsApp-Image-2025-03-22-at-11.14.10-300x225.jpeg 300w, https:\/\/agora.xtec.cat\/colsagradafamilia-larapita\/wp-content\/uploads\/usu1161\/2025\/03\/WhatsApp-Image-2025-03-22-at-11.14.10-1024x768.jpeg 1024w, https:\/\/agora.xtec.cat\/colsagradafamilia-larapita\/wp-content\/uploads\/usu1161\/2025\/03\/WhatsApp-Image-2025-03-22-at-11.14.10-768x576.jpeg 768w, https:\/\/agora.xtec.cat\/colsagradafamilia-larapita\/wp-content\/uploads\/usu1161\/2025\/03\/WhatsApp-Image-2025-03-22-at-11.14.10-1536x1152.jpeg 1536w, https:\/\/agora.xtec.cat\/colsagradafamilia-larapita\/wp-content\/uploads\/usu1161\/2025\/03\/WhatsApp-Image-2025-03-22-at-11.14.10-200x150.jpeg 200w\" sizes=\"auto, (max-width: 600px) 100vw, 600px\" \/><\/a><\/p>\n","protected":false},"excerpt":{"rendered":"<p>El passat 20 de mar\u00e7 90 alumnes del nostre centre van participar en la Prova Cangur 2025, una competici\u00f3 matem\u00e0tica que posa a prova el raonament, la l\u00f2gica i la creativitat dels estudiants. Ha estat una jornada plena de reptes estimulants i un gran ambient&hellip;  <a href=\"https:\/\/agora.xtec.cat\/colsagradafamilia-larapita\/general\/prova-cangur-2025\/\" title=\"Read Prova Cangur 2025\">Llegeix m\u00e9s\u00bb<\/a><\/p>\n","protected":false},"author":1,"featured_media":6336,"comment_status":"open","ping_status":"closed","sticky":false,"template":"","format":"standard","meta":{"_bbp_topic_count":0,"_bbp_reply_count":0,"_bbp_total_topic_count":0,"_bbp_total_reply_count":0,"_bbp_voice_count":0,"_bbp_anonymous_reply_count":0,"_bbp_topic_count_hidden":0,"_bbp_reply_count_hidden":0,"_bbp_forum_subforum_count":0,"footnotes":""},"categories":[1,29],"tags":[],"class_list":["post-6332","post","type-post","status-publish","format-standard","has-post-thumbnail","hentry","category-general","category-portada"],"post_mailing_queue_ids":[],"_links":{"self":[{"href":"https:\/\/agora.xtec.cat\/colsagradafamilia-larapita\/wp-json\/wp\/v2\/posts\/6332","targetHints":{"allow":["GET"]}}],"collection":[{"href":"https:\/\/agora.xtec.cat\/colsagradafamilia-larapita\/wp-json\/wp\/v2\/posts"}],"about":[{"href":"https:\/\/agora.xtec.cat\/colsagradafamilia-larapita\/wp-json\/wp\/v2\/types\/post"}],"author":[{"embeddable":true,"href":"https:\/\/agora.xtec.cat\/colsagradafamilia-larapita\/wp-json\/wp\/v2\/users\/1"}],"replies":[{"embeddable":true,"href":"https:\/\/agora.xtec.cat\/colsagradafamilia-larapita\/wp-json\/wp\/v2\/comments?post=6332"}],"version-history":[{"count":2,"href":"https:\/\/agora.xtec.cat\/colsagradafamilia-larapita\/wp-json\/wp\/v2\/posts\/6332\/revisions"}],"predecessor-version":[{"id":6338,"href":"https:\/\/agora.xtec.cat\/colsagradafamilia-larapita\/wp-json\/wp\/v2\/posts\/6332\/revisions\/6338"}],"wp:featuredmedia":[{"embeddable":true,"href":"https:\/\/agora.xtec.cat\/colsagradafamilia-larapita\/wp-json\/wp\/v2\/media\/6336"}],"wp:attachment":[{"href":"https:\/\/agora.xtec.cat\/colsagradafamilia-larapita\/wp-json\/wp\/v2\/media?parent=6332"}],"wp:term":[{"taxonomy":"category","embeddable":true,"href":"https:\/\/agora.xtec.cat\/colsagradafamilia-larapita\/wp-json\/wp\/v2\/categories?post=6332"},{"taxonomy":"post_tag","embeddable":true,"href":"https:\/\/agora.xtec.cat\/colsagradafamilia-larapita\/wp-json\/wp\/v2\/tags?post=6332"}],"curies":[{"name":"wp","href":"https:\/\/api.w.org\/{rel}","templated":true}]}}