{"id":6049,"date":"2025-01-14T17:22:10","date_gmt":"2025-01-14T16:22:10","guid":{"rendered":"https:\/\/agora.xtec.cat\/colsagradafamilia-larapita\/?p=6049"},"modified":"2025-01-14T17:30:19","modified_gmt":"2025-01-14T16:30:19","slug":"premi-de-contes-domingo-riba","status":"publish","type":"post","link":"https:\/\/agora.xtec.cat\/colsagradafamilia-larapita\/general\/premi-de-contes-domingo-riba\/","title":{"rendered":"Premi de contes Domingo Riba"},"content":{"rendered":"<p style=\"text-align: justify;\">El passat 19 de desembre es van fer p\u00fablics els guanyadors del Premi de contes Domingo Riba, concurs de redacci\u00f3 organitzat per la regidoria de cultura de la nostra poblaci\u00f3. Del nostre centre, una alumna de 4t d\u2019ESO ha estat la guanyadora de la categoria juvenil i una de 5\u00e8 ha obtingut un acc\u00e8ssit en la categoria infantil.<br \/>\nEn les bases del concurs s\u2019especifica que el text ha de contenir alguna refer\u00e8ncia als valors que s\u00f3n transmesos a trav\u00e9s de l\u2019escola o el m\u00f3n de l\u2019ensenyament. La nostra alumna de 4t d\u2019ESO va participar al concurs amb un relat titulat \u201cPoetes en silenci\u201d, la protagonista del qual descobreix i apr\u00e8n a estimar la literatura gr\u00e0cies a la dedicaci\u00f3 del seu professor. L\u2019alumna de 5\u00e8 va presentar una narraci\u00f3 titulada \u201cAfrontar les coses\u201d. El text narra la hist\u00f2ria d\u2019una nena que viu una trag\u00e8dia familiar que la deixa \u00f2rfena. De sobte, es troba residint en un orfenat, trista, deprimida i vivint el dia a dia des de la negativitat i la frustraci\u00f3. All\u00ed coneix una professora que li canvia la vida, ja que gr\u00e0cies a ella apr\u00e8n a veure la vida d\u2019una altra manera i a afrontar els reptes de la vida.<br \/>\nAmbd\u00f3s relats evidencien valors com l\u2019acompanyament, l\u2019escolta, el respecte, l\u2019esfor\u00e7 o la perseveran\u00e7a, valors que podem considerar pilars fonamentals de la conviv\u00e8ncia en comunitat. Des de l\u2019escola intentem transmetre aquests i molts altres valors i \u00e9s una gran satisfacci\u00f3 per a nosaltres que dues alumnes del nostre col\u00b7legi hagin estat premiades. ENHORABONA A LES DUES!!!<\/p>\n<p style=\"text-align: center;\"><a href=\"https:\/\/agora.xtec.cat\/colsagradafamilia-larapita\/wp-content\/uploads\/usu1161\/2024\/12\/Concurs-Domingo-Riba.jpg\"><img loading=\"lazy\" decoding=\"async\" class=\"aligncenter size-full wp-image-6050\" src=\"https:\/\/agora.xtec.cat\/colsagradafamilia-larapita\/wp-content\/uploads\/usu1161\/2024\/12\/Concurs-Domingo-Riba.jpg\" alt=\"\" width=\"550\" height=\"978\" \/><\/a><\/p>\n","protected":false},"excerpt":{"rendered":"<p>El passat 19 de desembre es van fer p\u00fablics els guanyadors del Premi de contes Domingo Riba, concurs de redacci\u00f3 organitzat per la regidoria de cultura de la nostra poblaci\u00f3. Del nostre centre, una alumna de 4t d\u2019ESO ha estat la guanyadora de la categoria&hellip;  <a href=\"https:\/\/agora.xtec.cat\/colsagradafamilia-larapita\/general\/premi-de-contes-domingo-riba\/\" title=\"Read Premi de contes Domingo Riba\">Llegeix m\u00e9s\u00bb<\/a><\/p>\n","protected":false},"author":1,"featured_media":6050,"comment_status":"open","ping_status":"closed","sticky":false,"template":"","format":"standard","meta":{"_bbp_topic_count":0,"_bbp_reply_count":0,"_bbp_total_topic_count":0,"_bbp_total_reply_count":0,"_bbp_voice_count":0,"_bbp_anonymous_reply_count":0,"_bbp_topic_count_hidden":0,"_bbp_reply_count_hidden":0,"_bbp_forum_subforum_count":0,"footnotes":""},"categories":[1,29],"tags":[],"class_list":["post-6049","post","type-post","status-publish","format-standard","has-post-thumbnail","hentry","category-general","category-portada"],"post_mailing_queue_ids":[],"_links":{"self":[{"href":"https:\/\/agora.xtec.cat\/colsagradafamilia-larapita\/wp-json\/wp\/v2\/posts\/6049","targetHints":{"allow":["GET"]}}],"collection":[{"href":"https:\/\/agora.xtec.cat\/colsagradafamilia-larapita\/wp-json\/wp\/v2\/posts"}],"about":[{"href":"https:\/\/agora.xtec.cat\/colsagradafamilia-larapita\/wp-json\/wp\/v2\/types\/post"}],"author":[{"embeddable":true,"href":"https:\/\/agora.xtec.cat\/colsagradafamilia-larapita\/wp-json\/wp\/v2\/users\/1"}],"replies":[{"embeddable":true,"href":"https:\/\/agora.xtec.cat\/colsagradafamilia-larapita\/wp-json\/wp\/v2\/comments?post=6049"}],"version-history":[{"count":3,"href":"https:\/\/agora.xtec.cat\/colsagradafamilia-larapita\/wp-json\/wp\/v2\/posts\/6049\/revisions"}],"predecessor-version":[{"id":6077,"href":"https:\/\/agora.xtec.cat\/colsagradafamilia-larapita\/wp-json\/wp\/v2\/posts\/6049\/revisions\/6077"}],"wp:featuredmedia":[{"embeddable":true,"href":"https:\/\/agora.xtec.cat\/colsagradafamilia-larapita\/wp-json\/wp\/v2\/media\/6050"}],"wp:attachment":[{"href":"https:\/\/agora.xtec.cat\/colsagradafamilia-larapita\/wp-json\/wp\/v2\/media?parent=6049"}],"wp:term":[{"taxonomy":"category","embeddable":true,"href":"https:\/\/agora.xtec.cat\/colsagradafamilia-larapita\/wp-json\/wp\/v2\/categories?post=6049"},{"taxonomy":"post_tag","embeddable":true,"href":"https:\/\/agora.xtec.cat\/colsagradafamilia-larapita\/wp-json\/wp\/v2\/tags?post=6049"}],"curies":[{"name":"wp","href":"https:\/\/api.w.org\/{rel}","templated":true}]}}